{"id":1327,"date":"2013-03-16T08:37:44","date_gmt":"2013-03-16T08:37:44","guid":{"rendered":"http:\/\/edebiyyat-az.com\/?p=1327"},"modified":"2013-11-01T04:28:02","modified_gmt":"2013-11-01T04:28:02","slug":"gulten-ertukden-muhtesem-siir","status":"publish","type":"post","link":"http:\/\/edebiyyat-az.com\/?p=1327","title":{"rendered":"G\u00fclten ERT\u00dcRK (G\u00fclten Sultan) ( T\u00fcrkiye, Beypazar\u0131).Muhte\u015fem \u015fiirler"},"content":{"rendered":"<p><a href=\"http:\/\/edebiyyat-az.com\/wp-content\/uploads\/2013\/03\/Gulten-ERTURK7.jpg\"><img loading=\"lazy\" decoding=\"async\" src=\"http:\/\/edebiyyat-az.com\/wp-content\/uploads\/2013\/03\/Gulten-ERTURK7.jpg\" alt=\"\" title=\"Gulten ERTURK\" width=\"300\" height=\"300\" class=\"aligncenter size-full wp-image-1322\" \/><\/a><\/p>\n<p>G\u00fclten Sultan mahlasl\u0131 \u015eairimiz G\u00fclten Ert\u00fcrk Beypazar\u0131 Belediyesinin 8 Mart D\u00fcnya Kad\u0131nlar G\u00fcn\u00fc program\u0131na kat\u0131ld\u0131. Program\u0131n sunucu\u011funu yapan ERT\u00dcRK, T\u00fcrk kad\u0131n\u0131n\u0131n her alanda ba\u015far\u0131l\u0131 olabilece\u011fini kan\u0131tlayan \u00e7al\u0131\u015fmalar\u0131ndan dolay\u0131, Beypazar\u0131 Belediyesi taraf\u0131ndan \u00f6d\u00fcle lay\u0131k g\u00f6r\u00fclm\u00fc\u015ft\u00fcr. 11Mart 2013de Beypazar\u0131 \u00f6\u011fretmenevinde yap\u0131lan t\u00f6rene Beypazar\u0131 d\u0131\u015f\u0131ndan Aile Ve Sosyal Politikalar Bakanl\u0131\u011f\u0131 Bakan Yard\u0131mc\u0131s\u0131 Do\u00e7.Dr. A\u015fk\u0131n Asan, S.O.S. Vakf\u0131 Onursal Ba\u015fkan\u0131 ve Ankara B\u00fcy\u00fck\u015fehir Belediye Ba\u015fkan\u0131 \u0130.Melih G\u00f6k\u00e7ek\u2019in e\u015fi Nevin G\u00f6k\u00e7ek, T\u00fcrkiye g\u00fc\u00e7s\u00fczleri ve Kimsesizleri Vakf\u0131 ba\u015fkan\u0131 G\u00fclgen Dural gibi isimler kat\u0131lm\u0131\u015ft\u0131r. Harflerin Dans\u0131 kitab\u0131 ile T\u00fcrk Edebiyat\u0131nda ve d\u00fcnyada da bir ilke imza atan G\u00fclten Ert\u00fcrk \u00d6d\u00fcl\u00fcn\u00fc Beypazar\u0131 Belediye Ba\u015fkan\u0131 Cengiz \u00d6zalp\u2019\u0131n e\u015fi Hamida \u00d6zalp\u2019tan alm\u0131\u015ft\u0131r. Kad\u0131nlar g\u00fcn\u00fc ile ilgili yazd\u0131\u011f\u0131 &#8220;Biz Kad\u0131nlar&#8221; \u015fiiri b\u00fcy\u00fck ilgi toplam\u0131\u015ft\u0131r. <\/p>\n<p> B\u0130Z KADINLAR<\/p>\n<p> Allah l\u00fctfeylemi\u015f ad\u0131m\u0131z han\u0131m<br \/>\n D\u00f6rt mevsim bal yapan ar\u0131 gibiiz<br \/>\n Bizi anlatmaya yetmez bir tan\u0131m<br \/>\n Cennet bah\u00e7esinde huri gibiyiz<\/p>\n<p> Yol ettik k\u0131bleyi sevgiden yana<br \/>\n Damladan deryaya can olduk cana<br \/>\n Bebe\u011fin dilinde ilk s\u00f6zc\u00fck ana<br \/>\n Y\u0131k\u0131lmaz kalenin suru gibiyiz<\/p>\n<p> U\u011frumuza \u00e7etin da\u011flar delindi<br \/>\n Tarihler yaz\u0131ld\u0131 tarih silindi<br \/>\n Sevdam\u0131za d\u00fc\u015fen mecnun bilindi<br \/>\n Dermans\u0131z dizlerin feri gibiyiz<\/p>\n<p> Bizlerle sevdaya doyar k\u00e2inat<br \/>\n Bizim i\u00e7in \u015fark\u0131 \u015fiir serenat<br \/>\n Alt\u0131na g\u00fcm\u00fc\u015fe z\u00fcmr\u00fcde inat<br \/>\n D\u00fcnyan\u0131n en g\u00fczel var\u0131 gibiyiz<\/p>\n<p> Sevgi yuvas\u0131na biziz amade<br \/>\n Dudaktan d\u00f6k\u00fclen her bir s\u00f6z bade<br \/>\n Bir y\u00fcrek ta\u015f\u0131r\u0131z beyazdan sade<br \/>\n Yol ge\u00e7memi\u015f da\u011f\u0131n kar\u0131 gibiyiz<\/p>\n<p> \u00c7i\u00e7ekler i\u00e7inde gonca g\u00fcl gibi<br \/>\n \u0130nceyiz, zarifiz, narin t\u00fcl gibi<br \/>\n K\u0131r\u0131l\u0131rsak g\u00f6zde ya\u015flar sel gibi<br \/>\n Hi\u00e7 \u00e7\u00f6z\u00fcmlenmemi\u015f soru gibiyiz<\/p>\n<p> G\u00fclten sultan der ki; s\u00f6z\u00fcm\u00fcz \u00f6zde<br \/>\n Her kad\u0131n erlerin g\u00f6z\u00fcnde g\u00f6zde<br \/>\n Dertler s\u0131k\u0131nt\u0131lar da\u011flan\u0131r k\u00f6zde<br \/>\n Sevda ate\u015finin koru gibiyiz<\/p>\n<p>\u00c7ANAKKALE\u2019M<br \/>\nAyd\u0131nlat\u0131yor nuru ge\u00e7mi\u015ften gelece\u011fi<br \/>\nSon nefesi verirken Kevser\u2019di i\u00e7ece\u011fi<br \/>\nMehmet toprak \u00fcst\u00fcnde bir gelincik \u00e7i\u00e7e\u011fi<br \/>\nK\u0131yamam \u00c7anakkale\u2019m topra\u011f\u0131na basmaya<\/p>\n<p>Her oca\u011f\u0131n burada hem o\u011flu hem k\u0131z\u0131 var<br \/>\n\u015eehit annelerinin g\u00f6zya\u015f\u0131nda tuzu var<br \/>\nAd\u0131m att\u0131\u011f\u0131m yerde Mehmet\u2019imin izi var<br \/>\nK\u0131yamam \u00c7anakkale\u2019m topra\u011f\u0131na basmaya<\/p>\n<p>Y\u00fcz binler yitirmi\u015fiz zalim d\u00fc\u015fman y\u00fcz\u00fcnden<br \/>\nKimi Fiz an\u2019dan gelmi\u015f garez etmi\u015f i\u00e7inden<br \/>\nYedi d\u00fcvel ba\u015f e\u011fmi\u015f T\u00fcrk\u2019\u00fcn asil g\u00fcc\u00fcnden<br \/>\nK\u0131yamam \u00c7anakkale\u2019m topra\u011f\u0131na basmaya<\/p>\n<p>Denizden karas\u0131na besmelesiz \u00e7\u0131k\u0131lmaz<br \/>\nKar\u015f\u0131l\u0131kl\u0131 dizilmi\u015f kaleleri y\u0131k\u0131lmaz<br \/>\nK\u0131nal\u0131 kuzulara bo\u015fa a\u011f\u0131t yak\u0131lmaz<br \/>\nK\u0131yamam \u00c7anakkale\u2019m topra\u011f\u0131na basmaya<\/p>\n<p>\u00d6yle bir destans\u0131n ki tarihin \u015fanla dolu<br \/>\nAdeta ba\u015ftanba\u015fa t\u00fcm bo\u011faz kanla dolu<br \/>\nG\u00fclten Sultan\u2019\u0131n g\u00f6nl\u00fc ya\u015fanm\u0131\u015f anla dolu<br \/>\nK\u0131yamam \u00c7anakkale\u2019m topra\u011f\u0131na basmaya<\/p>\n","protected":false},"excerpt":{"rendered":"<p>G\u00fclten Sultan mahlasl\u0131 \u015eairimiz G\u00fclten Ert\u00fcrk Beypazar\u0131 Belediyesinin 8 Mart D\u00fcnya Kad\u0131nlar G\u00fcn\u00fc program\u0131na kat\u0131ld\u0131. Program\u0131n sunucu\u011funu yapan ERT\u00dcRK, T\u00fcrk kad\u0131n\u0131n\u0131n her alanda ba\u015far\u0131l\u0131 olabilece\u011fini kan\u0131tlayan \u00e7al\u0131\u015fmalar\u0131ndan dolay\u0131, Beypazar\u0131 Belediyesi taraf\u0131ndan \u00f6d\u00fcle lay\u0131k g\u00f6r\u00fclm\u00fc\u015ft\u00fcr. 11Mart 2013de Beypazar\u0131 \u00f6\u011fretmenevinde yap\u0131lan t\u00f6rene Beypazar\u0131 d\u0131\u015f\u0131ndan Aile Ve Sosyal Politikalar Bakanl\u0131\u011f\u0131 Bakan Yard\u0131mc\u0131s\u0131 Do\u00e7.Dr. A\u015fk\u0131n Asan, S.O.S. Vakf\u0131 Onursal [&hellip;]<\/p>\n","protected":false},"author":1,"featured_media":0,"comment_status":"open","ping_status":"open","sticky":false,"template":"","format":"standard","meta":{"footnotes":""},"categories":[7],"tags":[],"class_list":["post-1327","post","type-post","status-publish","format-standard","hentry","category-turkiy-dbiyyati"],"_links":{"self":[{"href":"http:\/\/edebiyyat-az.com\/index.php?rest_route=\/wp\/v2\/posts\/1327","targetHints":{"allow":["GET"]}}],"collection":[{"href":"http:\/\/edebiyyat-az.com\/index.php?rest_route=\/wp\/v2\/posts"}],"about":[{"href":"http:\/\/edebiyyat-az.com\/index.php?rest_route=\/wp\/v2\/types\/post"}],"author":[{"embeddable":true,"href":"http:\/\/edebiyyat-az.com\/index.php?rest_route=\/wp\/v2\/users\/1"}],"replies":[{"embeddable":true,"href":"http:\/\/edebiyyat-az.com\/index.php?rest_route=%2Fwp%2Fv2%2Fcomments&post=1327"}],"version-history":[{"count":10,"href":"http:\/\/edebiyyat-az.com\/index.php?rest_route=\/wp\/v2\/posts\/1327\/revisions"}],"predecessor-version":[{"id":1329,"href":"http:\/\/edebiyyat-az.com\/index.php?rest_route=\/wp\/v2\/posts\/1327\/revisions\/1329"}],"wp:attachment":[{"href":"http:\/\/edebiyyat-az.com\/index.php?rest_route=%2Fwp%2Fv2%2Fmedia&parent=1327"}],"wp:term":[{"taxonomy":"category","embeddable":true,"href":"http:\/\/edebiyyat-az.com\/index.php?rest_route=%2Fwp%2Fv2%2Fcategories&post=1327"},{"taxonomy":"post_tag","embeddable":true,"href":"http:\/\/edebiyyat-az.com\/index.php?rest_route=%2Fwp%2Fv2%2Ftags&post=1327"}],"curies":[{"name":"wp","href":"https:\/\/api.w.org\/{rel}","templated":true}]}}