{"id":1416,"date":"2013-03-19T05:24:58","date_gmt":"2013-03-19T05:24:58","guid":{"rendered":"http:\/\/edebiyyat-az.com\/?p=1416"},"modified":"2013-11-01T04:27:59","modified_gmt":"2013-11-01T04:27:59","slug":"hasan-akar-turkiye-tokat-dergi-dedigin-boyle-olur-makale","status":"publish","type":"post","link":"http:\/\/edebiyyat-az.com\/?p=1416","title":{"rendered":"Hasan AKAR ( T\u00fcrkiye, Tokat) DERG\u0130 DED\u0130\u011e\u0130N B\u00d6YLE OLUR (Makale)"},"content":{"rendered":"<p><a href=\"http:\/\/edebiyyat-az.com\/wp-content\/uploads\/2013\/03\/Kapak-27-285.jpg\"><img loading=\"lazy\" decoding=\"async\" src=\"http:\/\/edebiyyat-az.com\/wp-content\/uploads\/2013\/03\/Kapak-27-285-209x300.jpg\" alt=\"\" title=\"Kapak-27-28\" width=\"209\" height=\"300\" class=\"aligncenter size-medium wp-image-1422\" \/><\/a><\/p>\n<p>DERG\u0130 DED\u0130\u011e\u0130N B\u00d6YLE OLUR<br \/>\nTOKAT \u015eA\u0130RLER VE YAZARLAR DERNE\u011e\u0130 B\u00dcNYES\u0130NDE YAYINLANAN K\u00dcMBET DERG\u0130S\u0130 \u201cCEMAL SAF\u0130 \u00d6ZEL SAYISI\u201dYLA OKUYUCULARLA BULU\u015eTU<br \/>\n                                                                                                                 Hasan AKAR<br \/>\nT\u00fcrk k\u00fclt\u00fcr ve sanat\u0131n\u0131n kaliteli dergilerinden biri olan Tokat \u015eairler ve Yazarlar Derne\u011fi b\u00fcnyesinde yay\u0131nlanan K\u00dcMBET DERG\u0130S\u0130 Cemal Safi \u00d6zel Say\u0131s\u0131yla ba\u015far\u0131l\u0131 bir \u015fekilde yoluna devam ediyor.<br \/>\nG\u00fcn\u00fcm\u00fczde \u00f6zellikle ta\u015frada dergi \u00e7\u0131karmak d\u0131\u015far\u0131dan g\u00f6r\u00fcnd\u00fc\u011f\u00fc gibi kolay de\u011fil. Dergi \u00e7\u0131karmak \u00f6zveri istiyor, y\u00fcrek istiyor. Bazen size uzat\u0131lan baz\u0131 \u00e7evre ya da \u015fah\u0131slara \u00f6zg\u00fc \u00e7\u0131kan dergilere  g\u00f6n\u00fcll\u00fc g\u00f6n\u00fcls\u00fcz  bakars\u0131n\u0131z. Utanma belas\u0131na sayg\u0131 g\u00f6sterip sessizce al\u0131rs\u0131n\u0131z. Son y\u0131llar\u0131n tekni\u011fini olumsuz y\u00f6nde kullananlar da ba\u015fka bir mesele. Kopyala, yap\u0131\u015ft\u0131r sonra korsan bir yay\u0131n gibi vatanda\u015f\u0131n eline rahatl\u0131kla tutu\u015ftur.,al sana bir dergi.<br \/>\n\u00c7ok \u015f\u00fck\u00fcr \u00f6yle olmad\u0131k. Dergi \u00e7\u0131karman\u0131n k\u00fclt\u00fcr\u00fcm\u00fczde daima bir m\u00fctevaz\u0131l\u0131k i\u00e7inde olmas\u0131n\u0131 gerekti\u011fini savunduk. Benlik, ba\u015f olma gibi yak\u0131\u015f\u0131ks\u0131z duygulara kap\u0131lmad\u0131k.<br \/>\nTokat \u015eairler ve Yazarlar Derne\u011fi 2006 y\u0131l\u0131nda kurulduktan sonra daha \u00f6ncesinde yay\u0131nlanan K\u00dcMBET Dergisini de b\u00fcnyesine alma karar\u0131 vermi\u015fti. Sahipli\u011fini E\u011fitimci-Yazar Muhsin Demirci, Edit\u00f6rl\u00fc\u011f\u00fcn\u00fc TO\u015eAYAD Ba\u015fkan\u0131 Remzi Zengin, Genel Yay\u0131n Y\u00f6netmenli\u011fini E\u011fitimci-Yazar Hasan Akar\u2019\u0131n yapt\u0131\u011f\u0131 dergide 2013 y\u0131l\u0131nda olduk\u00e7a \u00f6nemli yenilikler g\u00f6ze \u00e7arp\u0131yor. 27-28.say\u0131s\u0131 birlikte \u00e7\u0131kan dergi, 130 sahifelik hacmi, renkli ofset ve ku\u015fe k\u00e2\u011f\u0131da bas\u0131m\u0131 ile g\u00f6z dolduruyor.<br \/>\nDi\u011fer bir geli\u015fme ise derginin 2013 y\u0131l\u0131ndan itibaren Ankara \u00dcniversitesi\u2019nden Prof. Dr. Nurullah \u00c7etin, Ankara Y\u0131ld\u0131r\u0131m Beyaz\u0131t \u00dcniversitesi\u2019nden Prof. Dr. Ertu\u011frul Yaman, Mu\u011fla S\u0131tk\u0131 Ko\u00e7man \u00dcniversitesi\u2019nden Prof. Dr. Ali Akar, Tokat Gaziosmanpa\u015fa \u00dcniversitesi\u2019nden Yard. Do\u00e7. Dr. Alpaslan Demir, Ankara Y\u0131ld\u0131r\u0131m Beyaz\u0131t \u00dcniversitesi\u2019nden Do\u00e7. Dr. \u0130srafil Babacan\u2019dan olu\u015fan sayg\u0131n bir akademik heyet koordinesinde Hakemli dergi h\u00fcviyeti kazanmas\u0131.<br \/>\nDerginin kapak konusu T\u00fcrk \u015fiirinin de\u011ferli \u00fcstad\u0131 \u015eair Cemal Safi\u2019ye ayr\u0131lm\u0131\u015f. Bu say\u0131 \u00f6ncesi Tokat \u015eairler ve Yazarlar Derne\u011fi Aral\u0131k 2013 \u2018de \u00fclkemizin tan\u0131nm\u0131\u015f baz\u0131 \u015fairleriyle bulu\u015farak, Cemal Safi ile de Ankara\u2019da kendi evinde bir r\u00f6portaj ger\u00e7ekle\u015ftirmi\u015f, kamera kayd\u0131 alm\u0131\u015ft\u0131.<br \/>\nDerginin Edit\u00f6r yaz\u0131s\u0131nda Tokat \u015eairler ve Yazarla Derne\u011fi Ba\u015fkan\u0131 Remzi Zengin, 2012 y\u0131l\u0131nda yap\u0131lan etkinliklerin genel bir de\u011ferlendirmesini yaparak bu \u00e7al\u0131\u015fmalara ve dergiye katk\u0131da bulunan m\u00fcesseselere ve \u015fahsiyetler te\u015fekk\u00fcr dileklerini sunmu\u015f.<br \/>\nCemal Safi ile ilgili dosyay\u0131 E\u011fitimci-Yazar Mahmut Hasg\u00fcl olduk\u00e7a farkl\u0131 bir bak\u0131\u015f a\u00e7\u0131s\u0131yla 6-15. sahifeler aras\u0131nda kaleme alm\u0131\u015f. Bu yaz\u0131y\u0131 Ba\u015fbakanl\u0131k Devlet Ar\u015fivleri Genel M\u00fcd\u00fcrl\u00fc\u011f\u00fc Uzmanlar\u0131ndan Bekir Ye\u011fnidemir\u2019in \u201cMehmet Akif Ersoy\u2019un \u015eiirlerinde \u00c7ocuk Aile ve Toplumsal Hassasiyet\u201d yaz\u0131s\u0131 takip ediyor. T\u00fcrk Halk \u015eirinin \u00fcstatlar\u0131ndan \u015eeref Ta\u015fl\u0131ova\u2019n\u0131n k\u0131z\u0131 \u00dclk\u00fc Ta\u015fl\u0131ova da\u201d Babam \u015eeref Ta\u015fl\u0131ova\u201d makalesiyle bir halk a\u015f\u0131\u011f\u0131n\u0131, babas\u0131n\u0131 k\u00fclt\u00fcr severlere tan\u0131tmaya \u00e7al\u0131\u015fm\u0131\u015f.<br \/>\nMu\u011fla S\u0131tk\u0131 Ko\u00e7man \u00dcniversitesi T\u00fcrk Dili ve Edebiyat\u0131 \u00d6\u011fretim \u00dcyesi Prof. Dr. Ali Akar Denizli Pamukkale \u00dcniversitesi\u2019nde kat\u0131ld\u0131\u011f\u0131 sempozyumu \u201c5.T\u00fcrk Dili Sempozyumunun Ard\u0131ndan\u201d konulu yaz\u0131s\u0131yla T\u00fcrk Dilinin zenginli\u011fini bir kez daha ortaya koyuyor. Kapadokya \u015eairler ve Yazarlar Derne\u011fi Ba\u015fkan\u0131 Ay\u015fe Paslanmaz Azerbaycan\u2019a yapm\u0131\u015f oldu\u011fu gezinin izlenimlerini \u201dBen Azerbaycan\u2019\u0131 Y\u00fcre\u011fime \u0130li\u015ftirilmi\u015f Bir K\u0131rm\u0131z\u0131 Karanfil Gibi Ta\u015f\u0131yaca\u011f\u0131m\u201d yaz\u0131s\u0131yla kaleme alm\u0131\u015f. \u0130stanbul Radyosu Ba\u015f Teknisyeni Dursun Ta\u015fdelen ise \u00fclkemizin yeti\u015ftirdi\u011fi \u00fcnl\u00fc bir kaval ustas\u0131, \u201dTokat Hayati, Para Necati\u201d telgraf\u0131yla zihinlerde yer edinen Necati Ba\u015fara\u2019y\u0131 \u201dSanat\u00e7\u0131-M\u00fczisyen Necati Ba\u015fara\u201d ara\u015ft\u0131rmas\u0131yla bir vefa borcu olarak kar\u015f\u0131m\u0131za getiriyor.<br \/>\n\u015eair-Yazar \u0130smet Bora Binatl\u0131 yine bir \u015fair dostu Abdullah Sato\u011flu i\u00e7in Kayseri\u2019de yap\u0131lan etkinli\u011fi \u201dKayseri\u2019de Ger\u00e7ekle\u015ftirilen Muhte\u015fem Bir Vefa Gecesi\u201d yaz\u0131s\u0131yla dillendirirken, TO\u015eAYAD Ba\u015fkan\u0131 Remzi Zengin 6-9 Aral\u0131k 2012 tarihleri aras\u0131nda M\u0131s\u0131r\u2019a yapt\u0131\u011f\u0131 gezi s\u0131ras\u0131nda Mehmet Akif Ersoy\u2019un ikamet etti\u011fi \u015fehirle ilgili izlenimlerini \u201dAkif\u2019in \u0130zinde M\u0131s\u0131r\u201d makalesiyle bizlere aktar\u0131yor.<br \/>\n\u0130LESAM Tokat Temsilcisi E\u011fitimci-Yazar Hasan Akar kat\u0131ld\u0131\u011f\u0131 Kapadokya \u015eiir \u015e\u00f6lenlerini \u201c7.Uluslararas\u0131 Kapadokya \u015eiir \u015e\u00f6leni\u201d yaz\u0131s\u0131yla de\u011ferlendirirken, Sivas \u015eairler ve Yazarlar Derne\u011fi\u2019nden \u015eair-Yazar Sabiha Serin \u201cSivas Y\u00f6resinde Okuyucu Gezme Gelene\u011fi\u201d \u00fczerine kapsaml\u0131 bir yaz\u0131s\u0131yla Ara\u015ft\u0131rmac\u0131 Sabiha Tansu\u011f\u2019u aratm\u0131yor. E\u011fitimci-Yazar Levent Konyar, bu y\u0131l \u00fclkemizde konferanslara konu olan Balkanlar\u0131, yap\u0131lan ac\u0131 g\u00f6\u00e7leri \u201c100.Y\u0131l\u0131nda Balkanlarda M\u00fcsl\u00fcman T\u00fcrk Katliam\u0131\u201d yaz\u0131s\u0131yla dramatik bir \u015fekilde g\u00f6zler \u00f6n\u00fcne seriyor.<br \/>\nT.D.K.Uzmanlar\u0131ndan Nevin Balta \u201cYunus Emre\u2019nin Makamlar\u0131 Ve Mezar Yeri\u201d makalesi ile bu alanda olduk\u00e7a de\u011ferli yeni bir \u00e7al\u0131\u015fman\u0131n varl\u0131\u011f\u0131n\u0131 ortaya koyuyor. E\u011fitimci-Yazar Yal\u00e7\u0131n \u00dcnl\u00fc bu y\u0131l kaybetti\u011fimiz T\u00fcrk D\u00fcnyas\u0131 Ara\u015ft\u0131rmalar Vakf\u0131 Ba\u015fkan\u0131 Turan Yazgan Hocam\u0131z\u0131 \u201cBir Turan Efsanesi Turan Yazgan\u201d konulu makalesiyle efsanele\u015ftiriyor. E\u011fitimci \u2013Yazar Abd\u00fclkadir T\u00fcrk her zaman oldu\u011fu gibi farkl\u0131 bir ele\u015ftiriyi televizyonlarda izlenen dizileri \u201cMuhte\u015fem(!) Tart\u0131\u015fmalar\u201d ba\u015fl\u0131kl\u0131 yaz\u0131s\u0131yla g\u00fcndeme getiriyor.<br \/>\nBa\u015fbakanl\u0131 k Devlet Ar\u015fivleri Genel M\u00fcd\u00fcrl\u00fc\u011f\u00fc Uzmanlar\u0131ndan Atilla AYDIN \u201cHarf \u0130nk\u0131lab\u0131 Sonras\u0131 Tokat\u2019ta A\u00e7\u0131lan Millet Mektepleri\u201d yaz\u0131s\u0131n\u0131 ar\u015fiv belgelerine dayand\u0131rarak \u00f6zetliyor. Dergimiz yaz\u0131 ailesine yeniden kat\u0131lan M. Halistin Kukul, unutulmaya ba\u015flayan Necip Faz\u0131l\u2019\u0131 \u201cSon \u015eairler Sultan\u0131 Necip Faz\u0131l\u201d yaz\u0131s\u0131yla bir vefay\u0131 ortaya koyarak onun unutulacak bir \u00fcstat olmad\u0131\u011f\u0131n\u0131 ispat ediyor. Ankara\u2019dan \u015eair Murat Duman \u201cNeresinde Hik\u00e2yesi\u201d  konulu yaz\u0131s\u0131nda \u015eair Ahmet Tufan \u015eent\u00fcrk\u2019le ilgili hat\u0131ralarla ge\u00e7mi\u015fi payla\u015f\u0131yor.<br \/>\nOsman Gazi \u00dcniversitesi \u00d6\u011fretim \u00dcyesi Prof. Dr. Tamilla Abbashanl\u0131 \u201cAzerbaycan\u2019dan Mektup Var\u201d makalesinde okuyucular\u0131 T\u00fcrk D\u00fcnyas\u0131nda Azerbaycan\u2019\u0131n g\u00fc\u00e7l\u00fc bir kalemi Sona \u00c7erkez\u2019le tan\u0131\u015ft\u0131r\u0131yor. E\u011fitimci-Yazar Saffet \u00c7akar \u201cFeryat\u201d ba\u015fl\u0131kl\u0131 tarihi hik\u00e2yesinde Sokullu Mehmet Pa\u015fa\u2019y\u0131 ve Tokat \u015eehri\u2019nin o d\u00f6nemdeki askeri \u00f6nemini vurguluyor. GOP \u00dcniversitesi Tarih B\u00f6l\u00fcm\u00fc \u00d6\u011frencisi Neslihan Y\u00fcceda\u011f \u201cEsselamu Aleyk\u00fcm\u201d yaz\u0131s\u0131nda Mevlana ve fikirlerini yans\u0131t\u0131yor. E\u011fitimci-Yazar Muhsin Demirci seri yaz\u0131s\u0131 \u201cKelimelerin Dili (V)\u201dni bu say\u0131da tamaml\u0131yor. Ara\u015ft\u0131rmac\u0131 Erg\u00fcn Veren \u201cTudora Arnaut\u2019un \u00c7evirisi \u0130le \u201cKobzar\u201d ve Taras Grigorovi\u00e7 \u015eevcenko\u201d \u00e7al\u0131\u015fmas\u0131 ile bu alandaki ba\u015far\u0131lar\u0131na bir yenisini ekliyor.<br \/>\nAra\u015ft\u0131rmac\u0131-Yazar M. Necati G\u00fcne\u015f \u201cNiksar\u2019da Bak\u0131rc\u0131l\u0131k ve Kalayc\u0131l\u0131k\u201d konulu yaz\u0131s\u0131yla kaybolan sanatlar\u0131 adeta belgeselle\u015ftiriyor. E\u011fitimci-Yazar Nihat Aymak \u201cMeyyidzade\u201d ba\u015fl\u0131kl\u0131 tarihi yans\u0131tan yaz\u0131s\u0131nda Viyana Bozgununa kat\u0131lan bir yeni\u00e7erinin ailesinin dram\u0131n\u0131 konu ediyor.<br \/>\nDergide \u00fclke i\u00e7inden ve d\u0131\u015f\u0131ndan tan\u0131nm\u0131\u015f \u015fairlerin, g\u00fc\u00e7l\u00fc kalemlerin \u015fiirleri \u00f6zenle yaz\u0131lar\u0131n yan\u0131na yerle\u015ftirilmi\u015f. Bunlar aras\u0131nda; Bahtiyar Vahapzade\u2019nin \u201cAna Dili\u201d, Arif Nihat Asya\u2019n\u0131n \u201cTokad\u0131n K\u0131rklar\u0131\u201d, Orhan Seyfi Orhon\u2019un \u201cDua\u201d, Prof. Dr. Ertu\u011frul Yaman\u2019\u0131n \u201cBosna\u201d,  Leyla Arsal\u2019\u0131n \u201cB\u00fclb\u00fcl\u00fcn G\u00fcle \u015e\u00fcrek\u00e2s\u0131\u201d, Dursun Elmas\u2019\u0131n \u201cBen Neyim\u201d, Bekir Alim\u2019in \u201cSivasl\u0131 Garda\u015f\u201d, Nil\u00fcfer A\u00e7\u0131lan Y\u0131ld\u0131z\u2019\u0131n \u201c\u0130\u00e7 Memleket G\u00f6zc\u00fcleri\u201d  M. Nihat Malko\u00e7\u2019un \u201cD\u00fc\u015f\u00fcmde Annem\u201d, \u00d6mer Ekinci Micingirt\u2019in \u201cKalem K\u0131l\u0131\u00e7\u201d, Cemal Yavuz \u2018un \u201cTokat\u2019ta Sabah Namaz\u0131\u201d, Emin \u00d6zcan\u2019\u0131n  \u201cGazel\u201d, G\u00f6khan G\u00fcne\u015f\u2019in \u201cA\u015fk Mah\u015feri\u201d, Celalettin \u00c7\u0131nar\u2019\u0131n \u201cTa\u00e7l\u0131\u201d, Tu\u011fba K\u00fc\u00e7\u00fck\u2019 \u00fcn \u201c\u015eeb-i Yelda\u201d, G\u00f6ksel \u00c7ak\u0131r\u2019\u0131n \u201cEvimin Kuzey Cephesinde\u201d, Serhat Erta\u015f\u2019\u0131n \u201c\u015eehnaz\u201d, Serhat \u00d6zdo\u011fan\u2019\u0131n \u201cBademlim Benim\u201d, \u0130smail Can Karaku\u015f\u2019un \u201cMutsuz Mutluluklar\u201d, G\u00fcven Tatl\u0131\u2019n\u0131n \u201cYa\u011fmur Derken Seni Kastettim\u201d \u015fiirleri bulunuyor.<br \/>\n\tDerginin bize gelenler b\u00f6l\u00fcm\u00fcnde d\u00f6rt kitap kapaklar\u0131yla tan\u0131t\u0131lm\u0131\u015f. H\u00fcsamettin \u00c7\u0131t\u0131r\u2019\u0131n \u201cAtat\u00fcrk Yolunda Bozk\u0131rda Ye\u015feren Tohum\u201d, Nil\u00fcfer A\u00e7\u0131lan Y\u0131ld\u0131z\u2019\u0131n \u201cS\u0131f\u0131r Kap\u0131lar\u0131\u201d, Rahman Salmanl\u0131\u2019n\u0131n \u201cAhmed Cevad\u2019\u0131n Yarad\u0131c\u0131l\u0131k Yolu\u201d, Dr. Mehmet Yard\u0131mc\u0131\u2019n\u0131n \u201cMalatya Masallar\u0131\u201d eserleri yenilerini bekliyor.<br \/>\nSon b\u00f6l\u00fcmde ise Tokat \u015eairler ve Yazarlar Derne\u011fi ve Tokat \u0130LESAM Tokat ve GOP \u00dcniversitesi Temsilcili\u011finin 2012 y\u0131l\u0131n\u0131n son aylar\u0131nda yapt\u0131\u011f\u0131 etkinlikler yer al\u0131yor. Bunlar aras\u0131nda Tokat ve Turhal\u2019da M. Akif Ersoy\u2019u Anma Programlar\u0131, Arif Nihat Asya Program\u0131, Ankara\u2019da \u015fairler ve tan\u0131nm\u0131\u015f \u015fahsiyetlerle yap\u0131lan r\u00f6portajlar, Ankara \u2018da \u0130LESAM ve T\u00dcRKSAV\u2019\u0131 ziyaret, Ankara Kitap Fuar\u0131na kat\u0131l\u0131m, Ankara Kabak\u00e7\u0131 Kona\u011f\u0131\u2019nda yap\u0131lan program ve televizyonlarda ger\u00e7ekle\u015ftirilen k\u00fclt\u00fcrel sohbetler bulunuyor.<br \/>\nEvet, Tokat \u015eairler ve Yazarlar Derne\u011fi bu i\u015fte. Zor imk\u00e2nlarla zoru a\u015fan nefsini yenmi\u015f, ahlaki de\u011ferlerden taviz vermeyen bir ekiple \u00e7al\u0131\u015f\u0131yor. 90 \u00fcyesiyle siyasalla\u015fmadan, benli\u011fe, ba\u015fl\u0131\u011fa kap\u0131lmadan, milli-manevi de\u011ferlere ba\u011fl\u0131, \u00f6nlerine konulan engelleri a\u015farak bu \u00fclkenin de\u011ferlerine sayg\u0131 duyup, korumaya \u00e7al\u0131\u015farak \u00fclke i\u00e7inde ve d\u0131\u015f\u0131nda yoluna devam ediyor.<br \/>\nTe\u015fekk\u00fcrler k\u00fclt\u00fcr dostlar\u0131, te\u015fekk\u00fcrler bizlere kar\u015f\u0131l\u0131k beklemeden destek veren m\u00fcesseseler, de\u011ferli \u015fahsiyetler, okurlar. Te\u015fekk\u00fcrler Tokat, te\u015fekk\u00fcrler T\u00fcrkiye,.Te\u015fekk\u00fcrler T\u00fcrk \u2013\u0130slam K\u00fclt\u00fcr D\u00fcnyas\u0131n\u0131n fedakar insanlar\u0131..<\/p>\n","protected":false},"excerpt":{"rendered":"<p>DERG\u0130 DED\u0130\u011e\u0130N B\u00d6YLE OLUR TOKAT \u015eA\u0130RLER VE YAZARLAR DERNE\u011e\u0130 B\u00dcNYES\u0130NDE YAYINLANAN K\u00dcMBET DERG\u0130S\u0130 \u201cCEMAL SAF\u0130 \u00d6ZEL SAYISI\u201dYLA OKUYUCULARLA BULU\u015eTU Hasan AKAR T\u00fcrk k\u00fclt\u00fcr ve sanat\u0131n\u0131n kaliteli dergilerinden biri olan Tokat \u015eairler ve Yazarlar Derne\u011fi b\u00fcnyesinde yay\u0131nlanan K\u00dcMBET DERG\u0130S\u0130 Cemal Safi \u00d6zel Say\u0131s\u0131yla ba\u015far\u0131l\u0131 bir \u015fekilde yoluna devam ediyor. G\u00fcn\u00fcm\u00fczde \u00f6zellikle ta\u015frada dergi \u00e7\u0131karmak d\u0131\u015far\u0131dan g\u00f6r\u00fcnd\u00fc\u011f\u00fc [&hellip;]<\/p>\n","protected":false},"author":1,"featured_media":0,"comment_status":"open","ping_status":"open","sticky":false,"template":"","format":"standard","meta":{"footnotes":""},"categories":[7],"tags":[],"class_list":["post-1416","post","type-post","status-publish","format-standard","hentry","category-turkiy-dbiyyati"],"_links":{"self":[{"href":"http:\/\/edebiyyat-az.com\/index.php?rest_route=\/wp\/v2\/posts\/1416","targetHints":{"allow":["GET"]}}],"collection":[{"href":"http:\/\/edebiyyat-az.com\/index.php?rest_route=\/wp\/v2\/posts"}],"about":[{"href":"http:\/\/edebiyyat-az.com\/index.php?rest_route=\/wp\/v2\/types\/post"}],"author":[{"embeddable":true,"href":"http:\/\/edebiyyat-az.com\/index.php?rest_route=\/wp\/v2\/users\/1"}],"replies":[{"embeddable":true,"href":"http:\/\/edebiyyat-az.com\/index.php?rest_route=%2Fwp%2Fv2%2Fcomments&post=1416"}],"version-history":[{"count":3,"href":"http:\/\/edebiyyat-az.com\/index.php?rest_route=\/wp\/v2\/posts\/1416\/revisions"}],"predecessor-version":[{"id":6303,"href":"http:\/\/edebiyyat-az.com\/index.php?rest_route=\/wp\/v2\/posts\/1416\/revisions\/6303"}],"wp:attachment":[{"href":"http:\/\/edebiyyat-az.com\/index.php?rest_route=%2Fwp%2Fv2%2Fmedia&parent=1416"}],"wp:term":[{"taxonomy":"category","embeddable":true,"href":"http:\/\/edebiyyat-az.com\/index.php?rest_route=%2Fwp%2Fv2%2Fcategories&post=1416"},{"taxonomy":"post_tag","embeddable":true,"href":"http:\/\/edebiyyat-az.com\/index.php?rest_route=%2Fwp%2Fv2%2Ftags&post=1416"}],"curies":[{"name":"wp","href":"https:\/\/api.w.org\/{rel}","templated":true}]}}