{"id":1463,"date":"2013-03-23T11:13:05","date_gmt":"2013-03-23T11:13:05","guid":{"rendered":"http:\/\/edebiyyat-az.com\/?p=1463"},"modified":"2013-11-01T04:28:11","modified_gmt":"2013-11-01T04:28:11","slug":"hasan-akar-turkiye-tokat-muhtesem-siirler-2","status":"publish","type":"post","link":"http:\/\/edebiyyat-az.com\/?p=1463","title":{"rendered":"Hasan AKAR ( T\u00fcrkiye, Tokat).Muhte\u015fem \u015fiirler"},"content":{"rendered":"<p><a href=\"http:\/\/edebiyyat-az.com\/wp-content\/uploads\/2013\/03\/files1.jpeg\"><img loading=\"lazy\" decoding=\"async\" src=\"http:\/\/edebiyyat-az.com\/wp-content\/uploads\/2013\/03\/files1.jpeg\" alt=\"\" title=\"files\" width=\"300\" height=\"373\" class=\"aligncenter size-full wp-image-1275\" \/><\/a><\/p>\n<p>B\u0130L\u0130NM\u0130YOR<\/p>\n<p>\u015eimdi bakma sa\u00e7lar\u0131ma ak d\u00fc\u015ft\u00fc\u011f\u00fcne \u00f6yle<br \/>\nHi\u00e7bir hat\u0131ra istesen de kayd\u0131 silinmiyor<br \/>\nA\u015fk\u0131 bir kez san\u0131rd\u0131m hayatta de\u011filmi\u015f me\u011fer<br \/>\nBelki de ya\u015fananlar\u0131n bir\u00e7o\u011fu bilinmiyor<\/p>\n<p>BU BAKI\u015eLAR D\u00dcNED\u0130R<br \/>\nUrumeli Hisar\u0131\u2019nda biz de Stanbul\u2019da<br \/>\n\u201cT\u00fcrk\u00fcler tutturmu\u015fuz \u201dOrhan Veli gibi.<br \/>\nBahar\u0131n sarho\u015flu\u011funa yakalanm\u0131\u015f\u0131z bug\u00fcn<br \/>\n\u201cMinareler kat\u0131nda ge\u00e7en<br \/>\nG\u00f6ky\u00fcz\u00fc Mahallesi\u2019nde\u201d  Cahit S\u0131tk\u0131\u2019n\u0131n.<\/p>\n<p>Kar\u015f\u0131m\u0131zda mavili\u011finde yine Bo\u011faz,<br \/>\nNeredeyse  mart\u0131s\u0131z deniz.<br \/>\nBo\u015funa \u00e7al\u0131yor sanki kampanalar<br \/>\nHer ge\u00e7i\u015fte bilirim bir y\u00fcrek yaralar.<\/p>\n<p>Ve Urumeli Hisar\u0131\u2019nda<br \/>\nTarihle soluklanan eski bir bankta<br \/>\nAziyade\u2019si ile oturmu\u015fuz Pierre Loti\u2019nin.<br \/>\nBir fincan kahve i\u00e7ip<br \/>\nDalm\u0131\u015f gitmi\u015fiz derinliklere<br \/>\n\u00c7ocukken bindi\u011fimiz bir sal\u0131ncakta.<\/p>\n<p>Mevsim surlarda ilkbahar<br \/>\nBilirim bak\u0131\u015flar yalan s\u00f6ylemez.<br \/>\nBelli ki buradan maziyi ar\u0131yoruz<br \/>\nElliyi a\u015fm\u0131\u015f i\u015fte iki sonbahar.<\/p>\n<p>G\u00fcn bitiyor,G\u00fcne\u015f gidiyor,<br \/>\nZaman\u0131 kand\u0131rmak bo\u015funa.<br \/>\nBu oturu\u015f ya\u015fan\u0131lan g\u00fcne<br \/>\nBu g\u00f6zlerdeki hasret d\u00fcnedir.<\/p>\n<p>Biz de tak\u0131ld\u0131k gayr\u0131 \u00f6ylesine,<br \/>\nA\u011f\u0131r a\u011f\u0131r Ahmet Ha\u015fim\u2019ce,<br \/>\nNevbahar\u2019dan hazan mevsimine,<br \/>\nBiri Karadeniz biri Akdeniz\u2019imizle.<br \/>\nT\u0131rman\u0131yoruz Urumeli Hisar\u0131\u2019nda,<br \/>\nD\u00f6n\u00fc\u015f\u00fc yok, ini\u015fi yok art\u0131k,<br \/>\nHayat\u0131m\u0131z\u0131n son yoku\u015funa.<\/p>\n<p>                     \u0130STERD\u0130M<\/p>\n<p>                              Hasan AKAR    <\/p>\n<p>     \u0130sterdim seninle kuytuca bir iskelede<br \/>\n     Ak g\u00fcvercinler u\u00e7urmay\u0131 gelecek diye<br \/>\n     Bir konar bir g\u00f6\u00e7erdi belki k\u0131smetti bize<br \/>\n     G\u00fcz g\u00fcl\u00fc bile de\u011filim y\u00e2r \u00e7ok ge\u00e7 art\u0131k<\/p>\n<p>     Gen\u00e7lik a\u015fk\u0131yd\u0131 yaylada \u00e7iseyle b\u00fcy\u00fcd\u00fc<br \/>\n     Utand\u0131 da eteklere inmedi bir t\u00fcrl\u00fc<br \/>\n     Bekleyemedin yollara dizildim t\u00fcrk\u00fc t\u00fcrk\u00fc<br \/>\n     G\u00fcz g\u00fcl\u00fc bile de\u011filim y\u00e2r \u00e7ok ge\u00e7 art\u0131k.<\/p>\n<p>     Bulutlar ses vermedi a\u011flarken derince<br \/>\n     Yakt\u0131 kavurdu g\u00fcne\u015f \u015fiirlerim gizlice<br \/>\n     Da\u011flardan akacak derken bir g\u00fcn sessizce<br \/>\n     G\u00fcz g\u00fcl\u00fc bile de\u011filim y\u00e2r \u00e7ok ge\u00e7 art\u0131k<\/p>\n<p>    Filizlenmedi bu duygular dikenli telli<br \/>\n    Ge\u00e7mi\u015f y\u0131llar asr\u0131n bedeli olmu\u015f belli<br \/>\n    Geceler karanl\u0131kt\u0131 g\u00fcnd\u00fczlerim kederli<br \/>\n    G\u00fcz g\u00fcl\u00fc bile de\u011filim y\u00e2r \u00e7ok ge\u00e7 art\u0131k <\/p>\n<p>    Hat\u0131ralar\u0131 b\u0131rak tertemiz orda kals\u0131n<br \/>\n    Yang\u0131n k\u00fclleri gibi apans\u0131z sa\u00e7\u0131lmas\u0131n<br \/>\n    Yak\u0131\u015f\u0131k almaz istesen de bu ya\u015ftan sonra<br \/>\n    G\u00fcz g\u00fcl\u00fc bile de\u011filim y\u00e2r \u00e7ok ge\u00e7 art\u0131k<\/p>\n<p>    Kurudu neylersin bizim vadide o sular<br \/>\n    \u00c7o\u011fu ac\u0131yla yo\u011fruldu umutsuzca y\u0131llar<br \/>\n    Bir \u00f6m\u00fcr ki b\u00f6yle bitti ge\u00e7miyor son g\u00fcnler<br \/>\n    G\u00fcz g\u00fcl\u00fc bile de\u011filim y\u00e2r \u00e7ok ge\u00e7 art\u0131k<\/p>\n","protected":false},"excerpt":{"rendered":"<p>B\u0130L\u0130NM\u0130YOR \u015eimdi bakma sa\u00e7lar\u0131ma ak d\u00fc\u015ft\u00fc\u011f\u00fcne \u00f6yle Hi\u00e7bir hat\u0131ra istesen de kayd\u0131 silinmiyor A\u015fk\u0131 bir kez san\u0131rd\u0131m hayatta de\u011filmi\u015f me\u011fer Belki de ya\u015fananlar\u0131n bir\u00e7o\u011fu bilinmiyor BU BAKI\u015eLAR D\u00dcNED\u0130R Urumeli Hisar\u0131\u2019nda biz de Stanbul\u2019da \u201cT\u00fcrk\u00fcler tutturmu\u015fuz \u201dOrhan Veli gibi. Bahar\u0131n sarho\u015flu\u011funa yakalanm\u0131\u015f\u0131z bug\u00fcn \u201cMinareler kat\u0131nda ge\u00e7en G\u00f6ky\u00fcz\u00fc Mahallesi\u2019nde\u201d Cahit S\u0131tk\u0131\u2019n\u0131n. Kar\u015f\u0131m\u0131zda mavili\u011finde yine Bo\u011faz, Neredeyse mart\u0131s\u0131z [&hellip;]<\/p>\n","protected":false},"author":1,"featured_media":0,"comment_status":"open","ping_status":"open","sticky":false,"template":"","format":"standard","meta":{"footnotes":""},"categories":[7],"tags":[],"class_list":["post-1463","post","type-post","status-publish","format-standard","hentry","category-turkiy-dbiyyati"],"_links":{"self":[{"href":"http:\/\/edebiyyat-az.com\/index.php?rest_route=\/wp\/v2\/posts\/1463","targetHints":{"allow":["GET"]}}],"collection":[{"href":"http:\/\/edebiyyat-az.com\/index.php?rest_route=\/wp\/v2\/posts"}],"about":[{"href":"http:\/\/edebiyyat-az.com\/index.php?rest_route=\/wp\/v2\/types\/post"}],"author":[{"embeddable":true,"href":"http:\/\/edebiyyat-az.com\/index.php?rest_route=\/wp\/v2\/users\/1"}],"replies":[{"embeddable":true,"href":"http:\/\/edebiyyat-az.com\/index.php?rest_route=%2Fwp%2Fv2%2Fcomments&post=1463"}],"version-history":[{"count":5,"href":"http:\/\/edebiyyat-az.com\/index.php?rest_route=\/wp\/v2\/posts\/1463\/revisions"}],"predecessor-version":[{"id":1466,"href":"http:\/\/edebiyyat-az.com\/index.php?rest_route=\/wp\/v2\/posts\/1463\/revisions\/1466"}],"wp:attachment":[{"href":"http:\/\/edebiyyat-az.com\/index.php?rest_route=%2Fwp%2Fv2%2Fmedia&parent=1463"}],"wp:term":[{"taxonomy":"category","embeddable":true,"href":"http:\/\/edebiyyat-az.com\/index.php?rest_route=%2Fwp%2Fv2%2Fcategories&post=1463"},{"taxonomy":"post_tag","embeddable":true,"href":"http:\/\/edebiyyat-az.com\/index.php?rest_route=%2Fwp%2Fv2%2Ftags&post=1463"}],"curies":[{"name":"wp","href":"https:\/\/api.w.org\/{rel}","templated":true}]}}