{"id":1477,"date":"2013-03-26T13:55:54","date_gmt":"2013-03-26T13:55:54","guid":{"rendered":"http:\/\/edebiyyat-az.com\/?p=1477"},"modified":"2013-11-01T04:28:05","modified_gmt":"2013-11-01T04:28:05","slug":"hasan-akar-turkiye-tokat-makale","status":"publish","type":"post","link":"http:\/\/edebiyyat-az.com\/?p=1477","title":{"rendered":"Hasan AKAR ( T\u00fcrkiye, Tokat).Makale"},"content":{"rendered":"<p><a href=\"http:\/\/edebiyyat-az.com\/wp-content\/uploads\/2013\/03\/files1.jpeg\"><img loading=\"lazy\" decoding=\"async\" src=\"http:\/\/edebiyyat-az.com\/wp-content\/uploads\/2013\/03\/files1.jpeg\" alt=\"\" title=\"files\" width=\"300\" height=\"373\" class=\"aligncenter size-full wp-image-1275\" \/><\/a><\/p>\n<p>TOKAT KENT KONSEY\u0130 E\u011e\u0130T\u0130M K\u00dcLT\u00dcR VE SANAT \u00c7ALI\u015eMA GRUBU YILLLIK FAAL\u0130YET RAPORU<br \/>\n                                                                                         27.01.2011<\/p>\n<p>*Tokat Kent Konseyi E\u011fitim K\u00fclt\u00fcr ve Sanat \u00c7al\u0131\u015fma Grubu\u2019nca: Plevne kahraman\u0131,hem\u015ferimiz Gazi Osman Pa\u015fa\u2019n\u0131n 110.\u00d6l\u00fcm Y\u0131ld\u00f6n\u00fcm\u00fc m\u00fcnasebetiyle Tokat \u015eairler ve Yazarlar Derne\u011fi \u0130\u015fbirli\u011fi ile \u0130lk\u00f6\u011fretim  2.Kademe ve Liseler aras\u0131nda \u201cKahramanl\u0131k\u201d konulu \u015fiir,kompozisyon ve resim yar\u0131\u015fmas\u0131 a\u00e7\u0131larak dereceye girenler Tokat Belediyesi taraf\u0131ndan alt\u0131nla \u00f6d\u00fcllendirilmi\u015ftir.Ayr\u0131ca ilk \u00fc\u00e7 dereceye giren \u00f6\u011frenciler  rehber \u00f6\u011fretmenleri ve E\u011fitim K\u00fclt\u00fcr ve Sanat \u00c7al\u0131\u015fma Grubu\u2019ndan baz\u0131 \u00fcyeler 5  -6 Nisan 2010  tarihinde \u0130stanbul Gazi Osman Pa\u015fa Kaymakaml\u0131\u011f\u0131 ve Gazi Osman Pa\u015fa Belediyesi taraf\u0131ndan d\u00fczenlenen Gazi Osman Pa\u015fa Etkinliklerine kat\u0131lm\u0131\u015flard\u0131r.\u00d6\u011frenci grubuna \u0130stanbul\u2019un tarihi mek\u00e2nlar\u0131(Topkap\u0131 Saray\u0131,Sultan Ahmet Camii,Ayasofya M\u00fczesi,Panorama M\u00fczesi ,Minya T\u00fcrk M\u00fczesi vb.) imkanlar \u00f6l\u00e7\u00fcs\u00fcnde gezdirilmi\u015ftir.<\/p>\n<p>*28 May\u0131s 2010 tarihinde Tokat \u015eairler ve Yazarlar Derne\u011fi i\u015fbirli\u011fi ile \u0130\u015feri Petrol Sosyal Tesisleri\u2019nde \u201cK\u00fclt\u00fcr ve Sanat \u015e\u00f6leni\u201d d\u00fczenlenmi\u015ftir.Etkinliklere  Irak T\u00fcrkmen Cephesi T\u00fcrkiye Temsilcisi Sadun K\u00d6PR\u00dcL\u00dc ,T\u00fcrkmeneli Tv Ses sanat\u00e7\u0131lar\u0131,\u0130LESAM Ba\u015fkan\u0131 M.Nuri PARMAKSIZ,Kapadokya \u015eairler ve Yazarlar Derne\u011fi Ba\u015fkan\u0131 Ay\u015fe PASLANMAZ ve \u00fclkenin de\u011ferli \u015fairleri kat\u0131lm\u0131\u015flard\u0131r.Pro\u011frama Tokat Belediye Ba\u015fkan Yard\u0131mc\u0131s\u0131 Ahmet \u00c7ET\u0130N,Cumhuriyet Ba\u015fsavc\u0131s\u0131 Mustafa K\u00dc\u00c7\u00dcK ve di\u011fer resmi protokolle birlikte \u00e7ok say\u0131da  k\u00fclt\u00fcr ve sanata ilgi duyan \u015fahsiyet kat\u0131lm\u0131\u015ft\u0131r.Ayr\u0131ca G\u00fczel Sanatlar ve Spor Lisesi \u00f6\u011frencilerince  Resim \u00d6\u011fretmeni Bahattin G\u00dcNERL\u0130 koordinesinde  resim sergisi a\u00e7\u0131lm\u0131\u015ft\u0131r.<\/p>\n<p>*9-10 Ekim 2010 tarihinde  20 ki\u015filik bir grupla  Sinop\u2019a K\u00fclt\u00fcr Gezisi d\u00fczenlenmi\u015ftir. \u015eehrin m\u00fczelerini ve tarihi de\u011fer ta\u015f\u0131yan eserlerini,Sinop Cezaevi\u2019ni gezen \u00e7al\u0131\u015fma grubu \u00fcyeleri  daha sonra Erfelek \u015eelalesi\u2019nde piknik tertip etti.<\/p>\n<p> * \u00c7al\u0131\u015fma Grubunca haz\u0131rlanan \u201c91.Alay\u2019\u0131n Torunlar\u0131n\u0131n Beyaz Y\u00fcr\u00fcy\u00fc\u015f\u00fc\u201d projesiyle 9-10-11 Ocak 2010 tarihleri aras\u0131nda Sar\u0131kam\u0131\u015f\u2019ta d\u00fczenlenen \u201cT\u00fcrkiye \u015eehitlerine Y\u00fcr\u00fcyor\u201d etkinliklerine Tokat\u2019tan ilk defa 20 ki\u015filik grupla kat\u0131l\u0131nm\u0131\u015ft\u0131r.Etkinlik d\u00f6n\u00fc\u015f\u00fc Tokat Valisi \u015eerif YILMAZ ve Belediye Ba\u015fkan\u0131 Do\u00e7.Dr.Adnan \u00c7\u0130\u00c7EK ziyaret edilerek Sar\u0131kam\u0131\u015f Harekat\u0131nda askerlere verilen bir g\u00fcnl\u00fck az\u0131k torbas\u0131  hediye edilerek bilgilendirilmi\u015ftir.<\/p>\n<p>\tE\u011fitim K\u00fclt\u00fcr ve Sanat \u00c7al\u0131\u015fma Grubu\u2019na  b\u00fct\u00fcn bu \u00e7al\u0131\u015fmalar \u00e7er\u00e7evesinde gerekli deste\u011fi veren Tokat Belediye Ba\u015fkan\u0131 Do\u00e7.Dr.Adnan \u00c7\u0130\u00c7EK ,Kent Konseyi Ba\u015fkan\u0131 Av.Mustafa YAVUZ ve Kent Konseyi Genel Sekreteri Ali POLAT\u2019a grubum ad\u0131na te\u015fekk\u00fcr eder,sayg\u0131lar sunar\u0131m.<\/p>\n","protected":false},"excerpt":{"rendered":"<p>TOKAT KENT KONSEY\u0130 E\u011e\u0130T\u0130M K\u00dcLT\u00dcR VE SANAT \u00c7ALI\u015eMA GRUBU YILLLIK FAAL\u0130YET RAPORU 27.01.2011 *Tokat Kent Konseyi E\u011fitim K\u00fclt\u00fcr ve Sanat \u00c7al\u0131\u015fma Grubu\u2019nca: Plevne kahraman\u0131,hem\u015ferimiz Gazi Osman Pa\u015fa\u2019n\u0131n 110.\u00d6l\u00fcm Y\u0131ld\u00f6n\u00fcm\u00fc m\u00fcnasebetiyle Tokat \u015eairler ve Yazarlar Derne\u011fi \u0130\u015fbirli\u011fi ile \u0130lk\u00f6\u011fretim 2.Kademe ve Liseler aras\u0131nda \u201cKahramanl\u0131k\u201d konulu \u015fiir,kompozisyon ve resim yar\u0131\u015fmas\u0131 a\u00e7\u0131larak dereceye girenler Tokat Belediyesi taraf\u0131ndan alt\u0131nla [&hellip;]<\/p>\n","protected":false},"author":1,"featured_media":0,"comment_status":"open","ping_status":"open","sticky":false,"template":"","format":"standard","meta":{"footnotes":""},"categories":[7],"tags":[],"class_list":["post-1477","post","type-post","status-publish","format-standard","hentry","category-turkiy-dbiyyati"],"_links":{"self":[{"href":"http:\/\/edebiyyat-az.com\/index.php?rest_route=\/wp\/v2\/posts\/1477","targetHints":{"allow":["GET"]}}],"collection":[{"href":"http:\/\/edebiyyat-az.com\/index.php?rest_route=\/wp\/v2\/posts"}],"about":[{"href":"http:\/\/edebiyyat-az.com\/index.php?rest_route=\/wp\/v2\/types\/post"}],"author":[{"embeddable":true,"href":"http:\/\/edebiyyat-az.com\/index.php?rest_route=\/wp\/v2\/users\/1"}],"replies":[{"embeddable":true,"href":"http:\/\/edebiyyat-az.com\/index.php?rest_route=%2Fwp%2Fv2%2Fcomments&post=1477"}],"version-history":[{"count":3,"href":"http:\/\/edebiyyat-az.com\/index.php?rest_route=\/wp\/v2\/posts\/1477\/revisions"}],"predecessor-version":[{"id":1479,"href":"http:\/\/edebiyyat-az.com\/index.php?rest_route=\/wp\/v2\/posts\/1477\/revisions\/1479"}],"wp:attachment":[{"href":"http:\/\/edebiyyat-az.com\/index.php?rest_route=%2Fwp%2Fv2%2Fmedia&parent=1477"}],"wp:term":[{"taxonomy":"category","embeddable":true,"href":"http:\/\/edebiyyat-az.com\/index.php?rest_route=%2Fwp%2Fv2%2Fcategories&post=1477"},{"taxonomy":"post_tag","embeddable":true,"href":"http:\/\/edebiyyat-az.com\/index.php?rest_route=%2Fwp%2Fv2%2Ftags&post=1477"}],"curies":[{"name":"wp","href":"https:\/\/api.w.org\/{rel}","templated":true}]}}