{"id":19293,"date":"2016-04-12T08:00:12","date_gmt":"2016-04-12T04:00:12","guid":{"rendered":"http:\/\/edebiyyat-az.com\/?p=19293"},"modified":"2016-04-12T16:58:31","modified_gmt":"2016-04-12T12:58:31","slug":"turkiye-basbakani-ahmet-davutoglu","status":"publish","type":"post","link":"http:\/\/edebiyyat-az.com\/?p=19293","title":{"rendered":"T\u00fcrkiye Ba\u015fbakan\u0131 Ahmet Davuto\u011flu"},"content":{"rendered":"<p><a href=\"http:\/\/edebiyyat-az.com\/wp-content\/uploads\/2016\/04\/SAD.jpg\" rel=\"attachment wp-att-19304\"><img loading=\"lazy\" decoding=\"async\" src=\"http:\/\/edebiyyat-az.com\/wp-content\/uploads\/2016\/04\/SAD-222x300.jpg\" alt=\"SAD\" width=\"222\" height=\"300\" class=\"alignnone size-medium wp-image-19304\" srcset=\"http:\/\/edebiyyat-az.com\/wp-content\/uploads\/2016\/04\/SAD-222x300.jpg 222w, http:\/\/edebiyyat-az.com\/wp-content\/uploads\/2016\/04\/SAD.jpg 600w\" sizes=\"auto, (max-width: 222px) 100vw, 222px\" \/><\/a><\/p>\n<p>Ahmet Davuto\u011flu (d. 26 \u015eubat 1959, Konya), T\u00fcrk siyaset\u00e7i, uluslararas\u0131 ili\u015fkiler uzman\u0131, akademisyen ve b\u00fcy\u00fckel\u00e7i, eski D\u0131\u015fi\u015fleri Bakan\u0131, eski Ba\u015fbakan Vekili, Adalet ve Kalk\u0131nma Partisi&#8217;nin genel ba\u015fkan\u0131, 64. T\u00fcrkiye H\u00fck\u00fbmeti&#8217;nin ba\u015fbakan\u0131.<\/p>\n<p>1 May\u0131s 2009&#8217;da, D\u0131\u015fi\u015fleri Bakan\u0131 olarak TBMM d\u0131\u015f\u0131ndan atand\u0131. 58., 59. ve 60. h\u00fck\u00fcmetler d\u00f6neminde ba\u015fbakan Recep Tayyip Erdo\u011fan&#8217;a ve hem bakanl\u0131k hem de cumhurba\u015fkanl\u0131\u011f\u0131 g\u00f6revlerinde Abdullah G\u00fcl&#8217;e d\u0131\u015f politika ba\u015fdan\u0131\u015fmanl\u0131\u011f\u0131 yapt\u0131. 24. D\u00f6nem Konya Milletvekili olarak TBMM&#8217;ye girmi\u015ftir.<\/p>\n<p>27 A\u011fustos 2014&#8217;te, Adalet ve Kalk\u0131nma Partisi 1. Ola\u011fan\u00fcst\u00fc B\u00fcy\u00fck Kongresinde Genel Ba\u015fkan se\u00e7ildi ve 28 A\u011fustos 2014&#8217;te cumhurba\u015fkan\u0131 Recep Tayyip Erdo\u011fan&#8217;dan ba\u015fbakanl\u0131k vekaletini ald\u0131 ve 62. T\u00fcrkiye H\u00fck\u00fbmetini kurmakla g\u00f6revlendirildi.[1][2][3][4] Ahmet Davuto\u011flu ba\u015fbakanl\u0131\u011f\u0131nda kurulan 62. T\u00fcrkiye H\u00fck\u00fcmeti bakanlar kurulu listesini 29 A\u011fustos 2014 tarihinde a\u00e7\u0131klad\u0131. 6 Eyl\u00fcl 2014 Cumartesi g\u00fcn\u00fc T\u00fcrkiye B\u00fcy\u00fck Millet Meclisi&#8217;nde yap\u0131lan g\u00fcven oylamas\u0131 sonucunda 133 ret oyuna kar\u015f\u0131l\u0131k al\u0131nan 306 kabul oyuyla 62. T\u00fcrkiye H\u00fck\u00fcmeti Davuto\u011flu ba\u015fbakanl\u0131\u011f\u0131nda g\u00fcven oyu alarak resmen g\u00f6reve ba\u015flam\u0131\u015ft\u0131r.[5] Ahmet Davuto\u011flu 2015 Genel Se\u00e7imlerinden sonra istifas\u0131n\u0131 Recep Tayyip Erdo\u011fan&#8217;a vermi\u015ftir fakat 63. T\u00fcrkiye H\u00fck\u00fcmeti kurulana kadar ba\u015fbakanl\u0131\u011fa devam etmi\u015ftir.<\/p>\n<p>E\u011fitim hayat\u0131[de\u011fi\u015ftir | kayna\u011f\u0131 de\u011fi\u015ftir]<br \/>\n1959 y\u0131l\u0131nda Konya&#8217;n\u0131n Ta\u015fkent il\u00e7esinde do\u011fan Ahmet Davuto\u011flu, \u0130stanbul Erkek Lisesi&#8217;ni bitirdikten sonra, 1983-84 e\u011fitim \u00f6\u011fretim y\u0131l\u0131nda Bo\u011fazi\u00e7i \u00dcniversitesi&#8217;nin Ekonomi ve Siyaset Bilimi ve Uluslararas\u0131 \u0130li\u015fkiler b\u00f6l\u00fcmlerini \u00e7ift anadal program\u0131yla bitirdi. Ayn\u0131 \u00fcniversitenin Kamu Y\u00f6netimi B\u00f6l\u00fcm\u00fcnde Y\u00fcksek Lisans, Siyaset Bilimi ve Uluslararas\u0131 \u0130li\u015fkiler B\u00f6l\u00fcm\u00fcnde de doktora yapt\u0131.[6]<\/p>\n<p>90&#8217;l\u0131 y\u0131lllar[de\u011fi\u015ftir | kayna\u011f\u0131 de\u011fi\u015ftir]<br \/>\n1990 y\u0131l\u0131nda, Malezya Uluslararas\u0131 \u0130slam \u00dcniversitesi\u2019nde yard\u0131mc\u0131 do\u00e7ent olarak \u00e7al\u0131\u015fmaya ba\u015flad\u0131. \u00dcniversitenin Siyaset Bilimi b\u00f6l\u00fcm\u00fcn\u00fc kurdu ve 1993 y\u0131l\u0131na kadar bu b\u00f6l\u00fcm\u00fcn ba\u015fkanl\u0131\u011f\u0131n\u0131 y\u00fcr\u00fctt\u00fc. 1993 y\u0131l\u0131nda do\u00e7ent oldu ve 1995\u20131999 y\u0131llar\u0131 aras\u0131nda Marmara \u00dcniversitesi Uluslararas\u0131 \u0130li\u015fkiler B\u00f6l\u00fcm\u00fcnde \u00e7al\u0131\u015ft\u0131. 1995-1999 y\u0131llar\u0131 aras\u0131nda Yeni \u015eafak gazetesinde k\u00f6\u015fe yazarl\u0131\u011f\u0131 yapt\u0131. Davuto\u011flu bu s\u00fcrede 200&#8217;den fazla yaz\u0131 kaleme alm\u0131\u015ft\u0131.[7] 1998\u20132002 y\u0131llar\u0131nda, Silahl\u0131 Kuvvetler Akademisi ve Harp Akademilerinde misafir \u00f6\u011fretim \u00fcyesi olarak ders verdi.<!--more--><\/p>\n<p>1999\u20132004 y\u0131llar\u0131 aras\u0131nda profes\u00f6r oldu ve Beykent \u00dcniversitesi&#8217;nde, \u00fcniversite y\u00f6netim kurulu \u00fcyeli\u011fi, senato \u00fcyeli\u011fi ve Uluslararas\u0131 \u0130li\u015fkiler B\u00f6l\u00fcm\u00fc ba\u015fkanl\u0131\u011f\u0131, Marmara \u00dcniversitesi Uluslararas\u0131 \u0130li\u015fkiler B\u00f6l\u00fcm\u00fcnde de misafir \u00f6\u011fretim \u00fcyeli\u011fi yapt\u0131.[8]<\/p>\n<p>D\u0131\u015fi\u015fleri Bakanl\u0131\u011f\u0131 (2009-2014)[de\u011fi\u015ftir | kayna\u011f\u0131 de\u011fi\u015ftir]<\/p>\n<p>Davuto\u011flu Britanya D\u0131\u015fi\u015fleri Eski Sekreteri William Hague ile ortakla\u015fa d\u00fczenlenen bas\u0131n toplant\u0131s\u0131nda, 2010<br \/>\nDavuto\u011flu, Parlamento \u00dcyesi olmamas\u0131na ra\u011fmen 2009 y\u0131l\u0131nda D\u0131\u015fi\u015fleri Bakan\u0131 olarak atand\u0131. 2011 genel se\u00e7imlerinde Konya milletvekili olarak T\u00fcrkiye B\u00fcy\u00fck Millet Meclisi&#8217;ne girdi ve Recep Tayyip Erdo\u011fan&#8217;\u0131n \u00fc\u00e7\u00fcnc\u00fc kabinesinde D\u0131\u015fi\u015fleri Bakan\u0131 olarak g\u00f6revine devam etti.T\u00fcrkiye&#8217;nin k\u00fcresel olarak yeniden-uyan\u0131\u015f\u0131n\u0131n arkas\u0131ndaki beyinlerden biri olmas\u0131 sebebiyle, Foreign Policy dergisinin, 2010 y\u0131l\u0131ndaki &#8220;\u0130lk 100 K\u00fcresel D\u00fc\u015f\u00fcn\u00fcr&#8221; listesinde yer ald\u0131.[9]<\/p>\n<p>Bir r\u00f6portaj\u0131nda &#8220;S\u0131f\u0131r Sorun Politikas\u0131&#8221;ndan bahsetti ve bu politikas\u0131yla ilgili olarak &#8220;Di\u011fer akt\u00f6rler bizim de\u011ferlerimize sayg\u0131l\u0131 olurlarsa, sorunsuz bir politika m\u00fcmk\u00fcnd\u00fcr. Fakat bu demek de\u011fildir ki, di\u011fer partilerle iyi ili\u015fkilerimiz olmas\u0131 ad\u0131na sessiz kalaca\u011f\u0131z.&#8221;[10] dedi. Recep Tayyip Erdo\u011fan ile birlikte &#8220;T\u00fcrkiye i\u00e7in d\u00fcnyada yeni bir rol hayal etmek ve bunu ger\u00e7ekle\u015ftirmek&#8221; ba\u015fl\u0131\u011f\u0131yla Foreign Policy dergisinin 2011 y\u0131l\u0131ndaki &#8220;\u0130lk 100 K\u00fcresel D\u00fc\u015f\u00fcn\u00fcr&#8221; listesine girmi\u015flerdir.[11]<\/p>\n<p>Ahmet Davuto\u011flu d\u0131\u015f politikas\u0131n\u0131 d\u00f6rt ana s\u00fctun \u00fczerine in\u015fa etmi\u015ftir. Bunlardan ilki G\u00fcvenlik B\u00f6l\u00fcnmezli\u011fi, ikincisi Diyalog, \u00fc\u00e7\u00fcnc\u00fcs\u00fc Ekonomik Dayan\u0131\u015fma ve d\u00f6rd\u00fcnc\u00fcs\u00fc ise K\u00fclt\u00fcrel Uyum ve Kar\u015f\u0131l\u0131kl\u0131 Sayg\u0131d\u0131r. Davuto\u011flu, politkas\u0131n\u0131n hedefinin &#8220;Farkl\u0131 uluslar\u0131n entegresi ile farkl\u0131 inan\u00e7 ve \u0131rklar aras\u0131ndaki k\u00fclt\u00fcrel anlay\u0131\u015f\u0131n geli\u015ftirilmesinin yan\u0131 s\u0131ra, ortaya \u00e7\u0131kan krizleri \u00e7\u00f6zmek i\u00e7in i\u015fbirli\u011fi ili\u015fkileri ve bar\u0131\u015f\u00e7\u0131l diyalog sa\u011flanmas\u0131&#8221; oldu\u011funu ifade etmi\u015ftir.[12]<\/p>\n<p>Ermeni Tehciri[de\u011fi\u015ftir | kayna\u011f\u0131 de\u011fi\u015ftir]<br \/>\nDavuto\u011flu, Recep Tayyip Erdo\u011fan ile birlikte 2014 Nisan Ay\u0131n\u0131n 24&#8217;\u00fcnde, Ermeni tehcirinde ya\u015fanan olaylar\u0131n ac\u0131 verici oldu\u011funu i\u00e7eren bir bildiriyi dokuz dilde yay\u0131nlad\u0131. Bununla beraber bu tehcirin T\u00fcrk, Ermeni ve yabanc\u0131 tarih\u00e7iler taraf\u0131nda ortak bir \u00e7al\u0131\u015fmayla ara\u015ft\u0131r\u0131lmas\u0131 gerekti\u011fi belirtildi.[13]<\/p>\n<p>Avrupa Birli\u011fi[de\u011fi\u015ftir | kayna\u011f\u0131 de\u011fi\u015ftir]<\/p>\n<p>Davuto\u011flu Bat\u0131 Trakya ziyaretinde, 2011<br \/>\nPan-\u0130slamist bir politika hayali oldu\u011fu iddia edilmesine ra\u011fmen Ahmet Davuto\u011flu, T\u00fcrkiye&#8217;nin Avrupa Birli\u011fi \u00fcyeli\u011fini destekledi\u011fini dile getirdi. T\u00fcrk-AB ili\u015fkilerinin tamam\u0131 2013 y\u0131l\u0131na kadar Egemen Ba\u011f\u0131\u015f, 2013-2014 y\u0131llar\u0131 aras\u0131nda Mevl\u00fct \u00c7avu\u015fo\u011flu&#8217;nun bakanl\u0131klar\u0131yla Avrupa Birli\u011fi Bakanl\u0131\u011f\u0131 taraf\u0131ndan y\u00fcr\u00fct\u00fclm\u00fc\u015f ve y\u00fcr\u00fct\u00fclmektedir. Davuto\u011flu, 2013 y\u0131l\u0131n\u0131n May\u0131s ay\u0131nda Br\u00fcksel&#8217;de ger\u00e7ekle\u015ftirilen 51. Ortakl\u0131k Konseyi Toplant\u0131s\u0131nda, T\u00fcrkiye&#8217;nin 50 y\u0131ld\u0131r AB \u00fcyeli\u011fi i\u00e7in gayret g\u00f6sterdi\u011fini ve bu gayretlerin de devam edece\u011fini ifade etmi\u015ftir. Bunlara ek olarak da T\u00fcrk Vatanda\u015flar\u0131n\u0131n Avrupa&#8217;da vizesiz dola\u015famamas\u0131n\u0131n kabul edilemez oldu\u011funu dile getirmi\u015ftir.[14]<\/p>\n<p>K\u0131br\u0131s ve Yunanistan[de\u011fi\u015ftir | kayna\u011f\u0131 de\u011fi\u015ftir]<\/p>\n<p>Davuto\u011flu Yunanistan D\u0131\u015fi\u015fleri eski Bakan\u0131 Dimitrios Droutsas ile<br \/>\n2012 y\u0131l\u0131 Haziran ay\u0131nda Davuto\u011flu Yunan h\u00fck\u00fcmetini, \u00d6zellikle Bat\u0131 Trakya&#8217;daki T\u00fcrk az\u0131nl\u0131klar\u0131n\u0131n, haklar\u0131na sayg\u0131 g\u00f6stermemekle su\u00e7lad\u0131. Ayn\u0131 zamanda T\u00fcrk k\u00f6kenli az\u0131nl\u0131k durumundaki vatanda\u015flar\u0131n s\u00f6zde Yunan Vatanda\u015fl\u0131\u011f\u0131n\u0131n iptalinin Lozan Antla\u015fmas\u0131&#8217;na ayk\u0131r\u0131 oldu\u011funu da vurgulam\u0131\u015ft\u0131r.[15] Davuto\u011flu 2013&#8217;te, k\u0131y\u0131 \u00f6tesi petrol rezerverlerinin (offshore oil reserves) m\u00fclkiyeti \u00fczerine patlak veren tart\u0131\u015fmalar \u00fczerene Yunanistan D\u0131\u015fi\u015fleri Bakan\u0131 Dimitris Avramopoulos&#8217;a iki devlet aras\u0131 olas\u0131 bir \u00e7\u00f6z\u00fcm g\u00f6t\u00fcrd\u00fc. Fakat \u00f6neri Yunan d\u0131\u015fi\u015fleri bakanl\u0131\u011f\u0131 taraf\u0131ndan g\u00f6z ard\u0131 edildi.[16] Ayn\u0131 zamanda Davuto\u011flu aradaki sorunlar\u0131 \u00e7\u00f6zmek ad\u0131na, Nikos Anastasiadis \u00f6nc\u00fcl\u00fc\u011f\u00fcnde m\u00fczakere talebinde bulundu.<\/p>\n<p>Siyasi kariyeri[de\u011fi\u015ftir | kayna\u011f\u0131 de\u011fi\u015ftir]<br \/>\nAdalet ve Kalk\u0131nma Partisi[de\u011fi\u015ftir | kayna\u011f\u0131 de\u011fi\u015ftir]<br \/>\nAhmet Davuto\u011flu&#8217;na, d\u00f6nemin Cumhurba\u015fkan\u0131 Ahmet Necdet Sezer ve d\u00f6nemin Ba\u015fbakan\u0131 Abdullah G\u00fcl&#8217;\u00fcn 17 Ocak 2003&#8217;te birlikte ald\u0131klar\u0131 ve 18 Ocak 2003&#8217;te Resm\u00ee Gazete&#8217;de yay\u0131mlanan kararla[17] b\u00fcy\u00fckel\u00e7i unvan\u0131 verildi.<\/p>\n<p>Ahmet Davuto\u011flu AK Parti&#8217;nin Esenyurt Mitinginde Halka Seslenirken, 2 Haziran 2015<br \/>\nDavuto\u011flu, Gazze Sava\u015f\u0131&#8217;na \u00e7\u00f6z\u00fcm getirmek i\u00e7in T\u00fcrk H\u00fck\u00fcmeti&#8217;nin uygulad\u0131\u011f\u0131 mekik diplomasisinin \u00f6nde gelen akt\u00f6rlerindendi. 1 May\u0131s 2009&#8217;da 12. Cumhurba\u015fkan\u0131 ve eski 25. Ba\u015fbakan Recep Tayyip Erdo\u011fan taraf\u0131ndan D\u0131\u015fi\u015fleri Bakanl\u0131\u011f\u0131&#8217;na atand\u0131.<\/p>\n<p>27 A\u011fustos 2014 tarihinde Recep Tayyip Erdo\u011fan&#8217;\u0131n cumhurba\u015fkan\u0131 se\u00e7ilmesi ile birlikte Adalet ve Kalk\u0131nma Partisi genel ba\u015fkan\u0131 ve 28 A\u011fustos 2014 tarihinde Recep Tayyip Erdo\u011fan&#8217;\u0131n resmi olarak cumhurba\u015fkan\u0131 se\u00e7ilmesiyle birlikte 26. T\u00fcrkiye Ba\u015fbakan\u0131 olmu\u015ftur.<\/p>\n<p>D\u0131\u015f Politika[de\u011fi\u015ftir | kayna\u011f\u0131 de\u011fi\u015ftir]<\/p>\n<p>Davuto\u011flu (soldan \u00fc\u00e7\u00fcnc\u00fc) \u0130slam \u0130\u015fbirli\u011fi Te\u015fkilat\u0131 Konferans\u0131nda, 2011<br \/>\n30 Haziran 2010 tarihinde Davuto\u011flu ile \u0130srail Ticaret Bakan\u0131 Ben Eliezer, Br\u00fcksel\u2019de gizli bir toplant\u0131 yapm\u0131\u015f, TBMM&#8217;de gizli g\u00f6r\u00fc\u015fmeyi ayr\u0131nt\u0131land\u0131ran Davuto\u011flu, toplant\u0131n\u0131n gizli olmas\u0131n\u0131 \u0130srail&#8217;lilerin istedi\u011fini belirterek, \u201c\u0130sraillilere temel taleplerimizi y\u00fczlerine do\u011frudan ve net \u015fekilde s\u00f6ylemek i\u00e7in bu g\u00f6r\u00fc\u015fmeyi yapt\u0131k\u201d demi\u015ftir.[18]<\/p>\n<p>Akademisyenler ve politikac\u0131lar onun Yeni \u015eafak&#8217;taki makaleleri ve Stratejik Derinlik kitab\u0131ndan yola \u00e7\u0131karak, Ahmet Davuto\u011flu&#8217;nun d\u0131\u015f politika vizyonunu; Yeni Osmanl\u0131c\u0131l\u0131k politikas\u0131yla, Osmanl\u0131 Devleti&#8217;nin topraklar\u0131yla yak\u0131n ili\u015fkiler kurma temeline dayand\u0131\u011f\u0131n\u0131 ileri s\u00fcrerler.[19] Davuto\u011flu&#8217;nun eski bir \u00f6\u011frencisi Behl\u00fcl \u00d6zkan ise Davuto\u011flu&#8217;nun Orta Do\u011fu&#8217;da \u0130slam&#8217;\u0131n birle\u015fitirici g\u00fc\u00e7 olarak g\u00f6rmesine ba\u011fl\u0131 olarak, Pan-\u0130slamizm&#8217;e dayal\u0131 bir d\u0131\u015f politika hayali oldu\u011funu ifade eder. Bu iki g\u00f6r\u00fc\u015fe z\u0131t olarak da ge\u00e7mi\u015fte Avrupa Birli\u011fi \u00fcyeli\u011fini savundu\u011funu ifade eden bir NATO \u00fcyesi olarak, bat\u0131 yanl\u0131s\u0131 bir politikay\u0131 savunmu\u015ftur.<\/p>\n<p>Ki\u015fisel ya\u015fam\u0131[de\u011fi\u015ftir | kayna\u011f\u0131 de\u011fi\u015ftir]<br \/>\nSare Han\u0131m ile evli ve d\u00f6rt \u00e7ocuk babas\u0131d\u0131r. \u0130yi derecede \u0130ngilizce, Almanca, Malayca ve Arap\u00e7a bilmektedir.[8][20] K\u0131z\u0131 Sefure ile Y\u0131ld\u0131z Holding&#8217;in kurucusu Sabri \u00dclker&#8217;in 3. torunu Ahmet \u00d6zokur&#8217; un evlili\u011fi 9 Mart 2015 y\u0131l\u0131nda sona erdi.[21] Ayr\u0131ca halen Y\u0131ld\u0131z Holding&#8217;in y\u00f6netim kurulu ba\u015fkan\u0131 olan Murat \u00dclker ile liseden s\u0131n\u0131f arkada\u015f\u0131d\u0131r.[22]<\/p>\n<p>Varolu\u015fsal ili\u015fki tan\u0131m\u0131[de\u011fi\u015ftir | kayna\u011f\u0131 de\u011fi\u015ftir]<br \/>\nHayatta \u00fc\u00e7 ili\u015fkinin varolu\u015fsal oldu\u011funu ifade etmi\u015ftir. Bu ili\u015fkilerin; \u00e7ocuk-anne\/baba, hasta-doktor ve \u00f6\u011fretmen-\u00f6\u011frenci aras\u0131nda bulunabilece\u011fini iddia etmi\u015ftir.[23]<\/p>\n<p>Eserleri[de\u011fi\u015ftir | kayna\u011f\u0131 de\u011fi\u015ftir]<br \/>\n&#8220;Alternative Paradigms: The Impact of Islamic and Western Weltanschauungs on Political Theory&#8221;. University Press of America, 1993<br \/>\n&#8220;Civilizational Transformation and the Muslim World&#8221;. K.L., Quill, 1994<br \/>\n&#8220;Tarih idraki olu\u015fumunda metodolojinin rol\u00fc: Medeniyetleraras\u0131 etkile\u015fim a\u00e7\u0131s\u0131ndan d\u00fcnya tarihi ve Osmanl\u0131&#8221;. Divan Dergisi, 1999\/2<br \/>\n&#8220;Rewriting of Muslim Politics in the 20th Century: A Retrospective&#8221;. Border Crossings (ed. Fred Dallmayr, Lexington, 2000, 91-112)<br \/>\n&#8220;Stratejik derinlik: T\u00fcrkiye&#8217;nin uluslararas\u0131 konumu'&#8221;. K\u00fcre Yay\u0131nlar\u0131, 2001<br \/>\n&#8220;K\u00fcresel Bunal\u0131m&#8221;. K\u00fcre, 2002.<br \/>\n&#8220;Osmanl\u0131 Medeniyeti: Siyaset \u0130ktisat Sanat&#8221;. Klasik, 2005<br \/>\n&#8220;Teoriden Prati\u011fe:T\u00fcrk D\u0131\u015f Politikas\u0131 \u00dczerine Konu\u015fmalar&#8221;. K\u00fcre Yay\u0131nlar\u0131, 2013<\/p>\n","protected":false},"excerpt":{"rendered":"<p>Ahmet Davuto\u011flu (d. 26 \u015eubat 1959, Konya), T\u00fcrk siyaset\u00e7i, uluslararas\u0131 ili\u015fkiler uzman\u0131, akademisyen ve b\u00fcy\u00fckel\u00e7i, eski D\u0131\u015fi\u015fleri Bakan\u0131, eski Ba\u015fbakan Vekili, Adalet ve Kalk\u0131nma Partisi&#8217;nin genel ba\u015fkan\u0131, 64. T\u00fcrkiye H\u00fck\u00fbmeti&#8217;nin ba\u015fbakan\u0131. 1 May\u0131s 2009&#8217;da, D\u0131\u015fi\u015fleri Bakan\u0131 olarak TBMM d\u0131\u015f\u0131ndan atand\u0131. 58., 59. ve 60. h\u00fck\u00fcmetler d\u00f6neminde ba\u015fbakan Recep Tayyip Erdo\u011fan&#8217;a ve hem bakanl\u0131k hem de [&hellip;]<\/p>\n","protected":false},"author":2,"featured_media":0,"comment_status":"open","ping_status":"open","sticky":false,"template":"","format":"standard","meta":{"footnotes":""},"categories":[7],"tags":[],"class_list":["post-19293","post","type-post","status-publish","format-standard","hentry","category-turkiy-dbiyyati"],"_links":{"self":[{"href":"http:\/\/edebiyyat-az.com\/index.php?rest_route=\/wp\/v2\/posts\/19293","targetHints":{"allow":["GET"]}}],"collection":[{"href":"http:\/\/edebiyyat-az.com\/index.php?rest_route=\/wp\/v2\/posts"}],"about":[{"href":"http:\/\/edebiyyat-az.com\/index.php?rest_route=\/wp\/v2\/types\/post"}],"author":[{"embeddable":true,"href":"http:\/\/edebiyyat-az.com\/index.php?rest_route=\/wp\/v2\/users\/2"}],"replies":[{"embeddable":true,"href":"http:\/\/edebiyyat-az.com\/index.php?rest_route=%2Fwp%2Fv2%2Fcomments&post=19293"}],"version-history":[{"count":2,"href":"http:\/\/edebiyyat-az.com\/index.php?rest_route=\/wp\/v2\/posts\/19293\/revisions"}],"predecessor-version":[{"id":19321,"href":"http:\/\/edebiyyat-az.com\/index.php?rest_route=\/wp\/v2\/posts\/19293\/revisions\/19321"}],"wp:attachment":[{"href":"http:\/\/edebiyyat-az.com\/index.php?rest_route=%2Fwp%2Fv2%2Fmedia&parent=19293"}],"wp:term":[{"taxonomy":"category","embeddable":true,"href":"http:\/\/edebiyyat-az.com\/index.php?rest_route=%2Fwp%2Fv2%2Fcategories&post=19293"},{"taxonomy":"post_tag","embeddable":true,"href":"http:\/\/edebiyyat-az.com\/index.php?rest_route=%2Fwp%2Fv2%2Ftags&post=19293"}],"curies":[{"name":"wp","href":"https:\/\/api.w.org\/{rel}","templated":true}]}}