{"id":19295,"date":"2016-04-12T09:00:20","date_gmt":"2016-04-12T05:00:20","guid":{"rendered":"http:\/\/edebiyyat-az.com\/?p=19295"},"modified":"2016-04-12T16:57:59","modified_gmt":"2016-04-12T12:57:59","slug":"turkiye-cumhurbaskani-recep-tayyip-erdogan","status":"publish","type":"post","link":"http:\/\/edebiyyat-az.com\/?p=19295","title":{"rendered":"T\u00fcrkiye cumhurba\u015fkan\u0131 Recep Tayyip Erdo\u011fan"},"content":{"rendered":"<p><a href=\"http:\/\/edebiyyat-az.com\/wp-content\/uploads\/2016\/04\/SRTE.jpg\" rel=\"attachment wp-att-19303\"><img loading=\"lazy\" decoding=\"async\" src=\"http:\/\/edebiyyat-az.com\/wp-content\/uploads\/2016\/04\/SRTE-300x294.jpg\" alt=\"SRTE\" width=\"300\" height=\"294\" class=\"alignnone size-medium wp-image-19303\" srcset=\"http:\/\/edebiyyat-az.com\/wp-content\/uploads\/2016\/04\/SRTE-300x294.jpg 300w, http:\/\/edebiyyat-az.com\/wp-content\/uploads\/2016\/04\/SRTE.jpg 600w\" sizes=\"auto, (max-width: 300px) 100vw, 300px\" \/><\/a><\/p>\n<p>T\u00fcrkiye Cumhurba\u015fkan\u0131 T\u00fcrkiye Cumhuriyeti&#8217;nin ba\u015f\u0131d\u0131r. Bu mahiyetle T\u00fcrkiye Cumhuriyeti ve T\u00fcrk halk\u0131n\u0131n birli\u011fini temsil etmektedir. T\u00fcrk Anayasas\u0131n\u0131n yerine getirilmesi ve devlet organlar\u0131n\u0131n organize ve uyumlu i\u015f yapabilmesini garanti eder. G\u00f6rev ve yetkileri anayasan\u0131n 101. maddesinden 107. maddesine[1] kadar belirtilmi\u015ftir. Cumhurba\u015fkanl\u0131\u011f\u0131 29 Ekim 1923&#8217;te resm\u00ee olarak olu\u015ftu. Se\u00e7ilen ilk Cumhurba\u015fkan\u0131 Mustafa Kemal Atat\u00fcrk&#8217;t\u00fcr. 29 Ekim 1923 tarihinden 10 A\u011fustos 2014 tarihine kadar T\u00fcrkiye Cumhurba\u015fkan\u0131 T\u00fcrkiye B\u00fcy\u00fck Millet Meclisi taraf\u0131ndan se\u00e7ilmi\u015ftir. \u0130lk kez 10 A\u011fustos 2014 tarihinde halk oylamas\u0131 ile se\u00e7ilen Recep Tayyip Erdo\u011fan ise 28 A\u011fustos 2014&#8217;ten bu yana 12. Cumhurba\u015fkan\u0131 olarak bu g\u00f6revde bulunmaktad\u0131r. 29 Ekim 2014 tarihi itibar\u0131yla \u00c7ankaya K\u00f6\u015fk\u00fc&#8217;nden ta\u015f\u0131nan Cumhurba\u015fkanl\u0131\u011f\u0131&#8217;n\u0131n yeni yerle\u015fkesi, ba\u015fkent Ankara&#8217;daki Cumhurba\u015fkanl\u0131\u011f\u0131 Saray\u0131 &#8216;d\u0131r.<\/p>\n<p>Nitelikleri[de\u011fi\u015ftir | kayna\u011f\u0131 de\u011fi\u015ftir]<br \/>\nCumhurba\u015fkan\u0131&#8217;n\u0131n nitelikleri anayasan\u0131n 101. maddesinde belirtilmi\u015ftir. Cumhurba\u015fkan\u0131 olmak i\u00e7in aday\u0131n k\u0131rk ya\u015f\u0131n\u0131 doldurmu\u015f ve y\u00fcksek \u00f6\u011frenim yapm\u0131\u015f olmas\u0131 gerekir. T\u00fcrkiye B\u00fcy\u00fck Millet Meclisi \u00fcyeleri veya bu niteliklere ve milletvekili se\u00e7ilme yeterli\u011fine sahip T\u00fcrk vatanda\u015flar\u0131 aras\u0131ndan, halk oylamas\u0131 ile se\u00e7ilir.<\/p>\n<p>Cumhurba\u015fkanl\u0131\u011f\u0131&#8217;na T\u00fcrkiye B\u00fcy\u00fck Millet Meclisi \u00fcyeleri i\u00e7inden veya Meclis d\u0131\u015f\u0131ndan aday g\u00f6sterilebilmesi yirmi milletvekilinin yaz\u0131l\u0131 teklifi ile m\u00fcmk\u00fcnd\u00fcr. Ayr\u0131ca, en son yap\u0131lan milletvekili genel se\u00e7imlerinde ge\u00e7erli oylar toplam\u0131 birlikte hesapland\u0131\u011f\u0131nda y\u00fczde onu ge\u00e7en siyasi partiler ortak aday g\u00f6sterebilir.<\/p>\n<p>G\u00f6rev s\u00fcresi[de\u011fi\u015ftir | kayna\u011f\u0131 de\u011fi\u015ftir]<br \/>\nCumhurba\u015fkan\u0131&#8217;n\u0131n g\u00f6rev s\u00fcresi 5 y\u0131ld\u0131r. Bir kimse en \u00e7ok iki defa Cumhurba\u015fkan\u0131 se\u00e7ilebilir. (Bkz. 2012 y\u0131l\u0131nda yap\u0131lan Anayasa de\u011fi\u015fiklikleri) Cumhurba\u015fkan\u0131 se\u00e7ilenin, varsa siyasi partisi ile ili\u015fi\u011fi kesilir ve T\u00fcrkiye B\u00fcy\u00fck Millet Meclisi \u00fcyeli\u011fi sona erer.<\/p>\n<p>Se\u00e7im[de\u011fi\u015ftir | kayna\u011f\u0131 de\u011fi\u015ftir]<br \/>\nCumhurba\u015fkan\u0131 se\u00e7imi ile ilgili d\u00fczenlemeler anayasan\u0131n 102. maddesinde belirtilmi\u015ftir. Cumhurba\u015fkan\u0131&#8217;n\u0131n g\u00f6rev s\u00fcresinin dolmas\u0131ndan \u00f6nceki altm\u0131\u015f g\u00fcn i\u00e7inde; makam\u0131n herhangi bir sebeple bo\u015falmas\u0131 halinde ise bo\u015falmay\u0131 takip eden altm\u0131\u015f g\u00fcn i\u00e7inde tamamlan\u0131r. Genel oyla yap\u0131lacak se\u00e7imde, ge\u00e7erli oylar\u0131n salt \u00e7o\u011funlu\u011funu alan aday Cumhurba\u015fkan\u0131 se\u00e7ilmi\u015f olur. \u0130lk oylamada bu \u00e7o\u011funluk sa\u011flanamazsa, bu oylamay\u0131 izleyen ikinci pazar g\u00fcn\u00fc ikinci oylama yap\u0131l\u0131r. Bu oylamaya, ilk oylamada en \u00e7ok oy alm\u0131\u015f bulunan iki aday kat\u0131l\u0131r ve ge\u00e7erli oylar\u0131n \u00e7o\u011funlu\u011funu alan aday Cumhurba\u015fkan\u0131 se\u00e7ilmi\u015f olur.<br \/>\n<!--more--><\/p>\n<p>\u0130kinci oylamaya kat\u0131lmaya hak kazanan adaylardan birinin \u00f6l\u00fcm\u00fc veya se\u00e7ilme yeterli\u011fini kaybetmesi halinde; ikinci oylama, bo\u015falan adayl\u0131\u011f\u0131n birinci oylamadaki s\u0131raya g\u00f6re ikame edilmesi suretiyle yap\u0131l\u0131r. \u0130kinci oylamaya tek aday\u0131n kalmas\u0131 halinde, bu oylama referandum \u015feklinde yap\u0131l\u0131r. Aday, ge\u00e7erli oylar\u0131n \u00e7o\u011funlu\u011funu ald\u0131\u011f\u0131 takdirde Cumhurba\u015fkan\u0131 se\u00e7ilmi\u015f olur.<\/p>\n<p>Cumhurba\u015fkan\u0131 g\u00f6reve ba\u015flay\u0131ncaya kadar g\u00f6rev s\u00fcresi dolan Cumhurba\u015fkan\u0131&#8217;n\u0131n g\u00f6revi devam eder. Cumhurba\u015fkanl\u0131\u011f\u0131 se\u00e7imine ili\u015fkin us\u00fbl ve esaslar kanunla d\u00fczenlenir.<\/p>\n<p>And i\u00e7mesi[de\u011fi\u015ftir | kayna\u011f\u0131 de\u011fi\u015ftir]<br \/>\nAnayasan\u0131n 103. maddesine g\u00f6re Cumhurba\u015fkan\u0131, g\u00f6revine ba\u015flarken T\u00fcrkiye B\u00fcy\u00fck Millet Meclisi \u00f6n\u00fcnde a\u015fa\u011f\u0131daki \u015fekilde and i\u00e7er:<\/p>\n<p>&#8220;Cumhurba\u015fkan\u0131 s\u0131fat\u0131yla, Devletin varl\u0131\u011f\u0131 ve ba\u011f\u0131ms\u0131zl\u0131\u011f\u0131n\u0131, vatan\u0131n ve Milletin b\u00f6l\u00fcnmez b\u00fct\u00fcnl\u00fc\u011f\u00fcn\u00fc, Milletin kay\u0131ts\u0131z ve \u015farts\u0131z egemenli\u011fini koruyaca\u011f\u0131ma, anayasaya, hukukun \u00fcst\u00fcnl\u00fc\u011f\u00fcne, demokrasiye, Atat\u00fcrk ilke ve ink\u0131laplar\u0131na ve laik cumhuriyet ilkesine ba\u011fl\u0131 kalaca\u011f\u0131ma, milletin huzur ve refah\u0131, milli dayan\u0131\u015fma ve adalet anlay\u0131\u015f\u0131 i\u00e7inde herkesin insan haklar\u0131ndan ve temel h\u00fcrriyetlerinden yararlanmas\u0131 \u00fclk\u00fcs\u00fcnden ayr\u0131lmayaca\u011f\u0131ma, T\u00fcrkiye Cumhuriyetinin \u015fan ve \u015ferefini korumak, y\u00fcceltmek ve \u00fczerime ald\u0131\u011f\u0131m g\u00f6revi tarafs\u0131zl\u0131kla yerine getirmek i\u00e7in b\u00fct\u00fcn g\u00fcc\u00fcmle \u00e7al\u0131\u015faca\u011f\u0131ma b\u00fcy\u00fck T\u00fcrk Milleti ve tarih huzurunda, namusum ve \u015ferefim \u00fczerine and i\u00e7erim.&#8221;[2]<\/p>\n<p>G\u00f6rev ve Yetkileri[de\u011fi\u015ftir | kayna\u011f\u0131 de\u011fi\u015ftir]<br \/>\nAnayasan\u0131n 104. maddesine g\u00f6re g\u00f6rev ve yetkiler belirlenmi\u015ftir. Cumhurba\u015fkan\u0131 Devletin ba\u015f\u0131d\u0131r. Bu s\u0131fatla T\u00fcrkiye Cumhuriyeti&#8217;ni ve T\u00fcrk Milleti&#8217;nin birli\u011fini temsil eder; Anayasa&#8217;n\u0131n uygulanmas\u0131n\u0131, Devlet organlar\u0131n\u0131n d\u00fczenli ve uyumlu \u00e7al\u0131\u015fmas\u0131n\u0131 g\u00f6zetir. Bu ama\u00e7larla Anayasa&#8217;n\u0131n ilgili maddelerinde g\u00f6sterilen ko\u015fullara uyarak yapaca\u011f\u0131 g\u00f6rev ve kullanaca\u011f\u0131 yetkiler \u015funlard\u0131r:<\/p>\n<p>Yasama ile ilgili olanlar[de\u011fi\u015ftir | kayna\u011f\u0131 de\u011fi\u015ftir]<br \/>\nGerekli g\u00f6rd\u00fc\u011f\u00fc takdirde, yasama y\u0131l\u0131n\u0131n ilk g\u00fcn\u00fc T\u00fcrkiye B\u00fcy\u00fck Millet Meclisi&#8217;nde a\u00e7\u0131l\u0131\u015f konu\u015fmas\u0131n\u0131 yapmak, T\u00fcrkiye B\u00fcy\u00fck Millet Meclisi&#8217;ni gerekti\u011finde toplant\u0131ya \u00e7a\u011f\u0131rmak,<br \/>\nYasalar\u0131 yay\u0131mlamak,<br \/>\nYasalar\u0131 yeniden g\u00f6r\u00fc\u015f\u00fclmek \u00fczere T\u00fcrkiye B\u00fcy\u00fck Millet Meclisi&#8217;ne geri g\u00f6ndermek,<br \/>\nAnayasa de\u011fi\u015fikliklerine ili\u015fkin yasalar\u0131 gerekli g\u00f6rd\u00fc\u011f\u00fc takdirde halk oyuna sunmak,<br \/>\nYasalar\u0131n, kanun h\u00fckm\u00fcndeki kararnamelerin,T\u00fcrkiye B\u00fcy\u00fck Millet Meclisi \u0130\u00e7 t\u00fcz\u00fc\u011f\u00fc&#8217;n\u00fcn, t\u00fcm\u00fcn\u00fcn ya da belirli kurallar\u0131n\u0131n anayasaya bi\u00e7im ya da esas y\u00f6n\u00fcnden ayk\u0131r\u0131 olduklar\u0131 gerek\u00e7esi ile Anayasa Mahkemesi&#8217;nde iptal davas\u0131 a\u00e7mak,<br \/>\nT\u00fcrkiye B\u00fcy\u00fck Millet Meclisi se\u00e7imlerinin yenilenmesine karar vermek,<br \/>\nY\u00fcr\u00fctme alan\u0131na ili\u015fkin olanlar[de\u011fi\u015ftir | kayna\u011f\u0131 de\u011fi\u015ftir]<\/p>\n<p>T\u00fcrkiye Cumhurba\u015fkan\u0131&#8217;n\u0131n T\u00fcrk Silahl\u0131 Kuvvetleri Ba\u015fkomutan\u0131 s\u0131fat\u0131yla kulland\u0131\u011f\u0131 bayrak<br \/>\nBa\u015fbakan\u0131 atamak ve istifas\u0131n\u0131 kabul etmek,<br \/>\nBa\u015fbakan\u0131n \u00f6nerisi \u00fczerine Bakanlar\u0131 atamak ve g\u00f6revlerine son vermek,<br \/>\nGerekli g\u00f6rd\u00fc\u011f\u00fcnde Bakanlar Kurulu&#8217;na Ba\u015fkanl\u0131k etmek ya da Bakanlar Kurulu&#8217;nu Ba\u015fkanl\u0131\u011f\u0131 alt\u0131nda toplant\u0131ya \u00e7a\u011f\u0131rmak,<br \/>\nYabanc\u0131 devletlere T\u00fcrk Devleti&#8217;nin temsilcilerini g\u00f6ndermek, T\u00fcrkiye Cumhuriyeti&#8217;ne g\u00f6nderilecek yabanc\u0131 devlet temsilcilerini kabul etmek,<br \/>\nUluslararas\u0131 antla\u015fmalar\u0131 onaylamak ve yay\u0131mlamak,<br \/>\nT\u00fcrkiye B\u00fcy\u00fck Millet Meclisi ad\u0131na T\u00fcrk Silahl\u0131 Kuvvetleri&#8217;nin Ba\u015fkomutan\u0131 olmas\u0131,<br \/>\nT\u00fcrk Silahl\u0131 Kuvvetleri&#8217;nin kullan\u0131lmas\u0131na karar vermek,<br \/>\nGenelkurmay Ba\u015fkan\u0131&#8217;n\u0131 atamak,<br \/>\nMilli G\u00fcvenlik Kurulu&#8217;nu toplant\u0131ya \u00e7a\u011f\u0131rmak,<br \/>\nMilli G\u00fcvenlik Kurulu&#8217;na Ba\u015fkanl\u0131k etmek,<br \/>\nBa\u015fkanl\u0131\u011f\u0131nda toplanan Bakanlar Kurulu karar\u0131yla s\u0131k\u0131y\u00f6netim ya da ola\u011fan\u00fcst\u00fc hal ilan etmek ve kanun h\u00fckm\u00fcnde kararname \u00e7\u0131karmak,<br \/>\nKararnameleri imzalamak,<br \/>\nS\u00fcrekli hastal\u0131k, sakatl\u0131k ve kocama sebebi ile belirli ki\u015filerin cezalar\u0131n\u0131 hafifletmek ya da kald\u0131rmak,<br \/>\nDevlet Denetleme Kurulu&#8217;nun \u00fcyelerini ve Ba\u015fkan\u0131n\u0131 atamak,<br \/>\nDevlet Denetleme Kurulu&#8217;na inceleme, ara\u015ft\u0131rma ve denetleme yapt\u0131rmak,<br \/>\nY\u00fcksek\u00f6\u011fretim Kurulu \u00fcyelerini se\u00e7mek,<br \/>\n\u00dcniversite rekt\u00f6rlerini se\u00e7mek,<br \/>\nYarg\u0131 ile ilgili olanlar[de\u011fi\u015ftir | kayna\u011f\u0131 de\u011fi\u015ftir]<br \/>\nAnayasa Mahkemesi \u00fcyelerini, Dan\u0131\u015ftay \u00fcyelerinin d\u00f6rtte birini, Yarg\u0131tay Cumhuriyet Ba\u015fsavc\u0131s\u0131 ve Yarg\u0131tay Cumhuriyet Ba\u015fsavc\u0131vekilini, Askeri Y\u00fcksek \u0130dare Mahkemesi \u00fcyelerini, Hakimler ve Savc\u0131lar Y\u00fcksek Kurulu \u00fcyelerini se\u00e7mek.<\/p>\n<p>Cumhurba\u015fkan\u0131, ayr\u0131ca Anayasada ve kanunlarda verilen se\u00e7me ve atama g\u00f6revleri ile di\u011fer g\u00f6revleri yerine getirir ve yetkileri kullan\u0131r.<\/p>\n<p>Sorumluluk ve sorumsuzluk hali[de\u011fi\u015ftir | kayna\u011f\u0131 de\u011fi\u015ftir]<br \/>\nCumhurba\u015fkan\u0131&#8217;n\u0131n sorumluluk ve sorumsuzluk halleri anayasan\u0131n 105. maddesinde belirlenmi\u015ftir.<\/p>\n<p>Cumhurba\u015fkan\u0131&#8217;n\u0131n, Anayasa ve di\u011fer yasalarda Ba\u015fbakan ve ilgili bakan\u0131n imzalar\u0131na gerek olmaks\u0131z\u0131n tek ba\u015f\u0131na yapabilece\u011fi belirtilen i\u015flemleri d\u0131\u015f\u0131ndaki b\u00fct\u00fcn kararlar\u0131, Ba\u015fbakan ve ilgili bakanlarca imzalan\u0131r. Bu kararlardan Ba\u015fbakan ve ilgili bakan sorumludur. Cumhurba\u015fkan\u0131&#8217;n\u0131n resmen imzalad\u0131\u011f\u0131 kararlar ve emirler aleyhine Anayasa Mahkemesi dahil, yarg\u0131 mercilerine ba\u015fvurulamaz.<\/p>\n<p>Cumhurba\u015fkan\u0131, vatana ihanetten dolay\u0131, T\u00fcrkiye B\u00fcy\u00fck Millet Meclisi \u00fcye tam say\u0131s\u0131n\u0131n en az \u00fc\u00e7te birinin \u00f6nerisi \u00fczerine, \u00fcye tam say\u0131s\u0131n\u0131n en az d\u00f6rtte \u00fc\u00e7\u00fcn\u00fcn verece\u011fi kararla su\u00e7land\u0131r\u0131l\u0131r.<\/p>\n<p>Cumhurba\u015fkan\u0131&#8217;na Vekillik Etme[de\u011fi\u015ftir | kayna\u011f\u0131 de\u011fi\u015ftir]<br \/>\nAna madde: T\u00fcrkiye Cumhurba\u015fkan\u0131 Vekili<br \/>\nCumhurba\u015fkan\u0131&#8217;na vekalet etme anayasan\u0131n 106. maddesinde d\u00fczenlenmi\u015ftir. Cumhurba\u015fkan\u0131&#8217;n\u0131n hastal\u0131k ve yurt d\u0131\u015f\u0131na \u00e7\u0131kma gibi nedenlerle ge\u00e7ici olarak g\u00f6revinden ayr\u0131lmas\u0131 durumlar\u0131nda, g\u00f6revine d\u00f6nmesine kadar; \u00f6l\u00fcm, \u00e7ekilme ya da ba\u015fka bir nedenle Cumhurba\u015fkanl\u0131\u011f\u0131 makam\u0131n\u0131n bo\u015falmas\u0131 durumunda da yenisi se\u00e7ilinceye kadar, T\u00fcrkiye B\u00fcy\u00fck Millet Meclisi Ba\u015fkan\u0131 Cumhurba\u015fkanl\u0131\u011f\u0131&#8217;na vekillik eder ve Cumhurba\u015fkan\u0131&#8217;na ili\u015fkin yetkileri kullan\u0131r.<\/p>\n<p>Cumhurba\u015fkanl\u0131\u011f\u0131 Forsu[de\u011fi\u015ftir | kayna\u011f\u0131 de\u011fi\u015ftir]<\/p>\n<p>T\u00fcrkiye Cumhuriyeti Cumhurba\u015fkanl\u0131\u011f\u0131 forsu<br \/>\nT\u00fcrkiye Cumhuriyeti Cumhurba\u015fkanl\u0131\u011f\u0131&#8217;n\u0131n resmi forsudur. 17 tane y\u0131ld\u0131zdan olu\u015fur. Ortadaki b\u00fcy\u00fck y\u0131ld\u0131z T\u00fcrkiye Cumhuriyeti&#8217;ni temsil eder. Geriye kalan 16 tane y\u0131ld\u0131z ise tarihteki T\u00fcrk devletlerini temsil eder.<\/p>\n<p> B\u00fcy\u00fck Hun \u0130mparatorlu\u011fu (M.\u00d6. 220 &#8211; M.\u00d6. 46)<br \/>\n Bat\u0131 Hun \u0130mparatorlu\u011fu (M.S. 48 &#8211; M.S. 216)<br \/>\n Avrupa Hun \u0130mparatorlu\u011fu (352 &#8211; 469)<br \/>\n Ak Hun \u0130mparatorlu\u011fu (420 &#8211; 670)<br \/>\n G\u00f6kt\u00fcrk \u0130mparatorlu\u011fu (552 &#8211; 744)<br \/>\n Avar \u0130mparatorlu\u011fu (562 &#8211; 803)<br \/>\n Hazar Ka\u011fanl\u0131\u011f\u0131 (630 &#8211; 1048)<br \/>\n Uygur Devleti (742 &#8211; 840)<br \/>\n Karahanl\u0131lar Devleti (840 &#8211; 1212)<br \/>\n Gazne Devleti (961 &#8211; 1186)<br \/>\n B\u00fcy\u00fck Sel\u00e7uklu \u0130mparatorlu\u011fu (985\/1038 &#8211; 1157)<br \/>\n Harezm\u015fahlar Devleti (1077 &#8211; 1231)<br \/>\n Alt\u0131n Orda Devleti (1242 &#8211; 1502)<br \/>\n B\u00fcy\u00fck Timur \u0130mparatorlu\u011fu (1370 &#8211; 1507)<br \/>\n Bab\u00fcr \u0130mparatorlu\u011fu (1526 &#8211; 1858)<br \/>\n Osmanl\u0131 \u0130mparatorlu\u011fu (1299 -1 Kas\u0131m 1922)<br \/>\nCumhurba\u015fkanlar\u0131[de\u011fi\u015ftir | kayna\u011f\u0131 de\u011fi\u015ftir]<br \/>\nAna madde: T\u00fcrkiye cumhurba\u015fkanlar\u0131 listesi<\/p>\n","protected":false},"excerpt":{"rendered":"<p>T\u00fcrkiye Cumhurba\u015fkan\u0131 T\u00fcrkiye Cumhuriyeti&#8217;nin ba\u015f\u0131d\u0131r. Bu mahiyetle T\u00fcrkiye Cumhuriyeti ve T\u00fcrk halk\u0131n\u0131n birli\u011fini temsil etmektedir. T\u00fcrk Anayasas\u0131n\u0131n yerine getirilmesi ve devlet organlar\u0131n\u0131n organize ve uyumlu i\u015f yapabilmesini garanti eder. G\u00f6rev ve yetkileri anayasan\u0131n 101. maddesinden 107. maddesine[1] kadar belirtilmi\u015ftir. Cumhurba\u015fkanl\u0131\u011f\u0131 29 Ekim 1923&#8217;te resm\u00ee olarak olu\u015ftu. Se\u00e7ilen ilk Cumhurba\u015fkan\u0131 Mustafa Kemal Atat\u00fcrk&#8217;t\u00fcr. 29 Ekim 1923 [&hellip;]<\/p>\n","protected":false},"author":2,"featured_media":0,"comment_status":"open","ping_status":"open","sticky":false,"template":"","format":"standard","meta":{"footnotes":""},"categories":[7],"tags":[],"class_list":["post-19295","post","type-post","status-publish","format-standard","hentry","category-turkiy-dbiyyati"],"_links":{"self":[{"href":"http:\/\/edebiyyat-az.com\/index.php?rest_route=\/wp\/v2\/posts\/19295","targetHints":{"allow":["GET"]}}],"collection":[{"href":"http:\/\/edebiyyat-az.com\/index.php?rest_route=\/wp\/v2\/posts"}],"about":[{"href":"http:\/\/edebiyyat-az.com\/index.php?rest_route=\/wp\/v2\/types\/post"}],"author":[{"embeddable":true,"href":"http:\/\/edebiyyat-az.com\/index.php?rest_route=\/wp\/v2\/users\/2"}],"replies":[{"embeddable":true,"href":"http:\/\/edebiyyat-az.com\/index.php?rest_route=%2Fwp%2Fv2%2Fcomments&post=19295"}],"version-history":[{"count":2,"href":"http:\/\/edebiyyat-az.com\/index.php?rest_route=\/wp\/v2\/posts\/19295\/revisions"}],"predecessor-version":[{"id":19319,"href":"http:\/\/edebiyyat-az.com\/index.php?rest_route=\/wp\/v2\/posts\/19295\/revisions\/19319"}],"wp:attachment":[{"href":"http:\/\/edebiyyat-az.com\/index.php?rest_route=%2Fwp%2Fv2%2Fmedia&parent=19295"}],"wp:term":[{"taxonomy":"category","embeddable":true,"href":"http:\/\/edebiyyat-az.com\/index.php?rest_route=%2Fwp%2Fv2%2Fcategories&post=19295"},{"taxonomy":"post_tag","embeddable":true,"href":"http:\/\/edebiyyat-az.com\/index.php?rest_route=%2Fwp%2Fv2%2Ftags&post=19295"}],"curies":[{"name":"wp","href":"https:\/\/api.w.org\/{rel}","templated":true}]}}