{"id":19389,"date":"2016-04-18T01:00:44","date_gmt":"2016-04-17T21:00:44","guid":{"rendered":"http:\/\/edebiyyat-az.com\/?p=19389"},"modified":"2016-04-18T09:59:43","modified_gmt":"2016-04-18T05:59:43","slug":"tokat-sairler-ve-yazarlar-dernegi-kongresi-yapildi","status":"publish","type":"post","link":"http:\/\/edebiyyat-az.com\/?p=19389","title":{"rendered":"TOKAT \u015eA\u0130RLER VE YAZARLAR DERNE\u011e\u0130 KONGRES\u0130 YAPILDI"},"content":{"rendered":"<p><a href=\"http:\/\/edebiyyat-az.com\/wp-content\/uploads\/2016\/04\/tk.jpg\"><img loading=\"lazy\" decoding=\"async\" src=\"http:\/\/edebiyyat-az.com\/wp-content\/uploads\/2016\/04\/tk-300x200.jpg\" alt=\"tk\" width=\"300\" height=\"200\" class=\"alignnone size-medium wp-image-19398\" srcset=\"http:\/\/edebiyyat-az.com\/wp-content\/uploads\/2016\/04\/tk-300x200.jpg 300w, http:\/\/edebiyyat-az.com\/wp-content\/uploads\/2016\/04\/tk.jpg 600w\" sizes=\"auto, (max-width: 300px) 100vw, 300px\" \/><\/a><\/p>\n<p>2006 y\u0131l\u0131nda kurulan Tokat \u015eairler ve Yazarlar Derne\u011fi (TO\u015eAYAD) nin 6. ola\u011fan genel kurulu yap\u0131ld\u0131. Genel kurulda,  Y\u00f6netim ve Denetleme Kurulu Raporlar\u0131\u2019n\u0131n okunmas\u0131n\u0131n ve ayr\u0131 ayr\u0131 oylanarak kabul edilmelerinin ard\u0131ndan Yeni Y\u00f6netim Kurulu se\u00e7imi yap\u0131ld\u0131. Remzi Zengin, ba\u015fkanl\u0131\u011f\u0131n\u0131 devam ettirirken, y\u00f6netiminde Hasan Akar, Mahmut Hasg\u00fcl, Burhan Kurddan, A. Turan Erdo\u011fan, Nihat Aymak ve S\u00fcnd\u00fcs Arslan Ak\u00e7a yer ald\u0131. Denetleme Kurulu \u00dcyeleri de Necmi Melek, Ahmet Divriko\u011flu ile \u0130lhan Ko\u00e7g\u00f6z ile olu\u015fturuldu.<\/p>\n<p>Yeni y\u00f6netimi tebrik ediyor ve Tokat \u015eairler ve Yazarlar Derne\u011fine ve k\u00fclt\u00fcr edebiyat camias\u0131na hay\u0131rl\u0131 u\u011furlu olmas\u0131n\u0131 diliyoruz.<\/p>\n","protected":false},"excerpt":{"rendered":"<p>2006 y\u0131l\u0131nda kurulan Tokat \u015eairler ve Yazarlar Derne\u011fi (TO\u015eAYAD) nin 6. ola\u011fan genel kurulu yap\u0131ld\u0131. Genel kurulda, Y\u00f6netim ve Denetleme Kurulu Raporlar\u0131\u2019n\u0131n okunmas\u0131n\u0131n ve ayr\u0131 ayr\u0131 oylanarak kabul edilmelerinin ard\u0131ndan Yeni Y\u00f6netim Kurulu se\u00e7imi yap\u0131ld\u0131. Remzi Zengin, ba\u015fkanl\u0131\u011f\u0131n\u0131 devam ettirirken, y\u00f6netiminde Hasan Akar, Mahmut Hasg\u00fcl, Burhan Kurddan, A. Turan Erdo\u011fan, Nihat Aymak ve S\u00fcnd\u00fcs Arslan [&hellip;]<\/p>\n","protected":false},"author":2,"featured_media":0,"comment_status":"open","ping_status":"open","sticky":false,"template":"","format":"standard","meta":{"footnotes":""},"categories":[7],"tags":[],"class_list":["post-19389","post","type-post","status-publish","format-standard","hentry","category-turkiy-dbiyyati"],"_links":{"self":[{"href":"http:\/\/edebiyyat-az.com\/index.php?rest_route=\/wp\/v2\/posts\/19389","targetHints":{"allow":["GET"]}}],"collection":[{"href":"http:\/\/edebiyyat-az.com\/index.php?rest_route=\/wp\/v2\/posts"}],"about":[{"href":"http:\/\/edebiyyat-az.com\/index.php?rest_route=\/wp\/v2\/types\/post"}],"author":[{"embeddable":true,"href":"http:\/\/edebiyyat-az.com\/index.php?rest_route=\/wp\/v2\/users\/2"}],"replies":[{"embeddable":true,"href":"http:\/\/edebiyyat-az.com\/index.php?rest_route=%2Fwp%2Fv2%2Fcomments&post=19389"}],"version-history":[{"count":1,"href":"http:\/\/edebiyyat-az.com\/index.php?rest_route=\/wp\/v2\/posts\/19389\/revisions"}],"predecessor-version":[{"id":19399,"href":"http:\/\/edebiyyat-az.com\/index.php?rest_route=\/wp\/v2\/posts\/19389\/revisions\/19399"}],"wp:attachment":[{"href":"http:\/\/edebiyyat-az.com\/index.php?rest_route=%2Fwp%2Fv2%2Fmedia&parent=19389"}],"wp:term":[{"taxonomy":"category","embeddable":true,"href":"http:\/\/edebiyyat-az.com\/index.php?rest_route=%2Fwp%2Fv2%2Fcategories&post=19389"},{"taxonomy":"post_tag","embeddable":true,"href":"http:\/\/edebiyyat-az.com\/index.php?rest_route=%2Fwp%2Fv2%2Ftags&post=19389"}],"curies":[{"name":"wp","href":"https:\/\/api.w.org\/{rel}","templated":true}]}}