{"id":19391,"date":"2016-04-18T03:00:07","date_gmt":"2016-04-17T23:00:07","guid":{"rendered":"http:\/\/edebiyyat-az.com\/?p=19391"},"modified":"2016-04-18T09:59:46","modified_gmt":"2016-04-18T05:59:46","slug":"dernegimiz-uyeleri-plevnede-idi","status":"publish","type":"post","link":"http:\/\/edebiyyat-az.com\/?p=19391","title":{"rendered":"DERNE\u011e\u0130M\u0130Z \u00dcYELER\u0130 PLEVNE\u2019DE \u0130D\u0130"},"content":{"rendered":"<p><a href=\"http:\/\/edebiyyat-az.com\/wp-content\/uploads\/2016\/04\/pd.jpg\"><img loading=\"lazy\" decoding=\"async\" src=\"http:\/\/edebiyyat-az.com\/wp-content\/uploads\/2016\/04\/pd-300x200.jpg\" alt=\"pd\" width=\"300\" height=\"200\" class=\"alignnone size-medium wp-image-19396\" srcset=\"http:\/\/edebiyyat-az.com\/wp-content\/uploads\/2016\/04\/pd-300x200.jpg 300w, http:\/\/edebiyyat-az.com\/wp-content\/uploads\/2016\/04\/pd.jpg 600w\" sizes=\"auto, (max-width: 300px) 100vw, 300px\" \/><\/a><\/p>\n<p>A\u011eLA PLEVNE A\u011eLA TUNA NEHR\u0130NCE<\/p>\n<p>                    Hasan AKAR<\/p>\n<p>\u201cA\u011fla Plevne a\u011fla Tuna Nehrince,<br \/>\nT\u00fcrk\u2019e bu ayr\u0131l\u0131\u011f\u0131n ba\u015f\u0131 nerede?<br \/>\nG\u00f6nl\u00fcm alm\u0131yor, g\u00f6z\u00fcm g\u00fclm\u00fcyor art\u0131k,<br \/>\nSana d\u00f6kt\u00fc\u011f\u00fcm hasretin ya\u015f\u0131 nerede?\u201d<\/p>\n<p>Plevne, Tuna Nehri, Gazi Osman Pa\u015fa ve 1877-1878 Osmanl\u0131 Rus Sava\u015f\u0131nda g\u00f6sterilen kahramanl\u0131klar ve sonras\u0131nda ya\u015fanan Balkan facias\u0131, g\u00f6\u00e7ler T\u00fcrk tarihinin ve her T\u00fcrk gencinin haf\u0131zalar\u0131ndan kolay kolay silinmeyecek \u0130n\u015fallah.<\/p>\n<p>Hepimizin bildi\u011fi Tuna Mar\u015f\u0131\u2019nda \u201cNeden Tuna Nehri akmad\u0131, Gazi Osman Pa\u015fa neden Plevne\u2019den \u00e7\u0131kmam dedi? Tarih\u00e7ilerin yazd\u0131\u011f\u0131, anlatt\u0131\u011f\u0131 kadar sorunun cevab\u0131n\u0131 daha kolay bulabilmeniz i\u00e7in diyebilirim ki o topraklar\u0131 ve bug\u00fcnk\u00fc durumunu g\u00f6rmek gerek.<\/p>\n<p>Ar\u015fivime bakt\u0131\u011f\u0131mda kalemimin g\u00fcc\u00fc oran\u0131nda bu konu ile ilgili olarak, 06.09 1998 tarihinde Tokat Gazetesinde \u201cA\u015f\u0131nmayan Bir Destan Plevne\u201d, 22.07.1998\u2019de \u201cBayraks\u0131z Do\u011fup Bayrak Alt\u0131nda \u00d6lmek\u201d ad\u0131yla Ye\u015fil Niksar Gazetesinde iki yaz\u0131 yazm\u0131\u015f\u0131m.<\/p>\n<p>24 \u015eubat 2012 tarihinde de Tokat Gaziosmanpa\u015fa \u00dcniversitesi\u2019nde fahri doktora unvan\u0131 i\u00e7in \u015fehrimize davet edilen \u201c\u00c7anakkale Mah\u015feri\u201d eserinin yazar\u0131 Ara\u015ft\u0131rmac\u0131-Yazar Mehmet Niyazi Bey ile Tokat G\u00fcne\u015f TV\u2019de Tarih\u00e7i H\u00fcseyin Sipahi karde\u015fimle ertesi g\u00fcn d\u00f6nemin valisi \u015eerif YILMAZ Bey\u2019in talimatlar\u0131 do\u011frultusunda program yapm\u0131\u015f\u0131z.<\/p>\n<p>Benim i\u00e7in \u00e7ok de\u011fer ta\u015f\u0131yan di\u011fer g\u00fczellikler de her zaman gurur duydu\u011fum O\u2019nun ad\u0131n\u0131 ta\u015f\u0131yan okulun \u00f6\u011frencisi olmak, Tokat\u2019ta Gazi Osman Pa\u015fa An\u0131t\u0131n\u0131 yapan Yard. Do\u00e7. Dr. Necati KIVRAK hocam\u0131zdan resim dersleri almak, Ocak 2010\u2019da Fransa\u2019da ya\u015fayan Gazi Osman Pa\u015fa\u2019n\u0131n ve Sultan 2.Abd\u00fclhamit\u2019in torunu B\u00fclent Osman\u2019la \u015fehrimizi ziyaretinde tan\u0131\u015fma ve g\u00f6r\u00fc\u015fme imk\u00e2n\u0131 bulabilmek, Tokat Kent Konseyi E\u011fitim, K\u00fclt\u00fcr ve Sanat \u00c7al\u0131\u015fma Grubu Ba\u015fkan\u0131 oldu\u011fum d\u00f6nemde Gazi Osman Pa\u015fa ile ilgili \u015fiir, kompozisyon ve resim yar\u0131\u015fmas\u0131 a\u00e7arak dereceye girenleri ilk defa \u0130stanbul\u2019a g\u00f6t\u00fcr\u00fcp Gazi Osman Pa\u015fa Kaymakaml\u0131\u011f\u0131\u2019n\u0131n d\u00fczenledi\u011fi Anma Program\u0131na kat\u0131labilmemiz, \u00fclkemizin ve \u015fehrimizin y\u00fcz ak\u0131 olan K\u00dcMBET k\u00fclt\u00fcr ve sanat dergisinin bir say\u0131s\u0131n\u0131 Gazi Osman Pa\u015fa \u00d6zel Say\u0131s\u0131 olarak \u00e7\u0131karabilmemizdir.<\/p>\n<p>E\u011fitim yuvalar\u0131 olan okullar \u00f6\u011fretimlerinin yan\u0131 s\u0131ra \u00f6\u011frencilere e\u011fitim de verirler. \u015eehirlerin k\u00fclt\u00fcr ve sanatlar\u0131nda okullar\u0131n \u00f6nemini burada tart\u0131\u015fman\u0131n bir anlam\u0131 yok.1936 y\u0131l\u0131nda \u00f6\u011fretime a\u00e7\u0131lan Tokat Gazi Osman Pa\u015fa Lisesi i\u015fte bunun en g\u00fczel \u00f6rne\u011fidir. Bu \u015fehirde \u00fcniversite kuruluncaya kadar adeta bu g\u00f6revi her alanda ba\u015far\u0131yla \u00fcstlenerek \u00fclkemize \u00e7ok say\u0131da de\u011feri kazand\u0131rm\u0131\u015ft\u0131r. \u0130stanbul\u2019daki Kabata\u015f Lisesi, Galatasaray Lisesi ne ise Tokat i\u00e7in de bu lise o denli kaliteli bir e\u011fitim vermi\u015ftir. D\u00fcn oldu\u011fu gibi gelenekselle\u015fen bu ba\u015far\u0131 daha da artarak devam etmektedir. D\u00fcn\u00fcn ve bug\u00fcn\u00fcn emek sahibi y\u00f6neticilerini, \u00f6\u011fretmenlerini ve di\u011fer \u00e7al\u0131\u015fanlar\u0131n\u0131 kutlamak gerek.<\/p>\n<p>Tokat\u2019\u0131n tarihi bu okulundan mezun olanlar da vefal\u0131 bir hareketle 2004 y\u0131l\u0131nda Dr. Bilal Durmaz ba\u015fkanl\u0131\u011f\u0131nda Tokat Gazi Osman Pa\u015fa Lisesi Mezunlar\u0131 Derne\u011fi\u2019ni kurmu\u015flar. Bayra\u011f\u0131 daha sonra dokuz y\u0131l s\u00fcreyle s\u0131n\u0131f arkada\u015f\u0131m Necmi Melek ta\u015f\u0131d\u0131. 2015 y\u0131l\u0131ndan beri de \u015fehrimizin sevilen simalar\u0131ndan Av. Melih Yard\u0131mc\u0131 Bey i\u015fin ba\u015f\u0131nda. Dernek \u00f6\u011frencilere imk\u00e2nlar\u0131 \u00f6l\u00e7\u00fcs\u00fcnde sosyal yard\u0131mlar\u0131n yan\u0131 s\u0131ra her y\u0131l Haziran ay\u0131n\u0131n ilk haftas\u0131nda mezunlar g\u00fcn\u00fc tertip ediyor ve be\u015f y\u0131ld\u0131r da ALMANAK ad\u0131yla okulu tan\u0131tan, e\u011fitimcilerin ve mezunlar\u0131n hayat ve hat\u0131ralar\u0131n\u0131 yans\u0131tan kaliteli bir dergiye imza at\u0131yor.<\/p>\n<p>Tokat Gazi Osman Pa\u015fa Lisesi Mezunlar Derne\u011fi bu y\u0131l farkl\u0131 bir etkinli\u011fe daha imza atmay\u0131 ba\u015fard\u0131. B\u00fcy\u00fck kahraman\u0131n aram\u0131zdan ayr\u0131l\u0131\u015f\u0131n\u0131n 116. y\u0131l\u0131nda Plevne\u2019ye ve \u0130stanbul\u2019a bir k\u00fclt\u00fcr-vefa gezisi d\u00fczenledi. Dernek Ba\u015fkan\u0131 Av. Melih YARDIMCI ve y\u00f6netim kurulunun koordinesindeki etkinli\u011fe Okul M\u00fcd\u00fcr\u00fc Mehmet Yorulmaz, Md. Ba\u015f Yard\u0131mc\u0131s\u0131 Salih Bilgilio\u011flu, Dernek Eski Ba\u015fkan\u0131 Necmi Melek, Y\u00f6netim Kurulu \u00fcyelerinden Dr. Mete Bayburtlu, \u00d6mer Sa\u011fol, Ferdi \u015eentarl\u0131, Ramazan \u00c7akmak, Hasan Akar, Mahmut Hasg\u00fcl, Tokat \u015eairler ve Yazarlar Derne\u011finden Remzi Zengin, Burhan Kurddan, Dr. Alper Ak\u0131n kat\u0131ld\u0131lar.<\/p>\n<p>1 Nisan 2016 gecesi be\u015f as\u0131r h\u00e2kimiyetimizde kalan, at ko\u015fturdu\u011fumuz, k\u00fclt\u00fcr ve sanat\u0131m\u0131z\u0131 ta\u015f\u0131d\u0131\u011f\u0131m\u0131z ecdat yadig\u00e2r\u0131 Bulgaristan topraklar\u0131nday\u0131z. Konaklama merkezimiz ba\u015fkent Sofya. Ertesi g\u00fcn \u015fehirde Bulgarlar\u0131n zulm\u00fcne dayanabilmi\u015f, baz\u0131lar\u0131 ba\u015fka yap\u0131lara d\u00f6n\u00fc\u015ft\u00fcr\u00fclm\u00fc\u015f ama h\u00e2l\u00e2 ben T\u00fcrk\u2019\u00fcm diyen birka\u00e7 tarihi eseri gezebiliyoruz. Bunlardan biri de halk\u0131n Banya Ba\u015f\u0131 dedi\u011fi 1567 yap\u0131m tarihini ta\u015f\u0131yan, restore halindeki Kad\u0131 Seyfullah Efendi Camii. Caminin hemen yan\u0131ndaki ek bir b\u00f6l\u00fcmde \u00f6\u011fle namaz\u0131n\u0131 az say\u0131da bir cemaatle eda ediyoruz. Burada Sofya B\u00fcy\u00fck El\u00e7ili\u011fi Sosyal Hizmetler M\u00fc\u015faviri Ulvi Ata, E\u011fitim M\u00fc\u015faviri \u015eenol Gen\u00e7 ve Camii \u0130mam Hatibi Ersin Demirel\u2019le tan\u0131\u015f\u0131p uzun bir s\u00fcre sohbet ediyoruz. Sonras\u0131nda davet \u00fczerine Din Hizmetleri M\u00fc\u015favirli\u011fi\u2019ni ziyaret ederek Bulgaristan\u2019da ya\u015fayan soyda\u015flar\u0131m\u0131z hakk\u0131nda genel bilgi al\u0131yoruz.<\/p>\n<p>Biz Sofya\u2019da iken Bulgaristan Hak ve \u00d6zg\u00fcrl\u00fckler Partisi\u2019nin Plevne Milletvekili Mithat Metin\u2019le \u015fehir d\u0131\u015f\u0131nda oldu\u011fu i\u00e7in ancak telefonda g\u00f6r\u00fc\u015febiliyoruz.<\/p>\n<p>3 Nisan 2016 Pazar g\u00fcn\u00fc atalar\u0131m\u0131z\u0131n izlerini bulabiliriz heyecan\u0131yla gitti\u011fimiz \u00e7evresiyle birlikte 300.000 n\u00fcfuslu Plevne\u2019deyiz.<\/p>\n<p>Bu \u015fehre giderken arac\u0131m\u0131zda gen\u00e7lik y\u0131llar\u0131m\u0131za milli, tarihi \u015fuur bak\u0131m\u0131ndan bizlere y\u00f6n veren Osman Y\u00fcksel Serdenge\u00e7ti\u2019nin \u201c\u0130mparatorlu\u011fa Mersiye\u201d \u015fiirini okuyoruz:<\/p>\n<p>\u201cKosovalar, Plevneler bizsizdir,<br \/>\nYosun tutmu\u015f camilerin \u0131ss\u0131zd\u0131r.<br \/>\nBoynu b\u00fck\u00fck minareler \u00f6ks\u00fczd\u00fcr.<\/p>\n<p>A\u00e7maz olmu\u015f K\u0131z anl\u0131k\u2019\u0131n g\u00fclleri<br \/>\nBiz neyledik o koskoca elleri\u201d<\/p>\n<p>\u0130lk ziyaret projesi Rus Ressam Nikolay Ove\u00e7kin\u2019e ait Plevne Sava\u015flar\u0131n\u0131 anlatan Plevne Panorama M\u00fczesi\u2019ne oluyor. Halktan toplanan ba\u011f\u0131\u015flarla 1977 y\u0131l\u0131nda a\u00e7\u0131lan m\u00fczenin olduk\u00e7a fazla ziyaret\u00e7isi var. Biz gitti\u011fimizde de baz\u0131 okul y\u00f6neticileri \u00f6\u011frencilerini buraya getirmi\u015flerdi. Derin bir h\u00fcz\u00fcnle kar\u0131\u015f\u0131k milli duygular i\u00e7inde panoramay\u0131 seyrediyoruz. Tabii m\u00fczede bizi \u00fczen sahne ve tablolar bir hayli fazla. Bu tablolar ikisi Plevneli, sekizi Rus toplam on ressam taraf\u0131ndan \u00e7izilmi\u015f. Hatta Sofya\u2019daki baz\u0131 yetkililerle yapt\u0131\u011f\u0131m\u0131z g\u00f6r\u00fc\u015fmelerimizde T\u00fcrk askerini bir hayli a\u015fa\u011f\u0131layan bir tablonun yap\u0131lan g\u00f6r\u00fc\u015fmeler neticesi m\u00fczeden yeni kald\u0131r\u0131ld\u0131\u011f\u0131n\u0131 s\u00f6ylemi\u015flerdi. Ayr\u0131ca m\u00fczenin di\u011fer b\u00f6l\u00fcmlerinde ve giri\u015finde o g\u00fcnlerden kalan toplar ve askerlerin giydikleri elbise, \u00fcniforma ve kulland\u0131klar\u0131 silahlar b\u00fcy\u00fck bir \u00f6zenle sergileniyor.<\/p>\n<p>Burada M\u00fc\u015favirimiz Ulvi Ata\u2019n\u0131n orada ya\u015fayan bir kanaat \u00f6nderi \u0130smail Cambazo\u011flu\u2019ndan bir Bulgar tarih\u00e7inin yay\u0131nlad\u0131\u011f\u0131 ancak devletin, T\u00fcrklerin lehine bir yay\u0131n gerek\u00e7esiyle s\u00fcratle toplad\u0131\u011f\u0131 bir eserden okuyup aktard\u0131\u011f\u0131 bilgileri bir kez daha de\u011ferlendirmemizin gereklili\u011fini d\u00fc\u015f\u00fcn\u00fcyoruz. Esere g\u00f6re:<\/p>\n<p>\u201cGazi Osman Pa\u015fa, huru\u00e7 harek\u00e2t\u0131 yapmadan bir gece \u00f6nce yaverleri vas\u0131tas\u0131yla Plevne \u015fehrinin ileri gelen e\u015fraf\u0131n\u0131 kaleye davet ediyor. Diyor ki: Biz sizlerden toplad\u0131\u011f\u0131m\u0131z vergilerle elimizden geldi\u011fi kadar sizleri korumaya \u00e7al\u0131\u015ft\u0131k. Ancak yar\u0131n buradan ayr\u0131laca\u011f\u0131z. \u0130\u015fte bu toplanan gelirlerden kalanlar ve gerekli belgeler burada. Onlar\u0131 adaletli bir \u015fekilde da\u011f\u0131t\u0131n\u0131z diyor. E\u015fraf bu durum kar\u015f\u0131s\u0131nda bir hayli \u00fcz\u00fcl\u00fcyor: \u201cPa\u015fam hay\u0131r, biz de sizinle bu harek\u00e2ta kat\u0131laca\u011f\u0131z.\u201d diyorlar.\u201d (Huru\u00e7 harek\u00e2t\u0131ndaki baz\u0131 kay\u0131plar\u0131n sivil halk\u0131nda kat\u0131l\u0131m\u0131ndan meydana gelen d\u00fczensizlikten kaynakland\u0131\u011f\u0131n\u0131 da ayn\u0131 tarih\u00e7i ileri s\u00fcrmektedir.)<\/p>\n<p>Maalesef m\u00fczedeki yetkililer T\u00fcrk oldu\u011fumuzu \u00f6\u011frenince san\u0131r\u0131m pek de memnun olmam\u0131\u015flard\u0131r. Tabi\u00ee ki \u00f6\u011frencilerin m\u00fczeyi gezi\u015fi s\u0131ras\u0131nda d\u00fc\u015f\u00fcnmemiz gereken bir husus hemen akla geliyor. Japonya\u2019daki Amerikal\u0131lar taraf\u0131ndan atom bombas\u0131 at\u0131larak milyonlar\u0131n katliam\u0131n\u0131 ya\u015fayan Hiro\u015fima ve Nagazaki \u015fehirlerinin daha ilkokulda \u00f6\u011frencilere gezdirilip mesaj verilmesi gibi Bulgarlar\u0131 da ayn\u0131 politikan\u0131n i\u00e7erisinde g\u00f6rd\u00fck.<\/p>\n<p>Oysa biz halk\u0131n b\u00fcy\u00fck deste\u011fiyle v\u00fccut bulan Panorama M\u00fczesi\u2019nin yan\u0131nda Tokat\u2019ta Gazi Osman Pa\u015fa\u2019n\u0131n an\u0131t\u0131n\u0131 yapt\u0131rmak i\u00e7in ne kadar m\u00fccadele verildi\u011fini o d\u00f6neme ait belge ve bilgilerin yan\u0131 s\u0131ra Heykelt\u0131ra\u015f Necati K\u0131vrak Hocamdan dolay\u0131 \u00e7ok iyi biliyoruz. \u015eu anda da an\u0131t\u0131n sanki stadyumun bir kenar\u0131na seyyar sat\u0131c\u0131lar\u0131n ve bir i\u015f yerinin arkas\u0131na saklanm\u0131\u015f hali ho\u015f da de\u011fil, Plevne kahraman\u0131m\u0131za yak\u0131\u015fm\u0131yor do\u011frusu. Bunu belirtmekte yarar g\u00f6rerek ilgililerin dikkatini bir kez daha \u00e7ekmek istiyoruz.<\/p>\n<p>Panorama m\u00fczesinden sonra Yahya Kemal\u2019in:<\/p>\n<p>\u201cBin atl\u0131 ak\u0131nlarda \u00e7ocuklar gibi \u015fendik,<br \/>\nO g\u00fcn bin atl\u0131 dev gibi bir orduyu yendik\u201d<br \/>\nm\u0131sralar\u0131yla sanki kanatlanarak Gazi Osman Pa\u015fa\u2019n\u0131n at\u0131n\u0131n vurularak yaraland\u0131\u011f\u0131 topraklara ula\u015f\u0131yoruz. T\u00fcrk Bayra\u011f\u0131m\u0131z\u0131, pankart\u0131m\u0131z\u0131 ve okul flamas\u0131n\u0131 a\u00e7arak \u00f6nce o topraklar i\u00e7in canlar\u0131n\u0131 veren \u015fehitlerimize dua ediyor sonras\u0131nda bir koro halinde Tuna Mar\u015f\u0131n\u0131 seslendiriyoruz. Yoldan gelip ge\u00e7en baz\u0131 ara\u00e7lar bize korna \u00e7alarak selamlama inceli\u011fi g\u00f6steriyorlar.<\/p>\n<p>4 Nisan Pazartesi g\u00fcn\u00fc \u00f6\u011fle vakti atalar\u0131m\u0131z\u0131n ruhunun ve eserlerinin daha fazla ya\u015fayabildi\u011fi Filibe\u2019 \u015fehrindeyiz. Filibe Ba\u015fm\u00fcft\u00fcl\u00fc\u011f\u00fc ilk u\u011frad\u0131\u011f\u0131z makamlardan biri oluyor. M\u00fcft\u00fc Tamer Ahmet Veli hen\u00fcz o g\u00fcn g\u00f6reve ba\u015flam\u0131\u015f. Ekibimizle birlikte \u00e7ay ve sohbetle ezan vaktine kadar bir saate yak\u0131n adeta kutlama yap\u0131yoruz. Bu arada ziyaretini d\u00fc\u015f\u00fcnd\u00fc\u011f\u00fcm\u00fcz Filibe Konsoloslu\u011funa tedviren atanan Onur Ekrem\u2019in yerinde olmad\u0131\u011f\u0131 bilgisine ula\u015f\u0131yoruz.<\/p>\n<p>Belki de bizi bu gezi s\u0131ras\u0131nda en \u00e7ok mutlu eden \u015fehirlerden biri Filibe oldu. Kale ve civar\u0131ndaki neredeyse bizim Safranbolu evlerini yans\u0131tan bir mahallede gezmekten b\u00fcy\u00fck haz duyuyoruz. T\u00fcrk\u00e7e konu\u015fan insanlara rast gelip sohbet ediyoruz. \u00d6\u011fle yeme\u011fini bir T\u00fcrk lokantas\u0131nda yiyoruz. Program gere\u011fi art\u0131k d\u00f6n\u00fc\u015f ba\u015fl\u0131yor.<\/p>\n<p>Ve ayn\u0131 g\u00fcn\u00fcn ak\u015fam\u0131 \u0130stanbul\u2019day\u0131z. 5 Nisan Sal\u0131 g\u00fcn\u00fc Fatih Cami avlusunda t\u00fcrbesi bulunan Gazi Osman Pa\u015fa\u2019y\u0131 116.Vefat y\u0131l\u0131nda anmak i\u00e7in sabah 9.00 sular\u0131nda ekibimizle oraday\u0131z. Daha \u00f6nce Gazi Osman Pa\u015fa Belediyesi ile g\u00f6r\u00fc\u015f\u00fcld\u00fc\u011f\u00fc i\u00e7in davetin i\u00e7indeyiz. Tokat\u2019tan Valimiz Say\u0131n Cevdet CAN, Belediye Ba\u015fkan\u0131m\u0131z Av. Ey\u00fcp ERO\u011eLU ve GOP \u00dcniversitesi Rekt\u00f6r\u00fc Mustafa \u015eAH\u0130N Bey de oradalar.<\/p>\n<p>Ayr\u0131ca \u0130stanbul\u2019da bulunan Tokat\u2019a dair federasyon ve dernek y\u00f6neticileri de ekip halinde etkinliklerdeler. GOP \u00dcniversitesi E\u011fitim Fak\u00fcltesi Dekan\u0131 Prof. Dr. Ali A\u00e7\u0131kel ve \u00f6\u011fretim \u00fcyesi Yard. Do\u00e7. Dr. Necati \u00c7avdar hocam\u0131z da GOP Belediyesi\u2019nin d\u00fczenledi\u011fi panel i\u00e7in davet edilmi\u015fler, kat\u0131lma imk\u00e2n\u0131 bulamazsak da Tokat ad\u0131na seviniyoruz. G\u00f6rebilip konu\u015ftu\u011fum \u015fahsiyetler aras\u0131nda \u0130stanbul \u00dcniversitesi Rekt\u00f6r\u00fc Prof. Dr. Mahmut AK Hocam, Fatih Tapu ve Kadastro M\u00fcd\u00fcr\u00fc Salim \u015eahin, TRT \u0130stanbul Radyosu program Yap\u0131mc\u0131s\u0131 Dursun Ta\u015fdelen, Tiyatro Sanat\u00e7\u0131s\u0131 Ahmet Yenilmez ve Niksar\u2019dan baz\u0131 \u00f6\u011frencilerimi g\u00f6rmek beni mutlu bir hayli mutlu ediyor.<\/p>\n<p>Protokol konu\u015fmalar\u0131 \u00f6ncesinde Tokat Gazi Osman Pa\u015fa Lisesi Mezunlar Derne\u011fi Ba\u015fkan\u0131 A.Melih Yard\u0131mc\u0131 Tek Rumeli TV\u2019ye Plevne Ziyareti ile ilgili m\u00fclakat verdi. Konu\u015fmalardan sonra ata yadig\u00e2r\u0131 \u015fehrimiz Plevne\u2019den getirdi\u011fimiz toprak dualarla t\u00fcrbenin bah\u00e7esine konuldu.<\/p>\n<p>Protokol konu\u015fmalar\u0131nda s\u0131rayla Fatih Kaymakam\u0131 Ahmet \u00dcM\u0130T, Fatih Belediye Ba\u015fkan\u0131 Mustafa DEM\u0130R, Gazi Osman Pa\u015fa Kaymakam\u0131 Ya\u015far KARADEN\u0130Z, Gazi Osman Pa\u015fa Belediye Ba\u015fkan\u0131 Hasan Tahsin USTA Tokat Belediye Ba\u015fkan\u0131 Av. Ey\u00fcp ERO\u011eLU ve Tokat Valisi Cevdet CAN var. Valimizin ve Belediye Ba\u015fkan\u0131m\u0131z\u0131n konu\u015fmalar\u0131 olduk\u00e7a dikkat \u00e7ekti. \u00d6zellikle Belediye Ba\u015fkan\u0131m\u0131z Av. Ey\u00fcp ERO\u011eLU\u2019nun b\u00fct\u00fcn i\u00e7tenli\u011fiyle \u00f6n\u00fcm\u00fczdeki y\u0131l yap\u0131lacak anmalar i\u00e7in hazirunu Tokat\u2019a davet etmesi bizce b\u00fcy\u00fck takdir toplad\u0131.<\/p>\n<p>Dileriz bu davet ger\u00e7ekle\u015fir ve halk\u0131m\u0131z\u0131n pek \u00e7o\u011funun bihaber oldu\u011fu Tokat\u2019ta a\u00e7\u0131lan Plevne M\u00fczesi de bu etkinlik sayesinde daha anlaml\u0131 bir vefaya vesile olur.<\/p>\n<p>Tokat\u2019ta yap\u0131lan etkinlikleri de \u0130stanbul\u2019dan takip ediyoruz. Plevne M\u00fczesinde yap\u0131lan t\u00f6renin yan\u0131 s\u0131ra Tokat Belediyesi K\u00fclt\u00fcr ve Sosyal \u0130\u015fler M\u00fcd\u00fcrl\u00fc\u011f\u00fcnce Ali Pa\u015fa Caminde ikindi namaz\u0131 \u00f6ncesi organize edilen mevlidi-i \u015ferif halk\u0131m\u0131z\u0131 mutlaka mutlu ediyor.<\/p>\n<p>Yaz\u0131m\u0131z\u0131 Cumhuriyetimizin kurucusu Gazi Mustafa Kemal ATAT\u00dcRK\u2019\u00fcn Sofya\u2019da 1913-1915 y\u0131llar\u0131 aras\u0131nda Ata\u015femiliter iken T\u00fcrk gen\u00e7lerine yapt\u0131\u011f\u0131 bir konu\u015fma ve Gazi Osman Pa\u015fa\u2019n\u0131n s\u00fclalesinden \u015eair \u015eerare K\u0131vrak Han\u0131mefendinin bir \u015fiiriyle tamamlayal\u0131m.<\/p>\n<p>Gen\u00e7lerden biri Mustafa Kemal\u2019e soruyor:<\/p>\n<p>-Siz T\u00fcrk tarihinde kendinize bir rehber se\u00e7tiniz mi? Cevaben:<\/p>\n<p>\u201cBen kendime Gazi Osman Pa\u015fa\u2019y\u0131 rehber olarak se\u00e7tim. \u00d6mr\u00fcm boyunca onun yolunu takip edece\u011fim. T\u00fcrk Milleti Plevne\u2019de yeniden kendini bulmu\u015ftur. Millet yolundaki m\u00fccadelemizde daima sembol\u00fcm\u00fcz Plevne\u2019de do\u011fan milli ruh olacakt\u0131r. Felaket g\u00fcnlerinde Plevne harbini ve Osman Pa\u015fa\u2019y\u0131 d\u00fc\u015f\u00fcnece\u011fim. Sizin de kahramanl\u0131k sembol\u00fcn\u00fcz Gazi Osman Pa\u015fa olsun\u201d demi\u015ftir.<\/p>\n<p>\u201cTuna Nehri, Plevne dillerde t\u00fcrk\u00fc<br \/>\nY\u0131ld\u0131ramaz hi\u00e7bir \u015fey korkusuz asil T\u00fcrk\u2019\u00fc<br \/>\nOsman Pa\u015fa, \u00e7ok ya\u015fa, unutulmazs\u0131n bil ki<br \/>\nDostluk, karde\u015flik, bar\u0131\u015f i\u00e7imizdeki \u00fclk\u00fc\u201d<\/p>\n<p>Ve te\u015fekk\u00fcrler Tokat\u2019\u0131, Plevne\u2019ye ilk kez ta\u015f\u0131ma vefas\u0131n\u0131, cesaretini g\u00f6stererek bu \u00e7ok de\u011ferli onuru bizlere ya\u015fatan Tokat Gaziosmanpa\u015fa Lisesi Mezunlar Derne\u011fi Ba\u015fkan\u0131 AV. Melih Yard\u0131mc\u0131 Bey ve y\u00f6netim kurulu \u00fcyeleri.<\/p>\n<p>Te\u015fekk\u00fcrler ba\u015far\u0131l\u0131 \u00e7al\u0131\u015fmalar\u0131n\u0131 bu alanda da s\u00fcrd\u00fcren okul y\u00f6neticileri, \u00f6\u011fretmenleri, \u00e7al\u0131\u015fanlar\u0131 ve bu de\u011ferli kurumun \u00f6\u011frencileri.<\/p>\n<p>Bu necip millet i\u00e7in b\u00fcy\u00fck kahramanl\u0131klar g\u00f6steren Gazi Osman Pa\u015fa\u2019y\u0131 vefat\u0131n\u0131n 116.y\u0131l\u0131nda sayg\u0131yla an\u0131yor, ruhu \u015f\u00e2d olsun diyorum.<\/p>\n","protected":false},"excerpt":{"rendered":"<p>A\u011eLA PLEVNE A\u011eLA TUNA NEHR\u0130NCE Hasan AKAR \u201cA\u011fla Plevne a\u011fla Tuna Nehrince, T\u00fcrk\u2019e bu ayr\u0131l\u0131\u011f\u0131n ba\u015f\u0131 nerede? G\u00f6nl\u00fcm alm\u0131yor, g\u00f6z\u00fcm g\u00fclm\u00fcyor art\u0131k, Sana d\u00f6kt\u00fc\u011f\u00fcm hasretin ya\u015f\u0131 nerede?\u201d Plevne, Tuna Nehri, Gazi Osman Pa\u015fa ve 1877-1878 Osmanl\u0131 Rus Sava\u015f\u0131nda g\u00f6sterilen kahramanl\u0131klar ve sonras\u0131nda ya\u015fanan Balkan facias\u0131, g\u00f6\u00e7ler T\u00fcrk tarihinin ve her T\u00fcrk gencinin haf\u0131zalar\u0131ndan kolay kolay [&hellip;]<\/p>\n","protected":false},"author":2,"featured_media":0,"comment_status":"open","ping_status":"open","sticky":false,"template":"","format":"standard","meta":{"footnotes":""},"categories":[7],"tags":[],"class_list":["post-19391","post","type-post","status-publish","format-standard","hentry","category-turkiy-dbiyyati"],"_links":{"self":[{"href":"http:\/\/edebiyyat-az.com\/index.php?rest_route=\/wp\/v2\/posts\/19391","targetHints":{"allow":["GET"]}}],"collection":[{"href":"http:\/\/edebiyyat-az.com\/index.php?rest_route=\/wp\/v2\/posts"}],"about":[{"href":"http:\/\/edebiyyat-az.com\/index.php?rest_route=\/wp\/v2\/types\/post"}],"author":[{"embeddable":true,"href":"http:\/\/edebiyyat-az.com\/index.php?rest_route=\/wp\/v2\/users\/2"}],"replies":[{"embeddable":true,"href":"http:\/\/edebiyyat-az.com\/index.php?rest_route=%2Fwp%2Fv2%2Fcomments&post=19391"}],"version-history":[{"count":1,"href":"http:\/\/edebiyyat-az.com\/index.php?rest_route=\/wp\/v2\/posts\/19391\/revisions"}],"predecessor-version":[{"id":19401,"href":"http:\/\/edebiyyat-az.com\/index.php?rest_route=\/wp\/v2\/posts\/19391\/revisions\/19401"}],"wp:attachment":[{"href":"http:\/\/edebiyyat-az.com\/index.php?rest_route=%2Fwp%2Fv2%2Fmedia&parent=19391"}],"wp:term":[{"taxonomy":"category","embeddable":true,"href":"http:\/\/edebiyyat-az.com\/index.php?rest_route=%2Fwp%2Fv2%2Fcategories&post=19391"},{"taxonomy":"post_tag","embeddable":true,"href":"http:\/\/edebiyyat-az.com\/index.php?rest_route=%2Fwp%2Fv2%2Ftags&post=19391"}],"curies":[{"name":"wp","href":"https:\/\/api.w.org\/{rel}","templated":true}]}}