{"id":19392,"date":"2016-04-18T04:00:10","date_gmt":"2016-04-18T00:00:10","guid":{"rendered":"http:\/\/edebiyyat-az.com\/?p=19392"},"modified":"2016-04-18T09:59:48","modified_gmt":"2016-04-18T05:59:48","slug":"dernegimiz-52-kutuphaneler-haftasinda-insan-okur-etkinligindeydi","status":"publish","type":"post","link":"http:\/\/edebiyyat-az.com\/?p=19392","title":{"rendered":"DERNE\u011e\u0130M\u0130Z, 52. K\u00dcT\u00dcPHANELER HAFTASINDA \u201c\u0130NSAN OKUR\u201d ETK\u0130NL\u0130\u011e\u0130NDEYD\u0130"},"content":{"rendered":"<p><a href=\"http:\/\/edebiyyat-az.com\/wp-content\/uploads\/2016\/04\/tosayad.jpg\"><img loading=\"lazy\" decoding=\"async\" src=\"http:\/\/edebiyyat-az.com\/wp-content\/uploads\/2016\/04\/tosayad-300x256.jpg\" alt=\"tosayad\" width=\"300\" height=\"256\" class=\"alignnone size-medium wp-image-19395\" srcset=\"http:\/\/edebiyyat-az.com\/wp-content\/uploads\/2016\/04\/tosayad-300x256.jpg 300w, http:\/\/edebiyyat-az.com\/wp-content\/uploads\/2016\/04\/tosayad.jpg 600w\" sizes=\"auto, (max-width: 300px) 100vw, 300px\" \/><\/a><\/p>\n<p>52. K\u00fct\u00fcphaneler haftas\u0131 dolay\u0131siyle \u0130l K\u00fclt\u00fcr Turizm M\u00fcd\u00fcrl\u00fc\u011f\u00fc ve T\u00fcrk K\u00fct\u00fcphaneciler Derne\u011fi i\u015fbirli\u011fi ile \u201c\u0130nsan Okur\u201d slogan\u0131 alt\u0131nda yap\u0131lan etkinli\u011fe derne\u011fimiz de kat\u0131ld\u0131. \u00dcyelerimizin yay\u0131nlam\u0131\u015f oldu\u011fu kitaplar ve K\u00fcmbet Dergimizin de standlarda yer ald\u0131\u011f\u0131 etkinli\u011fe \u00f6\u011frenciler ve \u00fcyelerimiz ve Tokatl\u0131lar ile protokoldan kat\u0131lanlar oldu. Okumaya te\u015fvik y\u00f6n\u00fcnden faydal\u0131 bir etkinlik idi.<\/p>\n","protected":false},"excerpt":{"rendered":"<p>52. K\u00fct\u00fcphaneler haftas\u0131 dolay\u0131siyle \u0130l K\u00fclt\u00fcr Turizm M\u00fcd\u00fcrl\u00fc\u011f\u00fc ve T\u00fcrk K\u00fct\u00fcphaneciler Derne\u011fi i\u015fbirli\u011fi ile \u201c\u0130nsan Okur\u201d slogan\u0131 alt\u0131nda yap\u0131lan etkinli\u011fe derne\u011fimiz de kat\u0131ld\u0131. \u00dcyelerimizin yay\u0131nlam\u0131\u015f oldu\u011fu kitaplar ve K\u00fcmbet Dergimizin de standlarda yer ald\u0131\u011f\u0131 etkinli\u011fe \u00f6\u011frenciler ve \u00fcyelerimiz ve Tokatl\u0131lar ile protokoldan kat\u0131lanlar oldu. Okumaya te\u015fvik y\u00f6n\u00fcnden faydal\u0131 bir etkinlik idi.<\/p>\n","protected":false},"author":2,"featured_media":0,"comment_status":"open","ping_status":"open","sticky":false,"template":"","format":"standard","meta":{"footnotes":""},"categories":[7],"tags":[],"class_list":["post-19392","post","type-post","status-publish","format-standard","hentry","category-turkiy-dbiyyati"],"_links":{"self":[{"href":"http:\/\/edebiyyat-az.com\/index.php?rest_route=\/wp\/v2\/posts\/19392","targetHints":{"allow":["GET"]}}],"collection":[{"href":"http:\/\/edebiyyat-az.com\/index.php?rest_route=\/wp\/v2\/posts"}],"about":[{"href":"http:\/\/edebiyyat-az.com\/index.php?rest_route=\/wp\/v2\/types\/post"}],"author":[{"embeddable":true,"href":"http:\/\/edebiyyat-az.com\/index.php?rest_route=\/wp\/v2\/users\/2"}],"replies":[{"embeddable":true,"href":"http:\/\/edebiyyat-az.com\/index.php?rest_route=%2Fwp%2Fv2%2Fcomments&post=19392"}],"version-history":[{"count":1,"href":"http:\/\/edebiyyat-az.com\/index.php?rest_route=\/wp\/v2\/posts\/19392\/revisions"}],"predecessor-version":[{"id":19402,"href":"http:\/\/edebiyyat-az.com\/index.php?rest_route=\/wp\/v2\/posts\/19392\/revisions\/19402"}],"wp:attachment":[{"href":"http:\/\/edebiyyat-az.com\/index.php?rest_route=%2Fwp%2Fv2%2Fmedia&parent=19392"}],"wp:term":[{"taxonomy":"category","embeddable":true,"href":"http:\/\/edebiyyat-az.com\/index.php?rest_route=%2Fwp%2Fv2%2Fcategories&post=19392"},{"taxonomy":"post_tag","embeddable":true,"href":"http:\/\/edebiyyat-az.com\/index.php?rest_route=%2Fwp%2Fv2%2Ftags&post=19392"}],"curies":[{"name":"wp","href":"https:\/\/api.w.org\/{rel}","templated":true}]}}