{"id":19393,"date":"2016-04-18T05:00:12","date_gmt":"2016-04-18T01:00:12","guid":{"rendered":"http:\/\/edebiyyat-az.com\/?p=19393"},"modified":"2016-04-18T09:59:49","modified_gmt":"2016-04-18T05:59:49","slug":"geleneksel-cahit-kulebi-vii-memleketime-bakis-siir-yarismasi","status":"publish","type":"post","link":"http:\/\/edebiyyat-az.com\/?p=19393","title":{"rendered":"GELENEKSEL CAH\u0130T K\u00dcLEB\u0130 VII. MEMLEKET\u0130ME BAKI\u015e \u015e\u0130\u0130R YARI\u015eMASI"},"content":{"rendered":"<p><a href=\"http:\/\/edebiyyat-az.com\/wp-content\/uploads\/2016\/04\/CK.jpg\"><img loading=\"lazy\" decoding=\"async\" src=\"http:\/\/edebiyyat-az.com\/wp-content\/uploads\/2016\/04\/CK-220x300.jpg\" alt=\"CK\" width=\"220\" height=\"300\" class=\"alignnone size-medium wp-image-19394\" srcset=\"http:\/\/edebiyyat-az.com\/wp-content\/uploads\/2016\/04\/CK-220x300.jpg 220w, http:\/\/edebiyyat-az.com\/wp-content\/uploads\/2016\/04\/CK-768x1046.jpg 768w, http:\/\/edebiyyat-az.com\/wp-content\/uploads\/2016\/04\/CK-752x1024.jpg 752w, http:\/\/edebiyyat-az.com\/wp-content\/uploads\/2016\/04\/CK.jpg 800w\" sizes=\"auto, (max-width: 220px) 100vw, 220px\" \/><\/a><\/p>\n<p>Niksar Belediyesi \u2013 Tokat \u015eairler ve Yazarlar Derne\u011fi i\u015fbirli\u011fi ile 2016 y\u0131l\u0131nda T\u00fcrk Edebiyat\u0131\u2019n\u0131n m\u00fcmtaz \u015fahsiyetlerinden Yurt \u015eairi Cahit K\u00dcLEB\u0130 an\u0131s\u0131na \u201cCahit K\u00dcLEB\u0130 VII. Memleketimize Bak\u0131\u015f \u015eiir Yar\u0131\u015fmas\u0131\u201d d\u00fczenlenmi\u015ftir.<br \/>\n\u00d6D\u00dcLLER:<br \/>\nBirinci   :3000 TL<br \/>\n\u0130kinci    :2000 TL<br \/>\n\u00dc\u00e7\u00fcnc\u00fc   :1000 TL<br \/>\nYARI\u015eMA \u015eARTNAMES\u0130<br \/>\n      1.Yar\u0131\u015fman\u0131n konusu, Yurt \u015eairi \u201cCahit K\u00dcLEB\u0130\u2019nin \u015fiirlerinin \u0131\u015f\u0131\u011f\u0131nda Memleket Sevgisi\u201ddir.<br \/>\n      2.Yar\u0131\u015fmac\u0131lar en fazla bir \u015fiirle yar\u0131\u015fmaya kat\u0131labilirler.<br \/>\n      3.Daha \u00f6nce bu alanda yap\u0131lan ilk alt\u0131 yar\u0131\u015fmada dereceye girerek \u00f6d\u00fcl alanlar bu yar\u0131\u015fmaya kat\u0131lamazlar.<br \/>\n    4.G\u00f6nderilen \u015fiirler daha \u00f6nce hi\u00e7bir yar\u0131\u015fmaya kat\u0131lmam\u0131\u015f ve yay\u0131nlanmam\u0131\u015f olmal\u0131 ve iki sayfay\u0131 ge\u00e7memelidir.<br \/>\n5.\t\u015eiirler bilgisayar \u00e7\u0131kt\u0131s\u0131 ile iki\u015fer n\u00fcsha halinde,  alt\u0131na rumuz yaz\u0131larak ayr\u0131 bir zarfa konulacakt\u0131r. Yar\u0131\u015fmac\u0131n\u0131n k\u0131sa biyografisi, adresi, telefon numaras\u0131 ve varsa elektronik posta adresi yaz\u0131larak ayr\u0131 bir zarfa konulacakt\u0131r. \u0130ki zarf daha b\u00fcy\u00fck bir zarfa konulup \u00fczerine rumuz da yaz\u0131larak g\u00f6nderilecektir.<br \/>\n   6.Eserler elden veya posta, kargo ile Tokat \u015eairler ve Yazarlar Derne\u011fi Posta Kutusu:6 TOKAT adresine g\u00f6nderilecektir. (Elden teslim i\u00e7in Tokat \u015eairler ve Yazarlar Derne\u011fi GOP Bulvar\u0131 Bulvar \u0130\u015f Han\u0131 No:198 Kat:2 TOKAT)<br \/>\n7.\tYar\u0131\u015fmaya son kat\u0131l\u0131m tarihi 30 Haziran 2016\u2019dir.<br \/>\n    8.Yar\u0131\u015fma sonucu  30 A\u011fustos 2016 tarihinde bas\u0131nda, ilgili kurum ve kurulu\u015flar\u0131n internet sitelerinde ilan edilecektir.<br \/>\n9.\t\u00d6d\u00fcller, tarihi ilerde a\u00e7\u0131klanacak olan \u201cNiksar K\u00fclt\u00fcr Sanat ve Ceviz Festivali Etkinliklerinde\u201d verilecektir.<br \/>\nJ\u00dcR\u0130:<br \/>\nCemal SAF\u0130-\u015eair<br \/>\nYahya AKENG\u0130N: T\u00fcrk D\u00fcnyas\u0131 Yazarlar ve Sanat\u00e7\u0131lar Vakf\u0131 Ba\u015fkan\u0131<br \/>\n\u00d6zdilek \u00d6ZCAN-Niksar Belediye Ba\u015fkan\u0131<br \/>\nAli K\u00dcLEB\u0130:  Strateji Uzman\u0131, Cahit K\u00fclebi\u2019nin o\u011flu.<br \/>\nProf. Dr. Ertu\u011frul YAMAN: Y\u0131ld\u0131r\u0131m Beyaz\u0131t \u00dcniversitesi \u00d6\u011fretim \u00dcyesi<br \/>\nMehmet Nuri PARMAKSIZ: \u0130LESAM Ba\u015fkan\u0131<br \/>\nRemzi ZENG\u0130N: Tokat \u015eairler ve Yazarlar Derne\u011fi Ba\u015fkan\u0131<br \/>\nHasan AKAR-\u0130LESAM Tokat \u0130l Temsilcisi<br \/>\nMahmut HASG\u00dcL-E\u011fitimci-\u015eair<br \/>\nS\u00fcnd\u00fcs AK\u00c7A -E\u011fitimci-\u015eair<br \/>\n\u0130LET\u0130\u015e\u0130M:<br \/>\nNiksar Belediyesi Bas\u0131n ve Halkla \u0130li\u015fkiler M\u00fcd\u00fcrl\u00fc\u011f\u00fc Telefon:0 356 527 81 51<br \/>\nTokat \u015eairler ve Yazarlar Der. B\u015fk. Remzi ZENG\u0130N: 0505 253 93 93<br \/>\n\u0130LESAM \u0130l Temsilcisi Hasan AKAR: 0533 557 16 54<br \/>\n      Remzi ZENG\u0130N                                                                                \u00d6zdilek \u00d6ZCAN<br \/>\nTokat \u015eairler ve Yaz. Der. B\u015fk.                                                    Niksar Belediye Ba\u015fkan\u0131   <\/p>\n","protected":false},"excerpt":{"rendered":"<p>Niksar Belediyesi \u2013 Tokat \u015eairler ve Yazarlar Derne\u011fi i\u015fbirli\u011fi ile 2016 y\u0131l\u0131nda T\u00fcrk Edebiyat\u0131\u2019n\u0131n m\u00fcmtaz \u015fahsiyetlerinden Yurt \u015eairi Cahit K\u00dcLEB\u0130 an\u0131s\u0131na \u201cCahit K\u00dcLEB\u0130 VII. Memleketimize Bak\u0131\u015f \u015eiir Yar\u0131\u015fmas\u0131\u201d d\u00fczenlenmi\u015ftir. \u00d6D\u00dcLLER: Birinci :3000 TL \u0130kinci :2000 TL \u00dc\u00e7\u00fcnc\u00fc :1000 TL YARI\u015eMA \u015eARTNAMES\u0130 1.Yar\u0131\u015fman\u0131n konusu, Yurt \u015eairi \u201cCahit K\u00dcLEB\u0130\u2019nin \u015fiirlerinin \u0131\u015f\u0131\u011f\u0131nda Memleket Sevgisi\u201ddir. 2.Yar\u0131\u015fmac\u0131lar en fazla bir [&hellip;]<\/p>\n","protected":false},"author":2,"featured_media":0,"comment_status":"open","ping_status":"open","sticky":false,"template":"","format":"standard","meta":{"footnotes":""},"categories":[7],"tags":[],"class_list":["post-19393","post","type-post","status-publish","format-standard","hentry","category-turkiy-dbiyyati"],"_links":{"self":[{"href":"http:\/\/edebiyyat-az.com\/index.php?rest_route=\/wp\/v2\/posts\/19393","targetHints":{"allow":["GET"]}}],"collection":[{"href":"http:\/\/edebiyyat-az.com\/index.php?rest_route=\/wp\/v2\/posts"}],"about":[{"href":"http:\/\/edebiyyat-az.com\/index.php?rest_route=\/wp\/v2\/types\/post"}],"author":[{"embeddable":true,"href":"http:\/\/edebiyyat-az.com\/index.php?rest_route=\/wp\/v2\/users\/2"}],"replies":[{"embeddable":true,"href":"http:\/\/edebiyyat-az.com\/index.php?rest_route=%2Fwp%2Fv2%2Fcomments&post=19393"}],"version-history":[{"count":1,"href":"http:\/\/edebiyyat-az.com\/index.php?rest_route=\/wp\/v2\/posts\/19393\/revisions"}],"predecessor-version":[{"id":19403,"href":"http:\/\/edebiyyat-az.com\/index.php?rest_route=\/wp\/v2\/posts\/19393\/revisions\/19403"}],"wp:attachment":[{"href":"http:\/\/edebiyyat-az.com\/index.php?rest_route=%2Fwp%2Fv2%2Fmedia&parent=19393"}],"wp:term":[{"taxonomy":"category","embeddable":true,"href":"http:\/\/edebiyyat-az.com\/index.php?rest_route=%2Fwp%2Fv2%2Fcategories&post=19393"},{"taxonomy":"post_tag","embeddable":true,"href":"http:\/\/edebiyyat-az.com\/index.php?rest_route=%2Fwp%2Fv2%2Ftags&post=19393"}],"curies":[{"name":"wp","href":"https:\/\/api.w.org\/{rel}","templated":true}]}}