{"id":19405,"date":"2016-04-19T07:00:39","date_gmt":"2016-04-19T03:00:39","guid":{"rendered":"http:\/\/edebiyyat-az.com\/?p=19405"},"modified":"2016-04-19T12:08:28","modified_gmt":"2016-04-19T08:08:28","slug":"harika-ufuk-isiksizim","status":"publish","type":"post","link":"http:\/\/edebiyyat-az.com\/?p=19405","title":{"rendered":"Harika UFUK.&#8221;I\u015eIKSIZIM&#8221;"},"content":{"rendered":"<p><a href=\"http:\/\/edebiyyat-az.com\/wp-content\/uploads\/2016\/04\/12895361_10153617570977998_207855252_n.jpg\" rel=\"attachment wp-att-19169\"><img loading=\"lazy\" decoding=\"async\" src=\"http:\/\/edebiyyat-az.com\/wp-content\/uploads\/2016\/04\/12895361_10153617570977998_207855252_n-300x225.jpg\" alt=\"12895361_10153617570977998_207855252_n\" width=\"300\" height=\"225\" class=\"alignnone size-medium wp-image-19169\" srcset=\"http:\/\/edebiyyat-az.com\/wp-content\/uploads\/2016\/04\/12895361_10153617570977998_207855252_n-300x225.jpg 300w, http:\/\/edebiyyat-az.com\/wp-content\/uploads\/2016\/04\/12895361_10153617570977998_207855252_n-768x575.jpg 768w, http:\/\/edebiyyat-az.com\/wp-content\/uploads\/2016\/04\/12895361_10153617570977998_207855252_n.jpg 960w\" sizes=\"auto, (max-width: 300px) 100vw, 300px\" \/><\/a><\/p>\n<p>Azerbaycan\u0131n K\u00fclt\u00fcr ve Edebiyat Portal\u0131n\u0131n T\u00fcrkiye temssilcisi<\/p>\n<p>Iss\u0131z\u0131m, \u0131\u015f\u0131ks\u0131z\u0131m gittin gideli,<br \/>\n\u00d6l\u00fc bir kentin karanl\u0131k sokaklar\u0131nda<br \/>\nKaybolan par\u00e7am\u0131 ar\u0131yorum.<br \/>\n\u00c7\u0131nar yapraklar\u0131 kaplam\u0131\u015f<br \/>\nAdana\u2019n\u0131n ta\u015ftan yollar\u0131n\u0131,<br \/>\nY\u0131ld\u0131zlar bile ta\u015f\u0131n\u0131yor<br \/>\nSenli memleketlere\u2026<\/p>\n<p>Yaln\u0131z hissetmemi\u015ftim kendimi<br \/>\nHi\u00e7 bu kadar<br \/>\nSensiz kalmam\u0131\u015ft\u0131m ki ben!<br \/>\nKalabal\u0131klar i\u00e7inde yaln\u0131zm\u0131\u015f\u0131m,<br \/>\nKimsesizmi\u015fim me\u011fer!<br \/>\nNe zamanki el sallad\u0131n son kez<br \/>\nEvinin \u0131\u015f\u0131\u011f\u0131 s\u00f6nd\u00fc g\u00f6zlerimde\u2026<br \/>\nSana g\u00fcle g\u00fcle derken<br \/>\nBen de bende kalmad\u0131m asl\u0131nda\u2026<\/p>\n<p>Yol ayr\u0131m\u0131d\u0131r,<br \/>\nYaraya tuz basmak gerek.<br \/>\nFarkl\u0131 y\u00f6nlerde y\u00fcr\u00fcrken<br \/>\n\u015eehrin sokaklar\u0131 karanl\u0131k,<br \/>\nBense yaln\u0131z\u0131m, uykusuzum,<br \/>\nBeklentisizim,<br \/>\n\u00c7aresizim, \u0131\u015f\u0131ks\u0131z\u0131m art\u0131k!<br \/>\nSensiz kimsesizim,<br \/>\n\u00dc\u015f\u00fcyorum!<\/p>\n<p>Adana.21.12.2011.SAAT: 11.30<\/p>\n","protected":false},"excerpt":{"rendered":"<p>Azerbaycan\u0131n K\u00fclt\u00fcr ve Edebiyat Portal\u0131n\u0131n T\u00fcrkiye temssilcisi Iss\u0131z\u0131m, \u0131\u015f\u0131ks\u0131z\u0131m gittin gideli, \u00d6l\u00fc bir kentin karanl\u0131k sokaklar\u0131nda Kaybolan par\u00e7am\u0131 ar\u0131yorum. \u00c7\u0131nar yapraklar\u0131 kaplam\u0131\u015f Adana\u2019n\u0131n ta\u015ftan yollar\u0131n\u0131, Y\u0131ld\u0131zlar bile ta\u015f\u0131n\u0131yor Senli memleketlere\u2026 Yaln\u0131z hissetmemi\u015ftim kendimi Hi\u00e7 bu kadar Sensiz kalmam\u0131\u015ft\u0131m ki ben! Kalabal\u0131klar i\u00e7inde yaln\u0131zm\u0131\u015f\u0131m, Kimsesizmi\u015fim me\u011fer! Ne zamanki el sallad\u0131n son kez Evinin \u0131\u015f\u0131\u011f\u0131 s\u00f6nd\u00fc g\u00f6zlerimde\u2026 [&hellip;]<\/p>\n","protected":false},"author":2,"featured_media":0,"comment_status":"open","ping_status":"open","sticky":false,"template":"","format":"standard","meta":{"footnotes":""},"categories":[7],"tags":[],"class_list":["post-19405","post","type-post","status-publish","format-standard","hentry","category-turkiy-dbiyyati"],"_links":{"self":[{"href":"http:\/\/edebiyyat-az.com\/index.php?rest_route=\/wp\/v2\/posts\/19405","targetHints":{"allow":["GET"]}}],"collection":[{"href":"http:\/\/edebiyyat-az.com\/index.php?rest_route=\/wp\/v2\/posts"}],"about":[{"href":"http:\/\/edebiyyat-az.com\/index.php?rest_route=\/wp\/v2\/types\/post"}],"author":[{"embeddable":true,"href":"http:\/\/edebiyyat-az.com\/index.php?rest_route=\/wp\/v2\/users\/2"}],"replies":[{"embeddable":true,"href":"http:\/\/edebiyyat-az.com\/index.php?rest_route=%2Fwp%2Fv2%2Fcomments&post=19405"}],"version-history":[{"count":2,"href":"http:\/\/edebiyyat-az.com\/index.php?rest_route=\/wp\/v2\/posts\/19405\/revisions"}],"predecessor-version":[{"id":19415,"href":"http:\/\/edebiyyat-az.com\/index.php?rest_route=\/wp\/v2\/posts\/19405\/revisions\/19415"}],"wp:attachment":[{"href":"http:\/\/edebiyyat-az.com\/index.php?rest_route=%2Fwp%2Fv2%2Fmedia&parent=19405"}],"wp:term":[{"taxonomy":"category","embeddable":true,"href":"http:\/\/edebiyyat-az.com\/index.php?rest_route=%2Fwp%2Fv2%2Fcategories&post=19405"},{"taxonomy":"post_tag","embeddable":true,"href":"http:\/\/edebiyyat-az.com\/index.php?rest_route=%2Fwp%2Fv2%2Ftags&post=19405"}],"curies":[{"name":"wp","href":"https:\/\/api.w.org\/{rel}","templated":true}]}}