{"id":22053,"date":"2016-08-31T10:00:14","date_gmt":"2016-08-31T06:00:14","guid":{"rendered":"http:\/\/edebiyyat-az.com\/?p=22053"},"modified":"2016-08-31T15:34:13","modified_gmt":"2016-08-31T11:34:13","slug":"riyaz-demirci-yeni-siirler-2","status":"publish","type":"post","link":"http:\/\/edebiyyat-az.com\/?p=22053","title":{"rendered":"Riyaz DEM\u0130R\u00c7\u0130.Yeni \u015fiirler"},"content":{"rendered":"<p><a href=\"http:\/\/edebiyyat-az.com\/wp-content\/uploads\/2016\/08\/rdh.jpg\"><img loading=\"lazy\" decoding=\"async\" src=\"http:\/\/edebiyyat-az.com\/wp-content\/uploads\/2016\/08\/rdh-300x300.jpg\" alt=\"rdh\" width=\"300\" height=\"300\" class=\"aligncenter size-medium wp-image-21414\" srcset=\"http:\/\/edebiyyat-az.com\/wp-content\/uploads\/2016\/08\/rdh-300x300.jpg 300w, http:\/\/edebiyyat-az.com\/wp-content\/uploads\/2016\/08\/rdh-150x150.jpg 150w, http:\/\/edebiyyat-az.com\/wp-content\/uploads\/2016\/08\/rdh-768x768.jpg 768w, http:\/\/edebiyyat-az.com\/wp-content\/uploads\/2016\/08\/rdh.jpg 900w\" sizes=\"auto, (max-width: 300px) 100vw, 300px\" \/><\/a><\/p>\n<p><strong>Azerbaycan\u0131n K\u00fclt\u00fcr ve Edebiyat Portal\u0131n\u0131n Irak temsilcisi<\/strong><\/p>\n<p>KARA G\u00d6ZL\u00dcM<\/p>\n<p>G\u00fcnlerimi zehir ettin<br \/>\nG\u00f6z ya\u015f\u0131m\u0131 nehir ettin<br \/>\nBir m\u00fccize sihir ettin<br \/>\nKara g\u00f6zl\u00fcm ta\u015f y\u00fcreklim.<\/p>\n<p>Sen g\u00fcnd\u00fcz\u00fcm gecem oldun<br \/>\n\u015eu g\u00f6nl\u00fcme neden doldun<br \/>\n\u00d6ld\u00fcrmeye beni buldun?<br \/>\nKara g\u00f6zl\u00fcm ta\u015f y\u00fcreklim.<\/p>\n<p>Ne bir kere cevab verdin<br \/>\nNe bah\u00e7emden bir g\u00fcl derdin<br \/>\nS\u00f6yle,konu\u015f nedi derdin<br \/>\nKara gozl\u00fcm ta\u015f yurekli\u0131m<\/p>\n<p>Sensiz d\u00fcnyam bo\u015fdu bana<br \/>\nHasretin de ho\u015fdu bana<br \/>\nDert y\u00fcr\u00fcd\u00fc ko\u015fdu bana<br \/>\nKara g\u00f6zl\u00fcm ta\u015f y\u00fcreklim<\/p>\n<p>Tutmad\u0131m hi\u00e7 elini ben<br \/>\nSarmad\u0131m ki belini ben<br \/>\nOk\u015famad\u0131m telini ben<br \/>\nKara g\u00f6zl\u00fcm ta\u015f y\u00fcreklim<\/p>\n<p>Bu sevdadan vazm\u0131 ge\u00e7im<br \/>\ncana k\u0131y\u0131m,candan ke\u00e7im<br \/>\nO d\u00fcnyama belki k\u00f6\u00e7\u00fcm<br \/>\nKara g\u00f6zl\u00fcm ta\u015f y\u00fcreklim<\/p>\n<p>B\u0130R AZ<\/p>\n<p>A\u00e7 kolunu,\u00f6mr\u00fcm g\u00fcn\u00fcm<br \/>\nKuca\u011f\u0131na gelim bir az.<br \/>\nBihu\u015f olum kollar\u0131nda,<br \/>\nvusal\u0131ndan \u00f6l\u00fcm bir az.<\/p>\n<p>Ok\u015fay\u0131m ipek telini<br \/>\nBilim ben senin dilini<br \/>\nOlursun anam gelini<br \/>\nSenle derdim b\u00f6l\u00fcm bir az<\/p>\n<p>Dikilsin g\u00f6z\u00fcm g\u00f6z\u00fcne<br \/>\nDoyunca bak\u0131m y\u00fcz\u00fcne<br \/>\nHasretim tatl\u0131 s\u00f6z\u00fcne<br \/>\nDerdi at\u0131m g\u00fcl\u00fcm bir az<\/p>\n<p>Parmag\u0131na elyans tak\u0131m,<br \/>\nEllerine k\u0131na yak\u0131m<br \/>\n\u00d6mr\u00fcm boyu sana bak\u0131m<br \/>\nSenle mutlu olum bir az<\/p>\n<p>Sen Riyaza can olmu\u015fsun<br \/>\nDamar\u0131nda kan olmu\u015fsun<br \/>\n\u015eeref namus \u015fan olmu\u015fsun<br \/>\nGel kadan\u0131 al\u0131m bir az<\/p>\n","protected":false},"excerpt":{"rendered":"<p>Azerbaycan\u0131n K\u00fclt\u00fcr ve Edebiyat Portal\u0131n\u0131n Irak temsilcisi KARA G\u00d6ZL\u00dcM G\u00fcnlerimi zehir ettin G\u00f6z ya\u015f\u0131m\u0131 nehir ettin Bir m\u00fccize sihir ettin Kara g\u00f6zl\u00fcm ta\u015f y\u00fcreklim. Sen g\u00fcnd\u00fcz\u00fcm gecem oldun \u015eu g\u00f6nl\u00fcme neden doldun \u00d6ld\u00fcrmeye beni buldun? Kara g\u00f6zl\u00fcm ta\u015f y\u00fcreklim. Ne bir kere cevab verdin Ne bah\u00e7emden bir g\u00fcl derdin S\u00f6yle,konu\u015f nedi derdin Kara gozl\u00fcm ta\u015f [&hellip;]<\/p>\n","protected":false},"author":2,"featured_media":0,"comment_status":"open","ping_status":"open","sticky":false,"template":"","format":"standard","meta":{"footnotes":""},"categories":[7],"tags":[],"class_list":["post-22053","post","type-post","status-publish","format-standard","hentry","category-turkiy-dbiyyati"],"_links":{"self":[{"href":"http:\/\/edebiyyat-az.com\/index.php?rest_route=\/wp\/v2\/posts\/22053","targetHints":{"allow":["GET"]}}],"collection":[{"href":"http:\/\/edebiyyat-az.com\/index.php?rest_route=\/wp\/v2\/posts"}],"about":[{"href":"http:\/\/edebiyyat-az.com\/index.php?rest_route=\/wp\/v2\/types\/post"}],"author":[{"embeddable":true,"href":"http:\/\/edebiyyat-az.com\/index.php?rest_route=\/wp\/v2\/users\/2"}],"replies":[{"embeddable":true,"href":"http:\/\/edebiyyat-az.com\/index.php?rest_route=%2Fwp%2Fv2%2Fcomments&post=22053"}],"version-history":[{"count":3,"href":"http:\/\/edebiyyat-az.com\/index.php?rest_route=\/wp\/v2\/posts\/22053\/revisions"}],"predecessor-version":[{"id":22058,"href":"http:\/\/edebiyyat-az.com\/index.php?rest_route=\/wp\/v2\/posts\/22053\/revisions\/22058"}],"wp:attachment":[{"href":"http:\/\/edebiyyat-az.com\/index.php?rest_route=%2Fwp%2Fv2%2Fmedia&parent=22053"}],"wp:term":[{"taxonomy":"category","embeddable":true,"href":"http:\/\/edebiyyat-az.com\/index.php?rest_route=%2Fwp%2Fv2%2Fcategories&post=22053"},{"taxonomy":"post_tag","embeddable":true,"href":"http:\/\/edebiyyat-az.com\/index.php?rest_route=%2Fwp%2Fv2%2Ftags&post=22053"}],"curies":[{"name":"wp","href":"https:\/\/api.w.org\/{rel}","templated":true}]}}