{"id":22174,"date":"2016-09-10T10:00:00","date_gmt":"2016-09-10T06:00:00","guid":{"rendered":"http:\/\/edebiyyat-az.com\/?p=22174"},"modified":"2016-09-10T10:08:41","modified_gmt":"2016-09-10T06:08:41","slug":"hasan-akar-hocamizin-dogum-gununu-kutluyoruz","status":"publish","type":"post","link":"http:\/\/edebiyyat-az.com\/?p=22174","title":{"rendered":"Hasan AKAR HOCAMIZIN Do\u011fum G\u00fcn\u00fcn\u00fc Kutluyoruz!"},"content":{"rendered":"<p><a href=\"http:\/\/edebiyyat-az.com\/wp-content\/uploads\/2015\/11\/hasanakarhocamiz.jpg\"><img loading=\"lazy\" decoding=\"async\" src=\"http:\/\/edebiyyat-az.com\/wp-content\/uploads\/2015\/11\/hasanakarhocamiz-225x300.jpg\" alt=\"hasanakarhocamiz\" width=\"225\" height=\"300\" class=\"aligncenter size-medium wp-image-16128\" srcset=\"http:\/\/edebiyyat-az.com\/wp-content\/uploads\/2015\/11\/hasanakarhocamiz-225x300.jpg 225w, http:\/\/edebiyyat-az.com\/wp-content\/uploads\/2015\/11\/hasanakarhocamiz-768x1024.jpg 768w, http:\/\/edebiyyat-az.com\/wp-content\/uploads\/2015\/11\/hasanakarhocamiz.jpg 800w\" sizes=\"auto, (max-width: 225px) 100vw, 225px\" \/><\/a><\/p>\n<p>ATAT\u00dcRK\u2019\u00dcN TOKAT\u2019A GEL\u0130\u015e\u0130N\u0130N 97.YILINI KUTLUYOR,O\u2019NU SAYGIYLA ANIYORUZ.<\/p>\n<p>Ben 26 Haziran\u0131m,<br \/>\nTokat\u2019ta Mustafa Kemal<br \/>\nKahramanl\u0131k soyum ta Orta Asya\u2019dan.<br \/>\nTanr\u0131 Da\u011flar\u0131ndan.<br \/>\nPlevne\u2019den.Yemen\u2019den Sar\u0131kam\u0131\u015f\u2019tan.<br \/>\nGe\u00e7ilmez dedi\u011fimiz \u00c7anakkale\u2019den<br \/>\nEsarete mandaya al\u0131\u015f\u0131k de\u011fildir.<br \/>\nZincir vurulmam\u0131\u015f bile\u011fim.<br \/>\nOnun i\u00e7in Samsun dan do\u011far.<br \/>\nHavza\u2019da,Amasya\u2019da,<br \/>\nDa\u011f ba\u015flar\u0131n\u0131 duman al\u0131r,<br \/>\nTokat!ta alevlenir g\u00fcne\u015fim.<br \/>\nBen 26 Haziran\u0131m.<br \/>\nK\u0131z\u0131leni\u015f\u2019te tozlu yollar\u0131n akt\u0131\u011f\u0131 \u0131rmak,<br \/>\n\u00c7aml\u0131bel\u2019de K\u00f6ro\u011flu \u00e7e\u015fmesindeyim.<br \/>\nSivas\u2019tan Erzurum\u2019a do\u011fru uzan\u0131r,<br \/>\nYayla duman\u0131na al\u0131\u015f\u0131kt\u0131r,<br \/>\nKorku bilmez y\u00fcre\u011fim.<br \/>\nBen 26 Haziran\u0131m,<br \/>\nTokat\u2019ta Mustafa Kemal.<br \/>\n26 A\u011fustos\u2019a hasretim.<br \/>\nEdirne\u2019den Van\u2019a kadar,<br \/>\nSakarya\u2019da zafere,<br \/>\nVe \u0130zmir\u2019den gelecek,<br \/>\nEn g\u00fczel habere.<br \/>\nBen 26 Haziran\u0131m,<br \/>\nTokat\u2019ta Mustafa Kemal.<br \/>\nCumhuriyet\u2019in yolu,<br \/>\nBa\u011f\u0131ms\u0131zl\u0131\u011f\u0131n b\u00fck\u00fclmez koluyum.<br \/>\nAsla s\u00f6nmez.<br \/>\nSonsuza dek yanar bu me\u015f\u2019ale,<br \/>\nVatan olunca daima deli doluyum.<\/p>\n<p>Anne<\/p>\n<p>Ben gelirken tehlikelerle dolu dunyaya<br \/>\nYasam kefaretimi sen odedin anne<br \/>\nYasadim bu yasa yasamim sanki ruya<br \/>\nHalen dunden gune kalkanim senidin anne<\/p>\n<p>Yurudum nesnelerden habersiz<br \/>\nDal budaktan sen esirgedin anne<br \/>\nCozuldu dilim heceler sirasiz<br \/>\nAllah icin tercumanim senidin anne<\/p>\n<p>Kayitsiz kalamazdim ilk sozum senin adin<br \/>\nBuyudukce seni mutlu etmek muradim<br \/>\nAglamam,sinirim,sevincim,inadim<br \/>\nDizine basimi koydugumda ummanim anne<\/p>\n<p>En kutsallarim arasinda aldin yerini<br \/>\nYasamim icin verdin gozunun ferini<br \/>\nOkumaya yazmaya basladim ebed<br \/>\nInan kagidim kalemim senidin anne<\/p>\n<p>Dogrulugu ogrettin haramsiz dunya<br \/>\nBugun gibi hatirliyorum degil ruya anne<br \/>\nCakallar,sirtlanlar,yilanlar arasinda<br \/>\nOgudunu bastaci ettim tutuyorum anne<\/p>\n<p>Hep soylenir ya atasozu ana gibi yar<br \/>\nAna senin gibi yar bulamadim anne<br \/>\nBu dunya cok genis ama cok da dar<br \/>\nGonlun gibi genis yer bulamadim anne<\/p>\n<p>Mutlak faniyiz sende gideceksin bende<br \/>\nBenden once gidersen hakkini helal et anne<br \/>\nEger ben yavrun gidersem senden once<br \/>\nHakkim sana gani gani helal olsun annecigim<\/p>\n<p>Bayrak<\/p>\n<p>Namluya s\u00fcr\u00fclm\u00fc\u015f mermi gibi \u00f6fkem<br \/>\nBasmay\u0131n teti\u011fe patlad\u0131 patlayacak<br \/>\nBu semada sadece o dalgalanacak<br \/>\nKimsenin oyunca\u011f\u0131 de\u011fil ayy\u0131ld\u0131zl\u0131 bayrak<\/p>\n<p>Kan\u0131m\u0131zdan rengi \u015fehidimin \u00f6rt\u00fcs\u00fc al,al k\u0131rm\u0131z\u0131.<br \/>\nKorumad\u0131m\u0131? ya\u015fl\u0131m\u0131z\u0131 gencimizi o\u011flumuzu k\u0131z\u0131m\u0131z\u0131?<br \/>\nNas\u0131l yere atar \u00e7i\u011fnersiniz g\u00f6k kubbedeki ba\u015ftac\u0131m\u0131z\u0131?<br \/>\nHi\u00e7mi cann\u0131n\u0131z ac\u0131 hissetmez hi\u00e7mi olmad\u0131 i\u00e7inizde s\u0131z\u0131<\/p>\n<p>Yurduma semsiye vatan\u0131ma milletime n\u00f6bet.<br \/>\nBu bayra\u011f\u0131 koruyan vard\u0131 yine var olacak elbet<br \/>\nNedir bu kin nedir i\u00e7inizdeki bu durmaz nefret<br \/>\nSizleri ederim \u015fehitlere ulu mevlaya \u015fikayet<\/p>\n<p>\u201cVeda diyorum ,g\u00f6\u011fe bakan bu topraklara,<br \/>\nBir daha nasip olur da ,gelir miyim bilmem?<br \/>\nEfkar\u2019da damla damla so\u011fumu\u015f y\u00fcre\u011fimden,<br \/>\n\u00c7orakl\u0131\u2019da g\u00f6zya\u015f\u0131m\u0131 siler miyim bilmem<\/p>\n<p>Kilitlenmi\u015f kap\u0131lar,zelveleri paslanm\u0131\u015f,<br \/>\nBahar gelir,kepengini a\u00e7ar m\u0131y\u0131m bilmem?<br \/>\nNe desem bo\u015f,y\u0131llar ge\u00e7iyor,\u00f6m\u00fcr bitiyor,<br \/>\nBu d\u00fcnyadan yava\u015f yava\u015f g\u00f6\u00e7er miyim bilmem?\u201d<\/p>\n<p>14 May\u0131s 2016 Artvin-\u015eav\u015fat<br \/>\nFoto\u011fraf:1982-1985 y\u0131llar\u0131 aras\u0131nda g\u00f6rev yapt\u0131\u011f\u0131m \u015eav\u015fat \u00c7orakl\u0131 Ortaokulu\u2019nun giri\u015f kap\u0131s\u0131 (\u015eimdi kapal\u0131,viran halde)<\/p>\n<p>Elveda<\/p>\n<p>Sana bir g\u00fcn diyece\u011fim elveda<br \/>\nEy mavi ye\u015filliklerden uzak sevdam<br \/>\nYeter bu kadar \u00e7ekti\u011fim cevri cefa<br \/>\nSana da bir g\u00fcn diyece\u011fim elveda<\/p>\n<p>Temennim umar\u0131n d\u00f6nersin geri<br \/>\nKalbimde m\u00fcstesna daima yeri<br \/>\nSana ko\u015fan can\u0131 n\u0131 veren serseri<br \/>\nSana da bir g\u00fcn diyece\u011fim elveda<\/p>\n<p>Elveda demek \u00e7ok ama \u00e7ok zor<br \/>\nY\u00fcre\u011fimde sevdan yanan hep kor<br \/>\nSensiz bu sevda in anki olmuyor<br \/>\nSana da bir g\u00fcn diyece\u011fim elveda<\/p>\n<p>25 \u015eubat 2016<\/p>\n<p>AY BALAM <\/p>\n<p>\u201cG\u00f6\u00e7\u00fcn de zaman\u0131 gelir apans\u0131z ay balam,<br \/>\nTene\u015fir tahtas\u0131na d\u00fc\u015fer bedenimiz bir g\u00fcn.<br \/>\nKalmaz mecalim,d\u00f6nmek i\u00e7in d\u00fcne ay balam,<br \/>\nOmuzlar \u00fcst\u00fcnde y\u00fczeriz sessizce bir g\u00fcn.<\/p>\n<p>K\u0131\u015f gelir,seni yetim b\u0131rak\u0131r\u0131m ay balam,<br \/>\nKilit vurulur kap\u0131ma ,t\u00fctmez oca\u011f\u0131m bir g\u00fcn.<br \/>\nBuz tutar y\u00fcre\u011fim,bahar\u0131 beklerken ay balam,<br \/>\nG\u00f6rmeden yaz\u0131,gazel d\u00fc\u015fer ba\u011f\u0131ma bir g\u00fcn.<\/p>\n<p>Sevdiklerimden kopar\u0131r ecel ay balam,<br \/>\nSusuz topraklar bizi bekler d\u00f6nemem bir g\u00fcn.<br \/>\nHan bizim de\u011fil ki ,hep yolcuyuz ay balam,<br \/>\nD\u00f6k\u00fcversen g\u00f6z\u00fcn ya\u015f\u0131n\u0131 g\u00f6remem bir g\u00fcn.\u201d<\/p>\n<p>21.11.2015 TOKAT<\/p>\n<p>Sen y\u00fcreklerdesin&#8230;<\/p>\n<p>\u201cSen y\u00fcreklerdesin,<br \/>\nTabiat,T\u00fcrk eline zul\u00fcmde<br \/>\nKurtlar,ku\u015flar a\u011fl\u0131yor<br \/>\nGayri g\u00f6\u00e7 g\u00f6\u00e7 diye<br \/>\nD\u00fc\u015f\u00fcyorsun yollara<br \/>\nY\u00fcr\u00fcyorsun milyonlar ard\u0131nda<br \/>\nT\u00fcrk\u2019e yeni bir yurt kavgas\u0131nda.<br \/>\nSen Asya\u2019das\u0131n<br \/>\nOrhun Yaz\u0131tlar\u0131nda<br \/>\nG\u00f6k mavisi g\u00f6zlerin g\u00fcl\u00fcms\u00fcyor<br \/>\nBulutlar\u0131n arkas\u0131nda<br \/>\nBilge Ka\u011fan\u2019la,K\u00fcltigin\u2019le<br \/>\nTa\u015f\u0131 yontuyorsun tarihe<br \/>\nTonyukuk\u2019la yazma yar\u0131\u015f\u0131nda.<br \/>\nSen Malazgirt\u2019tesin<br \/>\nBir A\u011fustos sabah\u0131nda<br \/>\nAlparslan\u2019la beraber<br \/>\nOrdunun \u00f6n saflar\u0131nda<br \/>\nAlperenler yol g\u00f6steriyor<br \/>\nAhlat,Harput,S\u00f6\u011f\u00fct diye<br \/>\nD\u00f6rt asra gizli fetih sevdas\u0131nda.<br \/>\nSen Anadolu\u2019das\u0131n<br \/>\nSel\u00e7uklu saraylar\u0131nda<br \/>\nKa\u015flar\u0131n \u00e7at\u0131l\u0131yor birden<br \/>\nDilimiz gider tela\u015f\u0131nda<br \/>\nKaramano\u011flu Mehmet Bey\u2019le<br \/>\nFerman eyliyorsun ahaliye<br \/>\n\u00c7ar\u015f\u0131da,pazarda dil u\u011fra\u015f\u0131nda.<br \/>\nSen Fatih\u2019lesin<br \/>\nBir \u00e7a\u011f\u0131 kapat\u0131p<br \/>\nYeni bir \u00e7a\u011f\u0131 a\u00e7ma kayg\u0131s\u0131nda.<br \/>\nSen Kanuni ilesin<br \/>\nBarbaros\u2019un azmiyle<br \/>\n\u00dc\u00e7 k\u0131taya at ko\u015fturup<br \/>\nAkdeniz\u2019i T\u00fcrk g\u00f6l\u00fc davas\u0131nda.<br \/>\nSen amans\u0131z bir sava\u015f\u00e7\u0131<br \/>\n\u00c7anakkale,Bingazi\u2019de<br \/>\nDumlup\u0131nar,Kocatepe\u2019desin<br \/>\nVe Sakarya\u2019da e\u015fsiz bir zaferdesin.<br \/>\n\u0130stiklal en b\u00fcy\u00fck bayra\u011f\u0131n olmu\u015f<br \/>\nCepheden cepheye d\u00fc\u015fman \u00fcst\u00fcne<br \/>\n\u201cYa \u0130stiklal,Ya \u00d6l\u00fcm\u201d parolas\u0131nda.<br \/>\nSen \u0130stanbul\u2019das\u0131n<br \/>\nAnkara,Kastamonu,Konya\u2019das\u0131n<br \/>\nEllerin tebe\u015fir<br \/>\nKara tahta ba\u015f\u0131nda<br \/>\nHalk\u0131nla el elesin yine<br \/>\nAyd\u0131nl\u0131\u011fa y\u00fcr\u00fcmek i\u00e7in<br \/>\nB\u00fcy\u00fck ink\u0131lap sava\u015f\u0131nda.<br \/>\nSen y\u00fcreklerdesin<br \/>\nSeni anlatamaz ne bir maske<br \/>\nNe g\u00f6stermelik bir rozet<br \/>\nS\u00f6kemezler asla i\u00e7imizden<br \/>\nNak\u0131\u015f nak\u0131\u015f i\u015flenmi\u015fsin<br \/>\nAd\u0131n sonsuza kadar ya\u015far<br \/>\nVatan\u0131n her kar\u0131\u015f topra\u011f\u0131nda\u2026\u201d<\/p>\n<p>Yamans\u0131n be Sami<\/p>\n<p>\u00c7\u00f6zemezler seni yamans\u0131n be Sami,<br \/>\nSan\u0131yorsun ki senden gayrisi ali,<br \/>\nSensiz n\u2019olur Anadolu Lisesi hali,<br \/>\nM\u00fcd\u00fcrl\u00fck az olas\u0131n bir \u015fehre vali.<\/p>\n<p>\u015eifreleri kapt\u0131n,puanlar\u0131 bast\u0131n,<br \/>\nBilemezler sand\u0131n,\u015fimdi faka bast\u0131n,<br \/>\nAral\u0131k\u2019tan sonra Cemaati ast\u0131n,<br \/>\nBitiyorsun nedir kendine bu kast\u0131n.<\/p>\n<p>\u00d6yle g\u00fc\u00e7l\u00fcs\u00fcn ki sendika v\u0131z gelir,<br \/>\nYalakal\u0131k, ya\u011fdanl\u0131k sana az gelir,<br \/>\nSen \u015fahinsin art\u0131k Tokat sana kaz gelir,<br \/>\nBu devran b\u00f6yle gitmez bilesen Sami,<br \/>\nRabbim b\u00fcy\u00fck bize de bir g\u00fcn yaz gelir.<\/p>\n<p>ADI ZEYNEL KARAG\u00d6Z<br \/>\n(1931-2001)<\/p>\n<p>\u201c\u2026..<br \/>\nHen\u00fcz ayaklar\u0131m tan\u0131\u015f\u0131rken topra\u011fa,<br \/>\nBir el tutuyor ellerimi s\u0131cac\u0131k,<br \/>\nBelli ki y\u00fcre\u011finden ta\u015fm\u0131\u015f,<br \/>\nUnutturuyor o an kederi apa\u00e7\u0131k.<br \/>\nAd\u0131 Zeynel Karag\u00f6z,<br \/>\nBuyur ediyor hanesine,<br \/>\nA\u011fa\u00e7tan yapma bir ev,<br \/>\nTan\u0131t\u0131yor bizi g\u00fcl tanesine.<br \/>\nTeneke bir kuzine har\u0131l har\u0131l,<br \/>\n\u00dc\u015f\u00fcm\u00fc\u015f \u00e7iseli ruhumu \u0131s\u0131t\u0131yor,<br \/>\nT\u00fcrk\u00fc s\u00f6ylerken bak\u0131r \u0131br\u0131klar,<br \/>\nBir yandan \u00e7ocuklu\u011fumu \u0131\u015f\u0131t\u0131yor.<br \/>\n\u2026..<br \/>\nDerken ,sar\u0131 sa\u00e7l\u0131 afacan,<br \/>\nY\u00fczleri \u00e7illi tatl\u0131 bir k\u0131z,<br \/>\nEllerime uzan\u0131yor ad\u0131 Nuran:<br \/>\n\u201cBeraber gidece\u011fiz \u201cdiyor\u201d yar\u0131n\u201d<br \/>\nSonra fark ediyorum di\u011ferini,<br \/>\nSa\u00e7lar\u0131 \u00f6rg\u00fcl\u00fc bir kara k\u0131z,<br \/>\nO da \u00f6\u011frencimmi\u015f,<br \/>\nSoruyorum :Sona Karag\u00f6z.<br \/>\n\u2026\u2026\u201d<\/p>\n<p>Tokat\u2019tan M\u0131sralar <\/p>\n<p>SELLER Y\u00dcR\u00dcR YAMA\u00c7LARDAN B\u0130R G\u00dcN<\/p>\n<p>Biz al\u0131\u015f\u0131\u011f\u0131z, takma kafana koca reis, f\u0131rt\u0131naya, boraya<br \/>\nSavursunlar bizi, utanmadan bir oraya bir buraya<\/p>\n<p>Dalgalara bo\u011fsunlar, \u00e7\u0131kars\u0131nlar gemimizi karaya<br \/>\nTabip olsalar s\u00fcrd\u00fcrmem merhemlerini yaraya<\/p>\n<p>\u0130sterse karlar ya\u011fs\u0131n ,y\u0131ld\u0131r\u0131mlar d\u00fc\u015f\u00fcrs\u00fcnler d\u00fc\u015f\u00fcm\u00fcze<br \/>\nBilirken riyak\u00e2rl\u0131klar\u0131 yapt\u0131klar\u0131 gitmesin asla g\u00fcc\u00fcm\u00fcze<\/p>\n<p>Kap\u0131lma yeise, bu \u00fclkede mevsimler hep k\u0131\u015f gitmez<br \/>\nSanma ki bu \u00e7irkin karanl\u0131klar ebedidir bir g\u00fcn bitmez<\/p>\n<p>Bahar gelir elbet y\u00fcce da\u011flara, buzlar \u00e7\u00f6z\u00fcl\u00fcr g\u00fcn be g\u00fcn<br \/>\nRahmet ya\u011far, karlar erir, seller y\u00fcr\u00fcr yama\u00e7lardan bir g\u00fcn<\/p>\n<p>KOKLAYIM DED\u0130 OLMADI<\/p>\n<p>Bir deniz k\u0131y\u0131s\u0131nda b\u0131rakm\u0131\u015ft\u0131m onu \u00f6ks\u00fczce tek ba\u015f\u0131na<br \/>\nDamla damla su s\u0131zd\u0131 hayat verdi g\u00fcne\u015fle kururken topra\u011fa<br \/>\nAld\u0131rmad\u0131 f\u0131rt\u0131naya, e\u011fmedi boynunu azg\u0131n dalgalara<br \/>\nDualar etti tutundu ad\u0131n\u0131 veremedi\u011fi bir sevdaya<\/p>\n<p>Bilemedi bu denli sevi\u015fi, utand\u0131 tabiat kol kanat gerdi<br \/>\nDuysa sesini k\u0131y\u0131da belki unutacakt\u0131 \u00e7ekti\u011fi derdi<br \/>\nVefal\u0131yd\u0131, bir g\u00fcn ilk g\u00fczde s\u00fcrg\u00fcne uzand\u0131 a\u00e7t\u0131 l\u00e2le<br \/>\nKoklay\u0131m dedi, olmad\u0131 kader nas\u0131l koydu l\u00e2leyi bu h\u00e2le.<\/p>\n<p>Hasan AKAR<br \/>\nTokat \u015eairler ve Yazarlar Derne\u011fi \u00fcyesi, \u201cK\u00fcmbet\u201d e\u011fitim, k\u00fclt\u00fcr, sanat ve edebiyat dergisi Genel Yay\u0131n Y\u00f6netmeni,<br \/>\nAzerbaycan Gazete\u00e7iler Birli\u011fi Sumqay\u0131t \u015fehir te\u015fkilat\u0131n\u0131n G\u00fcnl\u00fck Analitik Haber Ajans\u0131 T\u00fcrkiye temsilcisi Azerbaycan\u0131n K\u00fclt\u00fcr ve Edebiyat Portal\u0131n\u0131n T\u00fcrkiye temsilcisi<\/p>\n","protected":false},"excerpt":{"rendered":"<p>ATAT\u00dcRK\u2019\u00dcN TOKAT\u2019A GEL\u0130\u015e\u0130N\u0130N 97.YILINI KUTLUYOR,O\u2019NU SAYGIYLA ANIYORUZ. Ben 26 Haziran\u0131m, Tokat\u2019ta Mustafa Kemal Kahramanl\u0131k soyum ta Orta Asya\u2019dan. Tanr\u0131 Da\u011flar\u0131ndan. Plevne\u2019den.Yemen\u2019den Sar\u0131kam\u0131\u015f\u2019tan. Ge\u00e7ilmez dedi\u011fimiz \u00c7anakkale\u2019den Esarete mandaya al\u0131\u015f\u0131k de\u011fildir. Zincir vurulmam\u0131\u015f bile\u011fim. Onun i\u00e7in Samsun dan do\u011far. Havza\u2019da,Amasya\u2019da, Da\u011f ba\u015flar\u0131n\u0131 duman al\u0131r, Tokat!ta alevlenir g\u00fcne\u015fim. Ben 26 Haziran\u0131m. K\u0131z\u0131leni\u015f\u2019te tozlu yollar\u0131n akt\u0131\u011f\u0131 \u0131rmak, \u00c7aml\u0131bel\u2019de K\u00f6ro\u011flu [&hellip;]<\/p>\n","protected":false},"author":2,"featured_media":0,"comment_status":"open","ping_status":"open","sticky":false,"template":"","format":"standard","meta":{"footnotes":""},"categories":[7],"tags":[],"class_list":["post-22174","post","type-post","status-publish","format-standard","hentry","category-turkiy-dbiyyati"],"_links":{"self":[{"href":"http:\/\/edebiyyat-az.com\/index.php?rest_route=\/wp\/v2\/posts\/22174","targetHints":{"allow":["GET"]}}],"collection":[{"href":"http:\/\/edebiyyat-az.com\/index.php?rest_route=\/wp\/v2\/posts"}],"about":[{"href":"http:\/\/edebiyyat-az.com\/index.php?rest_route=\/wp\/v2\/types\/post"}],"author":[{"embeddable":true,"href":"http:\/\/edebiyyat-az.com\/index.php?rest_route=\/wp\/v2\/users\/2"}],"replies":[{"embeddable":true,"href":"http:\/\/edebiyyat-az.com\/index.php?rest_route=%2Fwp%2Fv2%2Fcomments&post=22174"}],"version-history":[{"count":1,"href":"http:\/\/edebiyyat-az.com\/index.php?rest_route=\/wp\/v2\/posts\/22174\/revisions"}],"predecessor-version":[{"id":22175,"href":"http:\/\/edebiyyat-az.com\/index.php?rest_route=\/wp\/v2\/posts\/22174\/revisions\/22175"}],"wp:attachment":[{"href":"http:\/\/edebiyyat-az.com\/index.php?rest_route=%2Fwp%2Fv2%2Fmedia&parent=22174"}],"wp:term":[{"taxonomy":"category","embeddable":true,"href":"http:\/\/edebiyyat-az.com\/index.php?rest_route=%2Fwp%2Fv2%2Fcategories&post=22174"},{"taxonomy":"post_tag","embeddable":true,"href":"http:\/\/edebiyyat-az.com\/index.php?rest_route=%2Fwp%2Fv2%2Ftags&post=22174"}],"curies":[{"name":"wp","href":"https:\/\/api.w.org\/{rel}","templated":true}]}}