{"id":22433,"date":"2016-09-27T08:00:09","date_gmt":"2016-09-27T04:00:09","guid":{"rendered":"http:\/\/edebiyyat-az.com\/?p=22433"},"modified":"2016-09-27T17:32:03","modified_gmt":"2016-09-27T13:32:03","slug":"sair-abdulla-m%c9%99mm%c9%99din-seiri-kumbet-d%c9%99rgisind%c9%99-cap-olunub","status":"publish","type":"post","link":"http:\/\/edebiyyat-az.com\/?p=22433","title":{"rendered":"\u015eair Abdulla M\u0259mm\u0259din \u015feiri &#8220;K\u00fcmbet&#8221; d\u0259rgisind\u0259 \u00e7ap olunub"},"content":{"rendered":"<p><img decoding=\"async\" src=\"http:\/\/s018.radikal.ru\/i517\/1609\/b5\/ea1d43be160d.png\" alt=\"\" \/><\/p>\n<p>Az\u0259rbaycan Jurnalistl\u0259r Birliyi Sumqay\u0131t \u015f\u0259h\u0259r t\u0259\u015fkilat\u0131n\u0131n maliyy\u0259 d\u0259st\u0259yi il\u0259 h\u0259yata ke\u00e7iril\u0259n &#8220;\u00c7a\u011fda\u015f Az\u0259rbaycan poeziyas\u0131n\u0131n inki\u015faf\u0131na d\u0259st\u0259k&#8221; layih\u0259si \u00e7\u0259r\u00e7iv\u0259sind\u0259<br \/>\n\u00c7a\u011fda\u015f Az\u0259rbaycan \u0259d\u0259biyyat\u0131n\u0131n g\u00f6rk\u0259mli n\u00fcmay\u0259nd\u0259si, Az\u0259rbaycan Jurnalistl\u0259r Birliyi Sumqay\u0131t \u015f\u0259h\u0259r t\u0259\u015fkilat\u0131n\u0131n G\u00fcnd\u0259lik Analitik \u0130nformasiya Agentliyinin v\u0259 Az\u0259rbaycan\u0131n M\u0259d\u0259niyy\u0259t v\u0259 Portal\u0131n\u0131n Redaksiya hey\u0259tinin \u00fczv\u00fc, istedadl\u0131 \u015fair Abdulla M\u0259mm\u0259din &#8220;Can\u0131mda can,Az\u0259rbaycan,anam,can!\u201d \u015feiri Az\u0259rbaycan t\u00fcrkc\u0259sind\u0259<br \/>\nQarda\u015f T\u00fcrkiy\u0259 C\u00fcmhuriyy\u0259tinin Tokat \u015f\u0259h\u0259rind\u0259 f\u0259aliyy\u0259t g\u00f6st\u0259r\u0259n TOSAYAD (Tokat \u015eairler ve Yazarlar Derne\u011fi) r\u00fcbl\u00fck orqan\u0131 \u201cK\u00fcmbet\u201d e\u011fitim, k\u00fclt\u00fcr, sanat ve edebiyat dergisinin 42 yeni say\u0131nda d\u0259rc olunub.<br \/>\nQeyd ed\u0259k ki, &#8220;\u00c7a\u011fda\u015f Az\u0259rbaycan poeziyas\u0131n\u0131n inki\u015faf\u0131na d\u0259st\u0259k&#8221; layih\u0259sinin r\u0259hb\u0259ri v\u0259 m\u00fc\u0259llifi a\u011fda\u015f Az\u0259rbaycan \u0259d\u0259biyyat\u0131n\u0131n g\u00f6rk\u0259mli n\u00fcmay\u0259nd\u0259si, Az\u0259rbaycan Yaz\u0131\u00e7\u0131lar v\u0259 Jurnalistl\u0259r Birlikl\u0259rinin \u00fczv\u00fc, Az\u0259rbaycan Jurnalistl\u0259r Birliyinin Sumqay\u0131t \u015f\u0259h\u0259r t\u0259\u015fkilat\u0131n\u0131n s\u0259dri, respublikan\u0131n \u018fm\u0259kdar jurnalisti, Az\u0259rbaycan Jurnalistl\u0259r Birliyi Sumqay\u0131t \u015f\u0259h\u0259r t\u0259\u015fkilat\u0131n\u0131n G\u00fcnd\u0259lik Analitik \u0130nformasiya Agentliyinin v\u0259 Az\u0259rbaycan\u0131n M\u0259d\u0259niyy\u0259t v\u0259 Portal\u0131n\u0131n t\u0259sis\u00e7isi v\u0259 direktoru, \u201cK\u00fcmbet\u201d e\u011fitim, k\u00fclt\u00fcr, sanat ve edebiyat dergisinin Az\u0259rbaycan t\u0259msilcisinin Ba\u015fkan\u0131, \u015fair-publisist Rafiq Odayd\u0131r.<\/p>\n<p><strong>G\u00fclnar\u0259 \u015e\u00d6HR\u018fDD\u0130NQIZI,<br \/>\n\u201cM\u00f6ht\u0259\u015f\u0259m Az\u0259rbaycan\u201d q\u0259zeti<\/strong><\/p>\n","protected":false},"excerpt":{"rendered":"<p>Az\u0259rbaycan Jurnalistl\u0259r Birliyi Sumqay\u0131t \u015f\u0259h\u0259r t\u0259\u015fkilat\u0131n\u0131n maliyy\u0259 d\u0259st\u0259yi il\u0259 h\u0259yata ke\u00e7iril\u0259n &#8220;\u00c7a\u011fda\u015f Az\u0259rbaycan poeziyas\u0131n\u0131n inki\u015faf\u0131na d\u0259st\u0259k&#8221; layih\u0259si \u00e7\u0259r\u00e7iv\u0259sind\u0259 \u00c7a\u011fda\u015f Az\u0259rbaycan \u0259d\u0259biyyat\u0131n\u0131n g\u00f6rk\u0259mli n\u00fcmay\u0259nd\u0259si, Az\u0259rbaycan Jurnalistl\u0259r Birliyi Sumqay\u0131t \u015f\u0259h\u0259r t\u0259\u015fkilat\u0131n\u0131n G\u00fcnd\u0259lik Analitik \u0130nformasiya Agentliyinin v\u0259 Az\u0259rbaycan\u0131n M\u0259d\u0259niyy\u0259t v\u0259 Portal\u0131n\u0131n Redaksiya hey\u0259tinin \u00fczv\u00fc, istedadl\u0131 \u015fair Abdulla M\u0259mm\u0259din &#8220;Can\u0131mda can,Az\u0259rbaycan,anam,can!\u201d \u015feiri Az\u0259rbaycan t\u00fcrkc\u0259sind\u0259 Qarda\u015f T\u00fcrkiy\u0259 C\u00fcmhuriyy\u0259tinin Tokat \u015f\u0259h\u0259rind\u0259 [&hellip;]<\/p>\n","protected":false},"author":2,"featured_media":0,"comment_status":"open","ping_status":"open","sticky":false,"template":"","format":"standard","meta":{"footnotes":""},"categories":[4],"tags":[],"class_list":["post-22433","post","type-post","status-publish","format-standard","hentry","category-edeb"],"_links":{"self":[{"href":"http:\/\/edebiyyat-az.com\/index.php?rest_route=\/wp\/v2\/posts\/22433","targetHints":{"allow":["GET"]}}],"collection":[{"href":"http:\/\/edebiyyat-az.com\/index.php?rest_route=\/wp\/v2\/posts"}],"about":[{"href":"http:\/\/edebiyyat-az.com\/index.php?rest_route=\/wp\/v2\/types\/post"}],"author":[{"embeddable":true,"href":"http:\/\/edebiyyat-az.com\/index.php?rest_route=\/wp\/v2\/users\/2"}],"replies":[{"embeddable":true,"href":"http:\/\/edebiyyat-az.com\/index.php?rest_route=%2Fwp%2Fv2%2Fcomments&post=22433"}],"version-history":[{"count":1,"href":"http:\/\/edebiyyat-az.com\/index.php?rest_route=\/wp\/v2\/posts\/22433\/revisions"}],"predecessor-version":[{"id":22434,"href":"http:\/\/edebiyyat-az.com\/index.php?rest_route=\/wp\/v2\/posts\/22433\/revisions\/22434"}],"wp:attachment":[{"href":"http:\/\/edebiyyat-az.com\/index.php?rest_route=%2Fwp%2Fv2%2Fmedia&parent=22433"}],"wp:term":[{"taxonomy":"category","embeddable":true,"href":"http:\/\/edebiyyat-az.com\/index.php?rest_route=%2Fwp%2Fv2%2Fcategories&post=22433"},{"taxonomy":"post_tag","embeddable":true,"href":"http:\/\/edebiyyat-az.com\/index.php?rest_route=%2Fwp%2Fv2%2Ftags&post=22433"}],"curies":[{"name":"wp","href":"https:\/\/api.w.org\/{rel}","templated":true}]}}