{"id":33733,"date":"2019-11-30T09:00:14","date_gmt":"2019-11-30T05:00:14","guid":{"rendered":"http:\/\/edebiyyat-az.com\/?p=33733"},"modified":"2019-11-30T09:37:19","modified_gmt":"2019-11-30T05:37:19","slug":"x%c9%99yal%c9%99-sevil-susarsan","status":"publish","type":"post","link":"http:\/\/edebiyyat-az.com\/?p=33733","title":{"rendered":"X\u0259yal\u0259 SEV\u0130L.&#8221;Susarsan&#8221;"},"content":{"rendered":"<p><a href=\"http:\/\/edebiyyat-az.com\/wp-content\/uploads\/2019\/10\/xseds.jpg\"><img loading=\"lazy\" decoding=\"async\" src=\"http:\/\/edebiyyat-az.com\/wp-content\/uploads\/2019\/10\/xseds-300x200.jpg\" alt=\"\" width=\"300\" height=\"200\" class=\"alignnone size-medium wp-image-33153\" srcset=\"http:\/\/edebiyyat-az.com\/wp-content\/uploads\/2019\/10\/xseds-300x200.jpg 300w, http:\/\/edebiyyat-az.com\/wp-content\/uploads\/2019\/10\/xseds.jpg 600w\" sizes=\"auto, (max-width: 300px) 100vw, 300px\" \/><\/a><\/p>\n<p><strong>\u201cG\u0259nc \u018fdibl\u0259r M\u0259kt\u0259bi2\u201dnin m\u00fcdavimi, Az\u0259rbaycan Yaz\u0131\u00e7\u0131lar Birliyinin (AYB) \u00fczv\u00fc, Az\u0259rbaycan Respublikas\u0131 Prezidenti t\u0259qa\u00fcd fondunun t\u0259qa\u00fcd\u00e7\u00fcs\u00fc<\/strong><\/p>\n<p>Sonra<br \/>\nS\u0259ssizlik \u00e7\u00f6k\u0259r g\u00f6zl\u0259rin\u0259.<br \/>\nKipriyind\u0259n asd\u0131\u011f\u0131n<br \/>\nYa\u015f da quruyar,<br \/>\n\u018fll\u0259rin qoynundan yar\u0131yar.<br \/>\nG\u00f6z\u0259l-g\u00f6y\u00e7\u0259k \u00fcmidl\u0259rl\u0259<br \/>\nAran\u0131 vuran tap\u0131lmaz.<br \/>\nH\u0259r yerin el\u0259 a\u011fr\u0131yar,<br \/>\nBir d\u0259n\u0259 yaran tap\u0131lmaz.<br \/>\nSusarsan,<br \/>\nEl\u0259 susarsan,<br \/>\nBirc\u0259 g\u00f6zl\u0259rin s\u0259s eder&#8230;<br \/>\n\u0130lahi, n\u0259 \u00e7ox d\u00fc\u015f\u00fcnd\u00fcn,<br \/>\nM\u0259n\u0259 \u00f6l\u00fcm d\u0259 b\u0259s ed\u0259r.<\/p>\n","protected":false},"excerpt":{"rendered":"<p>\u201cG\u0259nc \u018fdibl\u0259r M\u0259kt\u0259bi2\u201dnin m\u00fcdavimi, Az\u0259rbaycan Yaz\u0131\u00e7\u0131lar Birliyinin (AYB) \u00fczv\u00fc, Az\u0259rbaycan Respublikas\u0131 Prezidenti t\u0259qa\u00fcd fondunun t\u0259qa\u00fcd\u00e7\u00fcs\u00fc Sonra S\u0259ssizlik \u00e7\u00f6k\u0259r g\u00f6zl\u0259rin\u0259. Kipriyind\u0259n asd\u0131\u011f\u0131n Ya\u015f da quruyar, \u018fll\u0259rin qoynundan yar\u0131yar. G\u00f6z\u0259l-g\u00f6y\u00e7\u0259k \u00fcmidl\u0259rl\u0259 Aran\u0131 vuran tap\u0131lmaz. H\u0259r yerin el\u0259 a\u011fr\u0131yar, Bir d\u0259n\u0259 yaran tap\u0131lmaz. Susarsan, El\u0259 susarsan, Birc\u0259 g\u00f6zl\u0259rin s\u0259s eder&#8230; \u0130lahi, n\u0259 \u00e7ox d\u00fc\u015f\u00fcnd\u00fcn, M\u0259n\u0259 \u00f6l\u00fcm d\u0259 b\u0259s [&hellip;]<\/p>\n","protected":false},"author":2,"featured_media":0,"comment_status":"open","ping_status":"open","sticky":false,"template":"","format":"standard","meta":{"footnotes":""},"categories":[4],"tags":[],"class_list":["post-33733","post","type-post","status-publish","format-standard","hentry","category-edeb"],"_links":{"self":[{"href":"http:\/\/edebiyyat-az.com\/index.php?rest_route=\/wp\/v2\/posts\/33733","targetHints":{"allow":["GET"]}}],"collection":[{"href":"http:\/\/edebiyyat-az.com\/index.php?rest_route=\/wp\/v2\/posts"}],"about":[{"href":"http:\/\/edebiyyat-az.com\/index.php?rest_route=\/wp\/v2\/types\/post"}],"author":[{"embeddable":true,"href":"http:\/\/edebiyyat-az.com\/index.php?rest_route=\/wp\/v2\/users\/2"}],"replies":[{"embeddable":true,"href":"http:\/\/edebiyyat-az.com\/index.php?rest_route=%2Fwp%2Fv2%2Fcomments&post=33733"}],"version-history":[{"count":1,"href":"http:\/\/edebiyyat-az.com\/index.php?rest_route=\/wp\/v2\/posts\/33733\/revisions"}],"predecessor-version":[{"id":33738,"href":"http:\/\/edebiyyat-az.com\/index.php?rest_route=\/wp\/v2\/posts\/33733\/revisions\/33738"}],"wp:attachment":[{"href":"http:\/\/edebiyyat-az.com\/index.php?rest_route=%2Fwp%2Fv2%2Fmedia&parent=33733"}],"wp:term":[{"taxonomy":"category","embeddable":true,"href":"http:\/\/edebiyyat-az.com\/index.php?rest_route=%2Fwp%2Fv2%2Fcategories&post=33733"},{"taxonomy":"post_tag","embeddable":true,"href":"http:\/\/edebiyyat-az.com\/index.php?rest_route=%2Fwp%2Fv2%2Ftags&post=33733"}],"curies":[{"name":"wp","href":"https:\/\/api.w.org\/{rel}","templated":true}]}}