{"id":37442,"date":"2021-03-25T17:02:13","date_gmt":"2021-03-25T13:02:13","guid":{"rendered":"http:\/\/edebiyyat-az.com\/?p=37442"},"modified":"2021-03-25T17:02:13","modified_gmt":"2021-03-25T13:02:13","slug":"az%c9%99rbaycanli-sair%c9%99-publisist-n%c9%99cib%c9%99-ilkin-m%c9%99n%c9%99-bir-seir-yaz","status":"publish","type":"post","link":"http:\/\/edebiyyat-az.com\/?p=37442","title":{"rendered":"Az\u0259rbaycanl\u0131 \u015fair\u0259-publisist N\u0259cib\u0259 \u0130LK\u0130N.&#8221;M\u018fN\u018f B\u0130R \u015eE\u0130R YAZ&#8230;&#8221;"},"content":{"rendered":"\n<figure class=\"wp-block-image size-large\"><img loading=\"lazy\" decoding=\"async\" width=\"720\" height=\"720\" src=\"http:\/\/edebiyyat-az.com\/wp-content\/uploads\/2021\/02\/necibexanim.jpg\" alt=\"\" class=\"wp-image-36781\" srcset=\"http:\/\/edebiyyat-az.com\/wp-content\/uploads\/2021\/02\/necibexanim.jpg 720w, http:\/\/edebiyyat-az.com\/wp-content\/uploads\/2021\/02\/necibexanim-300x300.jpg 300w, http:\/\/edebiyyat-az.com\/wp-content\/uploads\/2021\/02\/necibexanim-150x150.jpg 150w, http:\/\/edebiyyat-az.com\/wp-content\/uploads\/2021\/02\/necibexanim-100x100.jpg 100w\" sizes=\"auto, (max-width: 720px) 100vw, 720px\" \/><\/figure>\n\n\n\n<p><em><strong>Az\u0259rbaycan Yaz\u0131\u00e7\u0131lar v\u0259 Jurnalistl\u0259r Birlikl\u0259rinin \u00fczv\u00fc, Az\u0259rbaycan Respublikas\u0131 Prezidenti T\u0259qa\u00fcd F\u0259ndunun t\u0259qa\u00fcd\u00e7\u00fcs\u00fc, \u201cAzad q\u0259l\u0259m\u201d \u0259d\u0259bi-b\u0259dii, ictimai-publisistik q\u0259zetinin v\u0259 \u201cAli Ziya\u201d \u0259d\u0259bi-b\u0259dii, elmi-publisistik jurnal\u0131n\u0131n t\u0259sis\u00e7isi v\u0259 ba\u015f redaktoru<\/strong><\/em><\/p>\n\n\n\n<p>M\u0259n\u0259 bir \u015feir yaz sevgi \u00fcnvanl\u0131,<br>Yaz ki, dar\u0131xm\u0131\u015fam, \u00f6lm\u00fcy\u00fcm s\u0259nsiz.<br>M\u0259n\u0259 bir \u015feir yaz, lap M\u0259cnun kimi,<br>Ol, d\u0259li-divan\u0259, bilmiyim s\u0259nsiz.<\/p>\n\n\n\n<p>M\u0259n\u0259 bir \u015feir yaz, ba\u015f\u0131 haval\u0131,<br>G\u00f6z\u00fcnd\u0259n s\u00fcz\u00fcl\u0259n ya\u015f\u0131 haval\u0131,<br>Qayas\u0131 haval\u0131, da\u015f\u0131 haval\u0131,<br>H\u0259r yana s\u0259s sals\u0131n, g\u00fclm\u00fcy\u00fcm s\u0259nsiz.<\/p>\n\n\n\n<p>Yaz ki, \u00e7ox dar\u0131x\u0131b, g\u00f6r\u00fc\u015f yerimiz,<br>Od tutub al\u0131\u015f\u0131r, \u00e7ataq birimiz,<br>Aram\u0131zda qalan gizli sirrimiz,<br>A\u00e7\u0131l\u0131b b\u00fck\u00fcls\u0259 g\u0259lmiyim s\u0259nsiz.<\/p>\n\n\n\n<p>M\u0259n\u0259 bir \u015feir yaz, amma gizlic\u0259,<br>Doyunca a\u011flay\u0131m, g\u00fcl\u00fcm bu gec\u0259,<br>S\u0131x\u0131b \u00fcr\u0259yimin \u00fcst\u0259 bel\u0259c\u0259,<br>Yuxuya getm\u0259y\u0259 qalm\u0131y\u0131m s\u0259nsiz.<\/p>\n","protected":false},"excerpt":{"rendered":"<p>Az\u0259rbaycan Yaz\u0131\u00e7\u0131lar v\u0259 Jurnalistl\u0259r Birlikl\u0259rinin \u00fczv\u00fc, Az\u0259rbaycan Respublikas\u0131 Prezidenti T\u0259qa\u00fcd F\u0259ndunun t\u0259qa\u00fcd\u00e7\u00fcs\u00fc, \u201cAzad q\u0259l\u0259m\u201d \u0259d\u0259bi-b\u0259dii, ictimai-publisistik q\u0259zetinin v\u0259 \u201cAli Ziya\u201d \u0259d\u0259bi-b\u0259dii, elmi-publisistik jurnal\u0131n\u0131n t\u0259sis\u00e7isi v\u0259 ba\u015f redaktoru M\u0259n\u0259 bir \u015feir yaz sevgi \u00fcnvanl\u0131,Yaz ki, dar\u0131xm\u0131\u015fam, \u00f6lm\u00fcy\u00fcm s\u0259nsiz.M\u0259n\u0259 bir \u015feir yaz, lap M\u0259cnun kimi,Ol, d\u0259li-divan\u0259, bilmiyim s\u0259nsiz. M\u0259n\u0259 bir \u015feir yaz, ba\u015f\u0131 haval\u0131,G\u00f6z\u00fcnd\u0259n s\u00fcz\u00fcl\u0259n ya\u015f\u0131 haval\u0131,Qayas\u0131 [&hellip;]<\/p>\n","protected":false},"author":2,"featured_media":0,"comment_status":"open","ping_status":"open","sticky":false,"template":"","format":"standard","meta":{"footnotes":""},"categories":[1],"tags":[],"class_list":["post-37442","post","type-post","status-publish","format-standard","hentry","category-home"],"_links":{"self":[{"href":"http:\/\/edebiyyat-az.com\/index.php?rest_route=\/wp\/v2\/posts\/37442","targetHints":{"allow":["GET"]}}],"collection":[{"href":"http:\/\/edebiyyat-az.com\/index.php?rest_route=\/wp\/v2\/posts"}],"about":[{"href":"http:\/\/edebiyyat-az.com\/index.php?rest_route=\/wp\/v2\/types\/post"}],"author":[{"embeddable":true,"href":"http:\/\/edebiyyat-az.com\/index.php?rest_route=\/wp\/v2\/users\/2"}],"replies":[{"embeddable":true,"href":"http:\/\/edebiyyat-az.com\/index.php?rest_route=%2Fwp%2Fv2%2Fcomments&post=37442"}],"version-history":[{"count":1,"href":"http:\/\/edebiyyat-az.com\/index.php?rest_route=\/wp\/v2\/posts\/37442\/revisions"}],"predecessor-version":[{"id":37443,"href":"http:\/\/edebiyyat-az.com\/index.php?rest_route=\/wp\/v2\/posts\/37442\/revisions\/37443"}],"wp:attachment":[{"href":"http:\/\/edebiyyat-az.com\/index.php?rest_route=%2Fwp%2Fv2%2Fmedia&parent=37442"}],"wp:term":[{"taxonomy":"category","embeddable":true,"href":"http:\/\/edebiyyat-az.com\/index.php?rest_route=%2Fwp%2Fv2%2Fcategories&post=37442"},{"taxonomy":"post_tag","embeddable":true,"href":"http:\/\/edebiyyat-az.com\/index.php?rest_route=%2Fwp%2Fv2%2Ftags&post=37442"}],"curies":[{"name":"wp","href":"https:\/\/api.w.org\/{rel}","templated":true}]}}