{"id":37801,"date":"2021-04-02T12:00:00","date_gmt":"2021-04-02T08:00:00","guid":{"rendered":"https:\/\/edebiyyat-az.com\/?p=37801"},"modified":"2021-04-02T14:51:09","modified_gmt":"2021-04-02T10:51:09","slug":"az%c9%99rbaycanli-sair%c9%99-publisist-n%c9%99cib%c9%99-ilkin-demir%c9%99m-ki-%c9%99hdin%c9%99-duz","status":"publish","type":"post","link":"http:\/\/edebiyyat-az.com\/?p=37801","title":{"rendered":"Az\u0259rbaycanl\u0131 \u015fair\u0259-publisist N\u0259cib\u0259 \u0130LK\u0130N.&#8221;Demir\u0259m ki, \u0259hdin\u0259 d\u00fcz&#8221;"},"content":{"rendered":"\n<figure class=\"wp-block-image size-large\"><a href=\"http:\/\/edebiyyat-az.com\/wp-content\/uploads\/2021\/02\/necibexanim.jpg\"><img loading=\"lazy\" decoding=\"async\" width=\"720\" height=\"720\" src=\"http:\/\/edebiyyat-az.com\/wp-content\/uploads\/2021\/02\/necibexanim.jpg\" alt=\"\" class=\"wp-image-36781\" srcset=\"http:\/\/edebiyyat-az.com\/wp-content\/uploads\/2021\/02\/necibexanim.jpg 720w, http:\/\/edebiyyat-az.com\/wp-content\/uploads\/2021\/02\/necibexanim-300x300.jpg 300w, http:\/\/edebiyyat-az.com\/wp-content\/uploads\/2021\/02\/necibexanim-150x150.jpg 150w, http:\/\/edebiyyat-az.com\/wp-content\/uploads\/2021\/02\/necibexanim-100x100.jpg 100w\" sizes=\"auto, (max-width: 720px) 100vw, 720px\" \/><\/a><\/figure>\n\n\n\n<p><em><strong>Az\u0259rbaycan Yaz\u0131\u00e7\u0131lar v\u0259 Jurnalistl\u0259r Birlikl\u0259rinin \u00fczv\u00fc, Az\u0259rbaycan Respublikas\u0131 Prezidenti T\u0259qa\u00fcd F\u0259ndunun t\u0259qa\u00fcd\u00e7\u00fcs\u00fc, \u201cAzad q\u0259l\u0259m\u201d \u0259d\u0259bi-b\u0259dii, ictimai-publisistik q\u0259zetinin v\u0259 \u201cAli Ziya\u201d \u0259d\u0259bi-b\u0259dii, elmi-publisistik jurnal\u0131n\u0131n t\u0259sis\u00e7isi v\u0259 ba\u015f redaktoru<\/strong><\/em>.<\/p>\n\n\n\n<p>Demir\u0259m ki, \u0259hdin\u0259 d\u00fcz,<br>Birc\u0259 m\u0259n\u0259m bu d\u00fcnyada.<br>Ancaq \u00f6zg\u0259 t\u0259rav\u0259tli,<br>Bir \u00e7\u0259m\u0259n\u0259m bu d\u00fcnyada.<\/p>\n\n\n\n<p>D\u00fc\u015fm\u00fc\u015f\u0259m haqq sora\u011f\u0131na,<br>\u015e\u00f6l\u0259y\u0259m el \u00e7\u0131ra\u011f\u0131na,<br>Haqs\u0131zl\u0131\u011f\u0131n aya\u011f\u0131na,<br>\u00c7\u0259tin en\u0259m bu d\u00fcnyada.<\/p>\n\n\n\n<p>Dem\u0259, bu m\u0259n\u0259mlik n\u0259dir,<br>N\u0259cib\u0259nin d\u00fczd\u00fc v\u0259di,<br>Haqq ad\u0131nda bir \u0259b\u0259di,<br>\u00d6m\u00fcr-g\u00fcn\u0259m, bu d\u00fcnyada.<\/p>\n","protected":false},"excerpt":{"rendered":"<p>Az\u0259rbaycan Yaz\u0131\u00e7\u0131lar v\u0259 Jurnalistl\u0259r Birlikl\u0259rinin \u00fczv\u00fc, Az\u0259rbaycan Respublikas\u0131 Prezidenti T\u0259qa\u00fcd F\u0259ndunun t\u0259qa\u00fcd\u00e7\u00fcs\u00fc, \u201cAzad q\u0259l\u0259m\u201d \u0259d\u0259bi-b\u0259dii, ictimai-publisistik q\u0259zetinin v\u0259 \u201cAli Ziya\u201d \u0259d\u0259bi-b\u0259dii, elmi-publisistik jurnal\u0131n\u0131n t\u0259sis\u00e7isi v\u0259 ba\u015f redaktoru. Demir\u0259m ki, \u0259hdin\u0259 d\u00fcz,Birc\u0259 m\u0259n\u0259m bu d\u00fcnyada.Ancaq \u00f6zg\u0259 t\u0259rav\u0259tli,Bir \u00e7\u0259m\u0259n\u0259m bu d\u00fcnyada. D\u00fc\u015fm\u00fc\u015f\u0259m haqq sora\u011f\u0131na,\u015e\u00f6l\u0259y\u0259m el \u00e7\u0131ra\u011f\u0131na,Haqs\u0131zl\u0131\u011f\u0131n aya\u011f\u0131na,\u00c7\u0259tin en\u0259m bu d\u00fcnyada. Dem\u0259, bu m\u0259n\u0259mlik n\u0259dir,N\u0259cib\u0259nin d\u00fczd\u00fc v\u0259di,Haqq ad\u0131nda [&hellip;]<\/p>\n","protected":false},"author":2,"featured_media":0,"comment_status":"open","ping_status":"open","sticky":false,"template":"","format":"standard","meta":{"footnotes":""},"categories":[4],"tags":[],"class_list":["post-37801","post","type-post","status-publish","format-standard","hentry","category-edeb"],"_links":{"self":[{"href":"http:\/\/edebiyyat-az.com\/index.php?rest_route=\/wp\/v2\/posts\/37801","targetHints":{"allow":["GET"]}}],"collection":[{"href":"http:\/\/edebiyyat-az.com\/index.php?rest_route=\/wp\/v2\/posts"}],"about":[{"href":"http:\/\/edebiyyat-az.com\/index.php?rest_route=\/wp\/v2\/types\/post"}],"author":[{"embeddable":true,"href":"http:\/\/edebiyyat-az.com\/index.php?rest_route=\/wp\/v2\/users\/2"}],"replies":[{"embeddable":true,"href":"http:\/\/edebiyyat-az.com\/index.php?rest_route=%2Fwp%2Fv2%2Fcomments&post=37801"}],"version-history":[{"count":1,"href":"http:\/\/edebiyyat-az.com\/index.php?rest_route=\/wp\/v2\/posts\/37801\/revisions"}],"predecessor-version":[{"id":37811,"href":"http:\/\/edebiyyat-az.com\/index.php?rest_route=\/wp\/v2\/posts\/37801\/revisions\/37811"}],"wp:attachment":[{"href":"http:\/\/edebiyyat-az.com\/index.php?rest_route=%2Fwp%2Fv2%2Fmedia&parent=37801"}],"wp:term":[{"taxonomy":"category","embeddable":true,"href":"http:\/\/edebiyyat-az.com\/index.php?rest_route=%2Fwp%2Fv2%2Fcategories&post=37801"},{"taxonomy":"post_tag","embeddable":true,"href":"http:\/\/edebiyyat-az.com\/index.php?rest_route=%2Fwp%2Fv2%2Ftags&post=37801"}],"curies":[{"name":"wp","href":"https:\/\/api.w.org\/{rel}","templated":true}]}}