{"id":38909,"date":"2021-06-07T09:55:41","date_gmt":"2021-06-07T05:55:41","guid":{"rendered":"http:\/\/edebiyyat-az.com\/?p=38909"},"modified":"2021-06-07T10:41:48","modified_gmt":"2021-06-07T06:41:48","slug":"x-%c9%99-qasimovanin-istiqlal-ordeni-il%c9%99-t%c9%99ltif-edilm%c9%99si-haqqinda-az%c9%99rbaycan-respublikasi-prezidentinin-s%c9%99r%c9%99ncami","status":"publish","type":"post","link":"http:\/\/edebiyyat-az.com\/?p=38909","title":{"rendered":"X.\u018f.Qas\u0131movan\u0131n \u201c\u0130stiqlal\u201d ordeni il\u0259 t\u0259ltif edilm\u0259si haqq\u0131nda Az\u0259rbaycan Respublikas\u0131 Prezidentinin S\u0259r\u0259ncam\u0131"},"content":{"rendered":"\n<figure class=\"wp-block-image size-large is-resized\"><a href=\"http:\/\/edebiyyat-az.com\/wp-content\/uploads\/2021\/06\/220px-Ilham_Aliyev_was_interviewed_by_Euronews_TV_cropped_cropped.jpg\"><img loading=\"lazy\" decoding=\"async\" src=\"http:\/\/edebiyyat-az.com\/wp-content\/uploads\/2021\/06\/220px-Ilham_Aliyev_was_interviewed_by_Euronews_TV_cropped_cropped.jpg\" alt=\"\" class=\"wp-image-38910\" width=\"704\" height=\"938\"\/><\/a><\/figure>\n\n\n\n<p><strong>X.\u018f.Qas\u0131movan\u0131n \u201c\u0130stiqlal\u201d ordeni il\u0259 t\u0259ltif edilm\u0259si haqq\u0131nda Az\u0259rbaycan Respublikas\u0131 Prezidentinin S\u0259r\u0259ncam\u0131<\/strong><\/p>\n\n\n\n<p>Az\u0259rbaycan Respublikas\u0131 Konstitusiyas\u0131n\u0131n 109-cu madd\u0259sinin 23-c\u00fc b\u0259ndini r\u0259hb\u0259r tutaraq q\u0259rara al\u0131ram:<\/p>\n\n\n\n<p>Az\u0259rbaycan m\u0259d\u0259niyy\u0259tinin inki\u015faf\u0131nda x\u00fcsusi xidm\u0259tl\u0259rin\u0259 v\u0259 uzunm\u00fcdd\u0259tli s\u0259m\u0259r\u0259li f\u0259aliyy\u0259tin\u0259 g\u00f6r\u0259 Xuraman \u018fkr\u0259m q\u0131z\u0131 Qas\u0131mova \u201c\u0130stiqlal\u201d ordeni il\u0259 t\u0259ltif edilsin.<\/p>\n\n\n\n<p>\u0130lham \u018fliyev<\/p>\n\n\n\n<p>Az\u0259rbaycan Respublikas\u0131n\u0131n Prezidenti<\/p>\n\n\n\n<p>Bak\u0131 \u015f\u0259h\u0259ri, 5 iyun 2021-ci il<\/p>\n\n\n\n<p><strong>M\u0259nb\u0259: <a href=\"https:\/\/president.az\">https:\/\/president.az<\/a><\/strong><\/p>\n","protected":false},"excerpt":{"rendered":"<p>X.\u018f.Qas\u0131movan\u0131n \u201c\u0130stiqlal\u201d ordeni il\u0259 t\u0259ltif edilm\u0259si haqq\u0131nda Az\u0259rbaycan Respublikas\u0131 Prezidentinin S\u0259r\u0259ncam\u0131 Az\u0259rbaycan Respublikas\u0131 Konstitusiyas\u0131n\u0131n 109-cu madd\u0259sinin 23-c\u00fc b\u0259ndini r\u0259hb\u0259r tutaraq q\u0259rara al\u0131ram: Az\u0259rbaycan m\u0259d\u0259niyy\u0259tinin inki\u015faf\u0131nda x\u00fcsusi xidm\u0259tl\u0259rin\u0259 v\u0259 uzunm\u00fcdd\u0259tli s\u0259m\u0259r\u0259li f\u0259aliyy\u0259tin\u0259 g\u00f6r\u0259 Xuraman \u018fkr\u0259m q\u0131z\u0131 Qas\u0131mova \u201c\u0130stiqlal\u201d ordeni il\u0259 t\u0259ltif edilsin. \u0130lham \u018fliyev Az\u0259rbaycan Respublikas\u0131n\u0131n Prezidenti Bak\u0131 \u015f\u0259h\u0259ri, 5 iyun 2021-ci il M\u0259nb\u0259: https:\/\/president.az<\/p>\n","protected":false},"author":2,"featured_media":0,"comment_status":"open","ping_status":"open","sticky":false,"template":"","format":"standard","meta":{"footnotes":""},"categories":[46],"tags":[],"class_list":["post-38909","post","type-post","status-publish","format-standard","hentry","category-azerbaycanprezidenti"],"_links":{"self":[{"href":"http:\/\/edebiyyat-az.com\/index.php?rest_route=\/wp\/v2\/posts\/38909","targetHints":{"allow":["GET"]}}],"collection":[{"href":"http:\/\/edebiyyat-az.com\/index.php?rest_route=\/wp\/v2\/posts"}],"about":[{"href":"http:\/\/edebiyyat-az.com\/index.php?rest_route=\/wp\/v2\/types\/post"}],"author":[{"embeddable":true,"href":"http:\/\/edebiyyat-az.com\/index.php?rest_route=\/wp\/v2\/users\/2"}],"replies":[{"embeddable":true,"href":"http:\/\/edebiyyat-az.com\/index.php?rest_route=%2Fwp%2Fv2%2Fcomments&post=38909"}],"version-history":[{"count":5,"href":"http:\/\/edebiyyat-az.com\/index.php?rest_route=\/wp\/v2\/posts\/38909\/revisions"}],"predecessor-version":[{"id":38916,"href":"http:\/\/edebiyyat-az.com\/index.php?rest_route=\/wp\/v2\/posts\/38909\/revisions\/38916"}],"wp:attachment":[{"href":"http:\/\/edebiyyat-az.com\/index.php?rest_route=%2Fwp%2Fv2%2Fmedia&parent=38909"}],"wp:term":[{"taxonomy":"category","embeddable":true,"href":"http:\/\/edebiyyat-az.com\/index.php?rest_route=%2Fwp%2Fv2%2Fcategories&post=38909"},{"taxonomy":"post_tag","embeddable":true,"href":"http:\/\/edebiyyat-az.com\/index.php?rest_route=%2Fwp%2Fv2%2Ftags&post=38909"}],"curies":[{"name":"wp","href":"https:\/\/api.w.org\/{rel}","templated":true}]}}