{"id":40343,"date":"2022-01-25T09:00:00","date_gmt":"2022-01-25T05:00:00","guid":{"rendered":"https:\/\/edebiyyat-az.com\/?p=40343"},"modified":"2022-01-25T14:05:37","modified_gmt":"2022-01-25T10:05:37","slug":"xalq-sairi-z%c9%99limxan-yaqubun-yeni-kitabi-isiq-uzu-gorub-3","status":"publish","type":"post","link":"http:\/\/edebiyyat-az.com\/?p=40343","title":{"rendered":"Xalq \u015fairi Z\u0259limxan Yaqubun yeni kitab\u0131 i\u015f\u0131q \u00fcz\u00fc g\u00f6r\u00fcb"},"content":{"rendered":"\n<figure class=\"wp-block-image size-full is-resized\"><a href=\"http:\/\/edebiyyat-az.com\/wp-content\/uploads\/2022\/01\/xalq-sairi-zelimxan-yaqub.jpg\"><img loading=\"lazy\" decoding=\"async\" src=\"http:\/\/edebiyyat-az.com\/wp-content\/uploads\/2022\/01\/xalq-sairi-zelimxan-yaqub.jpg\" alt=\"\" class=\"wp-image-40346\" width=\"706\" height=\"443\" srcset=\"http:\/\/edebiyyat-az.com\/wp-content\/uploads\/2022\/01\/xalq-sairi-zelimxan-yaqub.jpg 670w, http:\/\/edebiyyat-az.com\/wp-content\/uploads\/2022\/01\/xalq-sairi-zelimxan-yaqub-300x188.jpg 300w\" sizes=\"auto, (max-width: 706px) 100vw, 706px\" \/><\/a><\/figure>\n\n\n\n<p><\/p>\n\n\n\n<p>Xalq \u015fairi Z\u0259limxan Yaqubun yeni kitab\u0131 i\u015f\u0131q \u00fcz\u00fc g\u00f6r\u00fcb. \u201cT\u00fcrk\u00fcn taleyi\u201d adl\u0131 bu kitabda \u00f6lm\u0259z s\u00f6z ustad\u0131n\u0131n b\u00f6y\u00fck T\u00fcrk d\u00fcnyas\u0131na d\u0259rin m\u0259h\u0259bb\u0259td\u0259n do\u011fan v\u0259 t\u0259kc\u0259 Az\u0259rbaycanda deyil, onun h\u00fcdudlar\u0131ndan uzaqlarda da sevil\u0259-sevil\u0259 oxunan \u015feirl\u0259ri v\u0259 \u201cM\u00f6vlana\u201d, \u201cYunus \u018fmr\u0259 dastan\u0131\u201d, \u201cA\u015f\u0131q Veys\u0259l d\u00fcnyas\u0131\u201d, \u201cTuran sevgisi\u201d, \u201c\u0130\u00e7imd\u0259 a\u011flayan Kr\u0131m\u201d, \u201c\u00c7anaqqala dastan\u0131\u201d v\u0259 \u201cBir k\u00f6vr\u0259k havad\u0131 saz\u0131mda K\u0259rk\u00fck\u201d poemalar\u0131 yer al\u0131b.<\/p>\n\n\n\n<p>Avrasiya Beyn\u0259lxalq Ara\u015fd\u0131rmalar \u0130nstitutu \u0130B, \u201cN\u0259f\u0259s\u201d \u0130B v\u0259 Regional H\u00fcquqi v\u0259 \u0130qtisadi Maarifl\u0259ndirm\u0259 \u0130B t\u0259r\u0259find\u0259n realla\u015fd\u0131r\u0131lan layih\u0259nin r\u0259hb\u0259ri v\u0259 \u00f6n s\u00f6z\u00fcn m\u00fc\u0259llifi Milli M\u0259clisin M\u0259d\u0259niyy\u0259t Komit\u0259sinin s\u0259dri Q\u0259nir\u0259 Pa\u015fayeva, kitab\u0131n t\u0259rtib\u00e7isi v\u0259 redaktoru \u018fm\u0259kdar m\u0259d\u0259niyy\u0259t i\u015f\u00e7isi Musa N\u0259bio\u011flu, m\u0259sl\u0259h\u0259t\u00e7il\u0259r \u201cBeyn\u0259lxalq \u201cAla\u015f\u201d m\u00fckafat\u0131 laureat\u0131 \u018fkb\u0259r Qo\u015fal\u0131 v\u0259 \u201cN\u0259f\u0259s\u201d \u0130B-nin s\u0259dri Fir\u0259ngiz Balaki\u015fiyeva, burax\u0131l\u0131\u015fa m\u0259sul is\u0259 Regional H\u00fcququ v\u0259 \u0130qtisadi Maarifl\u0259ndirm\u0259 \u0130B-nin s\u0259dri Arzu Ba\u011f\u0131rovad\u0131r.<\/p>\n\n\n\n<p>Xat\u0131rladaq ki, kitab\u0131n ilk t\u0259qdimat\u0131 noyabr ay\u0131n\u0131n sonlar\u0131nda T\u00fcrkiy\u0259nin paytaxt\u0131 Ankara \u015f\u0259h\u0259rind\u0259ki \u201cT\u00fcrk Ocaqlar\u0131\u201d Ba\u015f Q\u0259r\u0259ragah\u0131nda ke\u00e7irilib.<\/p>\n\n\n\n<p><strong>M\u0259nb\u0259: <a href=\"https:\/\/moderator.az\/\">https:\/\/moderator.az\/<\/a><\/strong><\/p>\n","protected":false},"excerpt":{"rendered":"<p>Xalq \u015fairi Z\u0259limxan Yaqubun yeni kitab\u0131 i\u015f\u0131q \u00fcz\u00fc g\u00f6r\u00fcb. \u201cT\u00fcrk\u00fcn taleyi\u201d adl\u0131 bu kitabda \u00f6lm\u0259z s\u00f6z ustad\u0131n\u0131n b\u00f6y\u00fck T\u00fcrk d\u00fcnyas\u0131na d\u0259rin m\u0259h\u0259bb\u0259td\u0259n do\u011fan v\u0259 t\u0259kc\u0259 Az\u0259rbaycanda deyil, onun h\u00fcdudlar\u0131ndan uzaqlarda da sevil\u0259-sevil\u0259 oxunan \u015feirl\u0259ri v\u0259 \u201cM\u00f6vlana\u201d, \u201cYunus \u018fmr\u0259 dastan\u0131\u201d, \u201cA\u015f\u0131q Veys\u0259l d\u00fcnyas\u0131\u201d, \u201cTuran sevgisi\u201d, \u201c\u0130\u00e7imd\u0259 a\u011flayan Kr\u0131m\u201d, \u201c\u00c7anaqqala dastan\u0131\u201d v\u0259 \u201cBir k\u00f6vr\u0259k havad\u0131 saz\u0131mda K\u0259rk\u00fck\u201d [&hellip;]<\/p>\n","protected":false},"author":2,"featured_media":0,"comment_status":"open","ping_status":"open","sticky":false,"template":"","format":"standard","meta":{"footnotes":""},"categories":[35],"tags":[],"class_list":["post-40343","post","type-post","status-publish","format-standard","hentry","category-yeni-nsrlr"],"_links":{"self":[{"href":"http:\/\/edebiyyat-az.com\/index.php?rest_route=\/wp\/v2\/posts\/40343","targetHints":{"allow":["GET"]}}],"collection":[{"href":"http:\/\/edebiyyat-az.com\/index.php?rest_route=\/wp\/v2\/posts"}],"about":[{"href":"http:\/\/edebiyyat-az.com\/index.php?rest_route=\/wp\/v2\/types\/post"}],"author":[{"embeddable":true,"href":"http:\/\/edebiyyat-az.com\/index.php?rest_route=\/wp\/v2\/users\/2"}],"replies":[{"embeddable":true,"href":"http:\/\/edebiyyat-az.com\/index.php?rest_route=%2Fwp%2Fv2%2Fcomments&post=40343"}],"version-history":[{"count":1,"href":"http:\/\/edebiyyat-az.com\/index.php?rest_route=\/wp\/v2\/posts\/40343\/revisions"}],"predecessor-version":[{"id":40347,"href":"http:\/\/edebiyyat-az.com\/index.php?rest_route=\/wp\/v2\/posts\/40343\/revisions\/40347"}],"wp:attachment":[{"href":"http:\/\/edebiyyat-az.com\/index.php?rest_route=%2Fwp%2Fv2%2Fmedia&parent=40343"}],"wp:term":[{"taxonomy":"category","embeddable":true,"href":"http:\/\/edebiyyat-az.com\/index.php?rest_route=%2Fwp%2Fv2%2Fcategories&post=40343"},{"taxonomy":"post_tag","embeddable":true,"href":"http:\/\/edebiyyat-az.com\/index.php?rest_route=%2Fwp%2Fv2%2Ftags&post=40343"}],"curies":[{"name":"wp","href":"https:\/\/api.w.org\/{rel}","templated":true}]}}