{"id":41972,"date":"2022-11-12T08:00:00","date_gmt":"2022-11-12T04:00:00","guid":{"rendered":"https:\/\/edebiyyat-az.com\/?p=41972"},"modified":"2022-11-12T13:38:04","modified_gmt":"2022-11-12T09:38:04","slug":"osman-tan-gonlum-gecti-karabagdan","status":"publish","type":"post","link":"http:\/\/edebiyyat-az.com\/?p=41972","title":{"rendered":"Osman TAN.&#8221; G\u00f6nl\u00fcm Ge\u00e7ti Karaba\u011f\u2019dan&#8221;"},"content":{"rendered":"\n<figure class=\"wp-block-image size-full\"><a href=\"https:\/\/edebiyyat-az.com\/wp-content\/uploads\/2022\/11\/osman-tan.jpg\"><img loading=\"lazy\" decoding=\"async\" width=\"768\" height=\"1024\" src=\"https:\/\/edebiyyat-az.com\/wp-content\/uploads\/2022\/11\/osman-tan.jpg\" alt=\"\" class=\"wp-image-41977\" srcset=\"http:\/\/edebiyyat-az.com\/wp-content\/uploads\/2022\/11\/osman-tan.jpg 768w, http:\/\/edebiyyat-az.com\/wp-content\/uploads\/2022\/11\/osman-tan-225x300.jpg 225w\" sizes=\"auto, (max-width: 768px) 100vw, 768px\" \/><\/a><\/figure>\n\n\n\n<p>D\u00fc\u015ft\u00fc o gece yery\u00fcz\u00fcne, so\u011fuk bir ya\u011fmur tanesi,<\/p>\n\n\n\n<p>Karanl\u0131k bir gecede bombalar\u0131n vurdumduymaz sesi.<\/p>\n\n\n\n<p>O gecede do\u011fdu, kaderin han\u00e7er ezgisi,<\/p>\n\n\n\n<p>\u015eu\u015fa\u2019n\u0131n da\u011flar\u0131nda vatan\u0131m\u0131n inlemesi.<\/p>\n\n\n\n<p>Hissediyorum h\u0131rstan elmas kesilmi\u015f g\u00f6zleri,<\/p>\n\n\n\n<p>G\u00f6r\u00fcyorum vatan a\u015fk\u0131yla kabaran g\u00f6\u011f\u00fcsleri.<\/p>\n\n\n\n<p>Ya\u011fmur damlas\u0131na bile gerek duymaz,<\/p>\n\n\n\n<p>T\u00fcrk\u2019\u00fcn kan\u0131yla sulanan topraklar.<\/p>\n\n\n\n<p>G\u00f6\u011f\u00fcsleri kabartt\u0131 tavizsiz edalar\u0131.<\/p>\n\n\n\n<p>Yeri, g\u00f6\u011f\u00fc inletti, mar\u015flar\u0131 ve nidalar\u0131.<\/p>\n\n\n\n<p>Zafer zafer diyen g\u00fcr sedalar\u0131,<\/p>\n\n\n\n<p>G\u00f6klerde yank\u0131lanan askere bak\u0131n hele!<\/p>\n\n\n\n<p>Halk yediden yetmi\u015fe, kalp kalbe ve kol kola.<\/p>\n\n\n\n<p>Yo\u011fun siperler alt\u0131nda vermedi tek bir mola.<\/p>\n\n\n\n<p>Otuz y\u0131ll\u0131k planlar\u0131, k\u0131rk d\u00f6rt g\u00fcnde \u00e7\u00f6kerten,<\/p>\n\n\n\n<p>Dosta g\u00fcven a\u015f\u0131layan, d\u00fc\u015fmana korku salan.<\/p>\n\n\n\n<p>Bedenimizde vatan a\u015fk\u0131n kan\u0131 akar.<\/p>\n\n\n\n<p>Bu halk sizin i\u00e7in d\u00fcnyay\u0131 yakar.<\/p>\n\n\n\n<p>On kas\u0131m sabah\u0131n ard\u0131ndan,<\/p>\n\n\n\n<p>Say\u0131lmaz hi\u00e7bir g\u00fcn s\u0131radan.<\/p>\n","protected":false},"excerpt":{"rendered":"<p>D\u00fc\u015ft\u00fc o gece yery\u00fcz\u00fcne, so\u011fuk bir ya\u011fmur tanesi, Karanl\u0131k bir gecede bombalar\u0131n vurdumduymaz sesi. O gecede do\u011fdu, kaderin han\u00e7er ezgisi, \u015eu\u015fa\u2019n\u0131n da\u011flar\u0131nda vatan\u0131m\u0131n inlemesi. Hissediyorum h\u0131rstan elmas kesilmi\u015f g\u00f6zleri, G\u00f6r\u00fcyorum vatan a\u015fk\u0131yla kabaran g\u00f6\u011f\u00fcsleri. Ya\u011fmur damlas\u0131na bile gerek duymaz, T\u00fcrk\u2019\u00fcn kan\u0131yla sulanan topraklar. G\u00f6\u011f\u00fcsleri kabartt\u0131 tavizsiz edalar\u0131. Yeri, g\u00f6\u011f\u00fc inletti, mar\u015flar\u0131 ve nidalar\u0131. Zafer zafer [&hellip;]<\/p>\n","protected":false},"author":2,"featured_media":0,"comment_status":"open","ping_status":"open","sticky":false,"template":"","format":"standard","meta":{"footnotes":""},"categories":[7],"tags":[],"class_list":["post-41972","post","type-post","status-publish","format-standard","hentry","category-turkiy-dbiyyati"],"_links":{"self":[{"href":"http:\/\/edebiyyat-az.com\/index.php?rest_route=\/wp\/v2\/posts\/41972","targetHints":{"allow":["GET"]}}],"collection":[{"href":"http:\/\/edebiyyat-az.com\/index.php?rest_route=\/wp\/v2\/posts"}],"about":[{"href":"http:\/\/edebiyyat-az.com\/index.php?rest_route=\/wp\/v2\/types\/post"}],"author":[{"embeddable":true,"href":"http:\/\/edebiyyat-az.com\/index.php?rest_route=\/wp\/v2\/users\/2"}],"replies":[{"embeddable":true,"href":"http:\/\/edebiyyat-az.com\/index.php?rest_route=%2Fwp%2Fv2%2Fcomments&post=41972"}],"version-history":[{"count":1,"href":"http:\/\/edebiyyat-az.com\/index.php?rest_route=\/wp\/v2\/posts\/41972\/revisions"}],"predecessor-version":[{"id":41978,"href":"http:\/\/edebiyyat-az.com\/index.php?rest_route=\/wp\/v2\/posts\/41972\/revisions\/41978"}],"wp:attachment":[{"href":"http:\/\/edebiyyat-az.com\/index.php?rest_route=%2Fwp%2Fv2%2Fmedia&parent=41972"}],"wp:term":[{"taxonomy":"category","embeddable":true,"href":"http:\/\/edebiyyat-az.com\/index.php?rest_route=%2Fwp%2Fv2%2Fcategories&post=41972"},{"taxonomy":"post_tag","embeddable":true,"href":"http:\/\/edebiyyat-az.com\/index.php?rest_route=%2Fwp%2Fv2%2Ftags&post=41972"}],"curies":[{"name":"wp","href":"https:\/\/api.w.org\/{rel}","templated":true}]}}