{"id":42411,"date":"2022-12-03T06:00:00","date_gmt":"2022-12-03T02:00:00","guid":{"rendered":"https:\/\/edebiyyat-az.com\/?p=42411"},"modified":"2022-12-03T08:03:43","modified_gmt":"2022-12-03T04:03:43","slug":"az%c9%99rbaycan-yazicilar-birliyini-bigan%c9%99likd%c9%99-qinamaq-guluncdur","status":"publish","type":"post","link":"http:\/\/edebiyyat-az.com\/?p=42411","title":{"rendered":"Az\u0259rbaycan Yaz\u0131\u00e7\u0131lar Birliyini bigan\u0259likd\u0259 q\u0131namaq g\u00fcl\u00fcncd\u00fcr"},"content":{"rendered":"\n<figure class=\"wp-block-image size-full\"><a href=\"http:\/\/edebiyyat-az.com\/wp-content\/uploads\/2022\/11\/ayb.jpg\"><img loading=\"lazy\" decoding=\"async\" width=\"700\" height=\"480\" src=\"http:\/\/edebiyyat-az.com\/wp-content\/uploads\/2022\/11\/ayb.jpg\" alt=\"\" class=\"wp-image-42201\" srcset=\"http:\/\/edebiyyat-az.com\/wp-content\/uploads\/2022\/11\/ayb.jpg 700w, http:\/\/edebiyyat-az.com\/wp-content\/uploads\/2022\/11\/ayb-300x206.jpg 300w\" sizes=\"auto, (max-width: 700px) 100vw, 700px\" \/><\/a><\/figure>\n\n\n\n<p><\/p>\n\n\n\n<p>Az\u0259rbaycan Yaz\u0131\u00e7\u0131lar Birliyi b\u00fct\u00fcn \u00fczvl\u0259rin\u0259 diqq\u0259tl\u0259 yana\u015fan, onlar\u0131n qay\u011f\u0131lar\u0131na bigan\u0259 qalmayan bir t\u0259\u015fkilatd\u0131r. V\u0259fat etmi\u015f imkans\u0131z \u00fczvl\u0259rimizin ail\u0259l\u0259rin\u0259, x\u0259st\u0259likd\u0259n \u0259ziyy\u0259t \u00e7\u0259k\u0259n \u00fczvl\u0259rimiz\u0259, imkans\u0131z \u00fczvl\u0259rimz\u0259 h\u0259r zaman maddi d\u0259st\u0259yimizi \u0259sirg\u0259m\u0259mi\u015fik. &nbsp;D\u0259f\u0259l\u0259rl\u0259 bildirmi\u015fik ki, Yaz\u0131\u00e7\u0131lar Birliyi kiray\u0259y\u0259 verdiyi sah\u0259sind\u0259n g\u0259l\u0259n g\u0259liri maddi v\u0259ziyy\u0259ti a\u015fa\u011f\u0131 olan \u0259m\u0259kda\u015flara \u0259lav\u0259 yard\u0131m olaraq v\u0259 yuxar\u0131da qeyd edilmi\u015f m\u0259s\u0259l\u0259l\u0259r\u0259 x\u0259rcl\u0259yir. H\u0259tta imkan oldu\u011funda, \u00fczvl\u0259rimizin kitab n\u0259\u015frl\u0259rin\u0259 d\u0259 yard\u0131m edilir. Yaz\u0131\u00e7\u0131lar Birliyinin m\u00fchasibatl\u0131\u011f\u0131nda says\u0131z-hesabs\u0131z bel\u0259 \u0259riz\u0259l\u0259r m\u00f6vcuddur. Sad\u0259c\u0259 olaraq bunu a\u00e7\u0131qlama\u011f\u0131, reklam etm\u0259yi \u00f6z\u00fcm\u00fcz\u0259 yara\u015fd\u0131rmam\u0131\u015f\u0131q. Yaz\u0131\u00e7\u0131lar Birliyi kimi \u00f6z \u00fczvl\u0259rin\u0259 maddi yard\u0131m ed\u0259n, h\u0259r m\u00fcraci\u0259t\u0259 diqq\u0259tl\u0259 yana\u015fan ikinci bir t\u0259\u015fkilat b\u0259lk\u0259 d\u0259 yoxdur. Yaz\u0131\u00e7\u0131lar Birliyini bigan\u0259likd\u0259 q\u0131namaq g\u00fcl\u00fcncd\u00fcr.<\/p>\n\n\n\n<p>AYB M\u0259tbuat xidm\u0259ti\u00a0<\/p>\n\n\n\n<p><strong>M\u0259nb\u0259: <a href=\"https:\/\/ayb.az\/\">https:\/\/ayb.az\/<\/a><\/strong><\/p>\n","protected":false},"excerpt":{"rendered":"<p>Az\u0259rbaycan Yaz\u0131\u00e7\u0131lar Birliyi b\u00fct\u00fcn \u00fczvl\u0259rin\u0259 diqq\u0259tl\u0259 yana\u015fan, onlar\u0131n qay\u011f\u0131lar\u0131na bigan\u0259 qalmayan bir t\u0259\u015fkilatd\u0131r. V\u0259fat etmi\u015f imkans\u0131z \u00fczvl\u0259rimizin ail\u0259l\u0259rin\u0259, x\u0259st\u0259likd\u0259n \u0259ziyy\u0259t \u00e7\u0259k\u0259n \u00fczvl\u0259rimiz\u0259, imkans\u0131z \u00fczvl\u0259rimz\u0259 h\u0259r zaman maddi d\u0259st\u0259yimizi \u0259sirg\u0259m\u0259mi\u015fik. &nbsp;D\u0259f\u0259l\u0259rl\u0259 bildirmi\u015fik ki, Yaz\u0131\u00e7\u0131lar Birliyi kiray\u0259y\u0259 verdiyi sah\u0259sind\u0259n g\u0259l\u0259n g\u0259liri maddi v\u0259ziyy\u0259ti a\u015fa\u011f\u0131 olan \u0259m\u0259kda\u015flara \u0259lav\u0259 yard\u0131m olaraq v\u0259 yuxar\u0131da qeyd edilmi\u015f m\u0259s\u0259l\u0259l\u0259r\u0259 x\u0259rcl\u0259yir. H\u0259tta imkan [&hellip;]<\/p>\n","protected":false},"author":2,"featured_media":0,"comment_status":"open","ping_status":"open","sticky":false,"template":"","format":"standard","meta":{"footnotes":""},"categories":[49],"tags":[],"class_list":["post-42411","post","type-post","status-publish","format-standard","hentry","category-medeniyyat"],"_links":{"self":[{"href":"http:\/\/edebiyyat-az.com\/index.php?rest_route=\/wp\/v2\/posts\/42411","targetHints":{"allow":["GET"]}}],"collection":[{"href":"http:\/\/edebiyyat-az.com\/index.php?rest_route=\/wp\/v2\/posts"}],"about":[{"href":"http:\/\/edebiyyat-az.com\/index.php?rest_route=\/wp\/v2\/types\/post"}],"author":[{"embeddable":true,"href":"http:\/\/edebiyyat-az.com\/index.php?rest_route=\/wp\/v2\/users\/2"}],"replies":[{"embeddable":true,"href":"http:\/\/edebiyyat-az.com\/index.php?rest_route=%2Fwp%2Fv2%2Fcomments&post=42411"}],"version-history":[{"count":1,"href":"http:\/\/edebiyyat-az.com\/index.php?rest_route=\/wp\/v2\/posts\/42411\/revisions"}],"predecessor-version":[{"id":42416,"href":"http:\/\/edebiyyat-az.com\/index.php?rest_route=\/wp\/v2\/posts\/42411\/revisions\/42416"}],"wp:attachment":[{"href":"http:\/\/edebiyyat-az.com\/index.php?rest_route=%2Fwp%2Fv2%2Fmedia&parent=42411"}],"wp:term":[{"taxonomy":"category","embeddable":true,"href":"http:\/\/edebiyyat-az.com\/index.php?rest_route=%2Fwp%2Fv2%2Fcategories&post=42411"},{"taxonomy":"post_tag","embeddable":true,"href":"http:\/\/edebiyyat-az.com\/index.php?rest_route=%2Fwp%2Fv2%2Ftags&post=42411"}],"curies":[{"name":"wp","href":"https:\/\/api.w.org\/{rel}","templated":true}]}}