{"id":44322,"date":"2023-02-03T12:00:00","date_gmt":"2023-02-03T08:00:00","guid":{"rendered":"https:\/\/edebiyyat-az.com\/?p=44322"},"modified":"2023-02-03T14:15:27","modified_gmt":"2023-02-03T10:15:27","slug":"ayb-ming%c9%99cevir-bolm%c9%99si-musabiq%c9%99-elan-edir","status":"publish","type":"post","link":"http:\/\/edebiyyat-az.com\/?p=44322","title":{"rendered":"AYB Ming\u0259\u00e7evir b\u00f6lm\u0259si m\u00fcsabiq\u0259 elan edir"},"content":{"rendered":"\n<figure class=\"wp-block-image size-full is-resized\"><a href=\"https:\/\/edebiyyat-az.com\/wp-content\/uploads\/2023\/02\/image-1.png\"><img loading=\"lazy\" decoding=\"async\" src=\"https:\/\/edebiyyat-az.com\/wp-content\/uploads\/2023\/02\/image-1.png\" alt=\"\" class=\"wp-image-44324\" width=\"707\" height=\"1057\"\/><\/a><\/figure>\n\n\n\n<p>Az\u0259rbaycan Yaz\u0131\u00e7\u0131lar Birliyinin Ming\u0259\u00e7evir b\u00f6lm\u0259si Ming\u0259\u00e7evir \u015f\u0259h\u0259r \u0130cra Hakimiyy\u0259tinin d\u0259st\u0259yi il\u0259&nbsp; Ulu \u00d6nd\u0259r Heyd\u0259r \u018fliyevin anadan olmas\u0131n\u0131n 100 illiyin\u0259 h\u0259sr olunmu\u015f&nbsp; iki nominasiya \u00fczr\u0259 m\u00fcsabiq\u0259 elan edir:<\/p>\n\n\n\n<p>&nbsp;&nbsp;&nbsp;&nbsp;&nbsp;&nbsp;&nbsp;&nbsp;&nbsp;&nbsp;&nbsp;&nbsp;&nbsp;&nbsp;&nbsp;&nbsp;&nbsp;&nbsp;&nbsp;&nbsp;&nbsp;&nbsp;&nbsp;&nbsp;&nbsp;&nbsp;&nbsp;&nbsp;&nbsp;&nbsp;&nbsp;&nbsp;&nbsp;&nbsp;&nbsp;&nbsp;&nbsp; I NOM\u0130NAS\u0130YA:<\/p>\n\n\n\n<p>&nbsp;&nbsp;&nbsp; Yerli v\u0259 b\u00f6lg\u0259d\u0259 ya\u015fayan yazarlar\u0131n Ulu \u00d6nd\u0259rin \u015f\u0259xsiyy\u0259tini v\u0259 siyasi f\u0259aliyy\u0259tini \u0259ks etdir\u0259n \u0259n yax\u015f\u0131 \u015feirl\u0259ri<\/p>\n\n\n\n<ol class=\"wp-block-list\">\n<li>I, II, v\u0259 III yerl\u0259r (h\u0259r biri \u00fc\u00e7\u00fcn bir \u015feir olmaqla)<\/li>\n\n\n\n<li>F\u0259rql\u0259ndirici yerl\u0259r: 3<\/li>\n<\/ol>\n\n\n\n<p>&nbsp;&nbsp;&nbsp;&nbsp;&nbsp;&nbsp;&nbsp;&nbsp;&nbsp;&nbsp;&nbsp;&nbsp;&nbsp;&nbsp;&nbsp;&nbsp;&nbsp;&nbsp;&nbsp;&nbsp;&nbsp;&nbsp;&nbsp;&nbsp; II NOM\u0130NAS\u0130YA:<\/p>\n\n\n\n<p>&nbsp; Ulu \u00d6nd\u0259r haqq\u0131nda g\u00f6rk\u0259mli Az\u0259rbaycan \u015fairl\u0259ri t\u0259r\u0259find\u0259n yaz\u0131lan \u015feirl\u0259rin \u0259n yax\u015f\u0131 qira\u0259t\u00e7il\u0259ri. (M\u00fcsabiq\u0259d\u0259 \u015f\u0259h\u0259rd\u0259ki m\u0259kt\u0259bl\u0259rd\u0259 t\u0259hsil alan t\u0259l\u0259b\u0259 v\u0259 m\u0259kt\u0259blil\u0259rin i\u015ftirak\u0131 n\u0259z\u0259rd\u0259 tutulur)<\/p>\n\n\n\n<ol class=\"wp-block-list\">\n<li>\u0130, II v\u0259 III yerl\u0259r<\/li>\n\n\n\n<li>F\u0259rql\u0259ndirici yerl\u0259r: 3<\/li>\n<\/ol>\n\n\n\n<p>QEYD: II nominasia \u00fczr\u0259 ke\u00e7iril\u0259n m\u00fcsabiq\u0259nin ilk turu t\u0259dris m\u00fc\u0259ssis\u0259l\u0259rinin \u00f6z\u00fcnd\u0259, son se\u00e7im turu is\u0259 AYB Ming\u0259\u00e7evir b\u00f6lm\u0259sinind\u0259, m\u00fcsabiq\u0259 komissiyas\u0131 \u00fczvl\u0259rinin yekun r\u0259yl\u0259ri \u0259sas\u0131nda apar\u0131l\u0131r.<\/p>\n\n\n\n<p>&nbsp;H\u0259r iki nominasiya \u00fczr\u0259 m\u00fc\u0259yy\u0259n edilmi\u015f qalibl\u0259r v\u0259 f\u0259rql\u0259ndirici yerl\u0259rin sahibl\u0259ri m\u00fckafatland\u0131r\u0131l\u0131r.<\/p>\n\n\n\n<p>&nbsp;&nbsp;&nbsp; M\u00fcsabiq\u0259: 25 yanvar-05 aprel 2023-c\u00fc il \u0259rzind\u0259 ke\u00e7irilir. Aprel ay\u0131n\u0131n \u00fc\u00e7\u00fcnc\u00fc h\u0259ft\u0259sind\u0259 Ulu \u00d6nd\u0259r\u0259 h\u0259sr olunmu\u015f Poeziya Gec\u0259si ke\u00e7irilir. Qalibl\u0259r elan olunmaqla, onlara m\u00fckafatlar t\u0259qdim edilir.&nbsp;&nbsp;&nbsp;&nbsp;&nbsp;&nbsp;&nbsp;&nbsp;&nbsp;&nbsp;&nbsp;&nbsp;&nbsp;&nbsp;&nbsp;&nbsp;&nbsp;&nbsp;&nbsp;&nbsp;&nbsp;<\/p>\n\n\n\n<p><strong><a href=\"https:\/\/edebiyyatqazeti.az\/\"><strong>M\u0259nb\u0259:&nbsp;<\/strong><\/a><strong><a href=\"https:\/\/culture.gov.az\/\">https:\/\/ayb.az<\/a><\/strong><\/strong><\/p>\n","protected":false},"excerpt":{"rendered":"<p>Az\u0259rbaycan Yaz\u0131\u00e7\u0131lar Birliyinin Ming\u0259\u00e7evir b\u00f6lm\u0259si Ming\u0259\u00e7evir \u015f\u0259h\u0259r \u0130cra Hakimiyy\u0259tinin d\u0259st\u0259yi il\u0259&nbsp; Ulu \u00d6nd\u0259r Heyd\u0259r \u018fliyevin anadan olmas\u0131n\u0131n 100 illiyin\u0259 h\u0259sr olunmu\u015f&nbsp; iki nominasiya \u00fczr\u0259 m\u00fcsabiq\u0259 elan edir: &nbsp;&nbsp;&nbsp;&nbsp;&nbsp;&nbsp;&nbsp;&nbsp;&nbsp;&nbsp;&nbsp;&nbsp;&nbsp;&nbsp;&nbsp;&nbsp;&nbsp;&nbsp;&nbsp;&nbsp;&nbsp;&nbsp;&nbsp;&nbsp;&nbsp;&nbsp;&nbsp;&nbsp;&nbsp;&nbsp;&nbsp;&nbsp;&nbsp;&nbsp;&nbsp;&nbsp;&nbsp; I NOM\u0130NAS\u0130YA: &nbsp;&nbsp;&nbsp; Yerli v\u0259 b\u00f6lg\u0259d\u0259 ya\u015fayan yazarlar\u0131n Ulu \u00d6nd\u0259rin \u015f\u0259xsiyy\u0259tini v\u0259 siyasi f\u0259aliyy\u0259tini \u0259ks etdir\u0259n \u0259n yax\u015f\u0131 \u015feirl\u0259ri &nbsp;&nbsp;&nbsp;&nbsp;&nbsp;&nbsp;&nbsp;&nbsp;&nbsp;&nbsp;&nbsp;&nbsp;&nbsp;&nbsp;&nbsp;&nbsp;&nbsp;&nbsp;&nbsp;&nbsp;&nbsp;&nbsp;&nbsp;&nbsp; II NOM\u0130NAS\u0130YA: &nbsp; Ulu \u00d6nd\u0259r haqq\u0131nda g\u00f6rk\u0259mli [&hellip;]<\/p>\n","protected":false},"author":2,"featured_media":0,"comment_status":"open","ping_status":"open","sticky":false,"template":"","format":"standard","meta":{"footnotes":""},"categories":[41],"tags":[],"class_list":["post-44322","post","type-post","status-publish","format-standard","hentry","category-musabiq"],"_links":{"self":[{"href":"http:\/\/edebiyyat-az.com\/index.php?rest_route=\/wp\/v2\/posts\/44322","targetHints":{"allow":["GET"]}}],"collection":[{"href":"http:\/\/edebiyyat-az.com\/index.php?rest_route=\/wp\/v2\/posts"}],"about":[{"href":"http:\/\/edebiyyat-az.com\/index.php?rest_route=\/wp\/v2\/types\/post"}],"author":[{"embeddable":true,"href":"http:\/\/edebiyyat-az.com\/index.php?rest_route=\/wp\/v2\/users\/2"}],"replies":[{"embeddable":true,"href":"http:\/\/edebiyyat-az.com\/index.php?rest_route=%2Fwp%2Fv2%2Fcomments&post=44322"}],"version-history":[{"count":3,"href":"http:\/\/edebiyyat-az.com\/index.php?rest_route=\/wp\/v2\/posts\/44322\/revisions"}],"predecessor-version":[{"id":44332,"href":"http:\/\/edebiyyat-az.com\/index.php?rest_route=\/wp\/v2\/posts\/44322\/revisions\/44332"}],"wp:attachment":[{"href":"http:\/\/edebiyyat-az.com\/index.php?rest_route=%2Fwp%2Fv2%2Fmedia&parent=44322"}],"wp:term":[{"taxonomy":"category","embeddable":true,"href":"http:\/\/edebiyyat-az.com\/index.php?rest_route=%2Fwp%2Fv2%2Fcategories&post=44322"},{"taxonomy":"post_tag","embeddable":true,"href":"http:\/\/edebiyyat-az.com\/index.php?rest_route=%2Fwp%2Fv2%2Ftags&post=44322"}],"curies":[{"name":"wp","href":"https:\/\/api.w.org\/{rel}","templated":true}]}}