{"id":44851,"date":"2023-03-03T09:00:00","date_gmt":"2023-03-03T05:00:00","guid":{"rendered":"https:\/\/edebiyyat-az.com\/?p=44851"},"modified":"2023-03-04T08:02:09","modified_gmt":"2023-03-04T04:02:09","slug":"bakida-harmoniya-adli-qrup-s%c9%99rgisi-acilacaq","status":"publish","type":"post","link":"http:\/\/edebiyyat-az.com\/?p=44851","title":{"rendered":"Bak\u0131da \u201cHarmoniya\u201d adl\u0131 qrup s\u0259rgisi a\u00e7\u0131lacaq"},"content":{"rendered":"\n<figure class=\"wp-block-image size-large\"><img decoding=\"async\" src=\"https:\/\/azertag.az\/files\/2023\/1\/1200x630\/16778399804488226864_1200x630.jpg\" alt=\"\"\/><\/figure>\n\n\n\n<p>M\u0259d\u0259niyy\u0259t Nazirliyi v\u0259 Az\u0259rbaycan D\u00f6vl\u0259t R\u0259sm Qalereyas\u0131n\u0131n t\u0259\u015fkilat\u00e7\u0131l\u0131\u011f\u0131 v\u0259 Bak\u0131dak\u0131 Rus evinin d\u0259st\u0259yi il\u0259 mart\u0131n 6-da \u201cHarmoniya\u201d adl\u0131 qrup s\u0259rgisi a\u00e7\u0131lacaq.<\/p>\n\n\n\n<p><a href=\"https:\/\/azertag.az\/\" target=\"_blank\" rel=\"noreferrer noopener\">AZ\u018fRTAC<\/a>&nbsp;x\u0259b\u0259r verir ki, Bak\u0131dak\u0131 Rus evinin s\u0259rgi salonunda a\u00e7\u0131lacaq s\u0259rgi 8 Mart \u2013 Beyn\u0259lxalq Qad\u0131nlar G\u00fcn\u00fcn\u0259 h\u0259sr olunacaq.<\/p>\n\n\n\n<p>Statusundan v\u0259 ya\u015f\u0131ndan as\u0131l\u0131 olmayaraq qad\u0131n g\u00f6z\u0259lliyi, inc\u0259lik, m\u0259n\u0259vi m\u00fcdriklik v\u0259 qad\u0131na diqq\u0259t h\u0259r zaman t\u0259sviri s\u0259n\u0259t ustalar\u0131n\u0131n yarad\u0131c\u0131l\u0131\u011f\u0131nda t\u0259r\u0259nn\u00fcm edilib.<\/p>\n\n\n\n<p>\u201cHarmoniya\u201d adl\u0131 qrup s\u0259rgisi qad\u0131n t\u0259bi\u0259tini, kainat\u0131n \u00fclvi g\u00f6z\u0259lliyini \u0259s\u0259rl\u0259rind\u0259 t\u0259r\u0259nn\u00fcm ed\u0259n r\u0259ssamlar\u0131n yarad\u0131c\u0131l\u0131\u011f\u0131na diqq\u0259t \u00e7\u0259km\u0259k m\u0259qs\u0259dil\u0259 ke\u00e7iril\u0259c\u0259k.<\/p>\n\n\n\n<p>S\u0259rginin ekspozisiyas\u0131nda 30-a yax\u0131n m\u00fc\u0259llifin m\u00fcxt\u0259lif \u00fcslub v\u0259 texnikalarda \u0259rs\u0259y\u0259 g\u0259tirdiyi 40-a yax\u0131n r\u0259ngkarl\u0131q, heyk\u0259ltara\u015fl\u0131q v\u0259 b\u0259dii fotoqrafiya n\u00fcmun\u0259l\u0259ri, o c\u00fcml\u0259d\u0259n Az\u0259rbaycan D\u00f6vl\u0259t R\u0259sm Qalereyas\u0131n\u0131n fondundan se\u00e7ilmi\u015f \u0259s\u0259rl\u0259r n\u00fcmayi\u015f olunacaq.<\/p>\n\n\n\n<p><strong><strong><a href=\"https:\/\/edebiyyatqazeti.az\/\"><strong>M\u0259nb\u0259:&nbsp;<\/strong><\/a><a href=\"https:\/\/culture.gov.az\/\">https:\/\/azertag.az<\/a><\/strong><\/strong><\/p>\n","protected":false},"excerpt":{"rendered":"<p>M\u0259d\u0259niyy\u0259t Nazirliyi v\u0259 Az\u0259rbaycan D\u00f6vl\u0259t R\u0259sm Qalereyas\u0131n\u0131n t\u0259\u015fkilat\u00e7\u0131l\u0131\u011f\u0131 v\u0259 Bak\u0131dak\u0131 Rus evinin d\u0259st\u0259yi il\u0259 mart\u0131n 6-da \u201cHarmoniya\u201d adl\u0131 qrup s\u0259rgisi a\u00e7\u0131lacaq. AZ\u018fRTAC&nbsp;x\u0259b\u0259r verir ki, Bak\u0131dak\u0131 Rus evinin s\u0259rgi salonunda a\u00e7\u0131lacaq s\u0259rgi 8 Mart \u2013 Beyn\u0259lxalq Qad\u0131nlar G\u00fcn\u00fcn\u0259 h\u0259sr olunacaq. Statusundan v\u0259 ya\u015f\u0131ndan as\u0131l\u0131 olmayaraq qad\u0131n g\u00f6z\u0259lliyi, inc\u0259lik, m\u0259n\u0259vi m\u00fcdriklik v\u0259 qad\u0131na diqq\u0259t h\u0259r zaman t\u0259sviri [&hellip;]<\/p>\n","protected":false},"author":2,"featured_media":0,"comment_status":"open","ping_status":"open","sticky":false,"template":"","format":"standard","meta":{"footnotes":""},"categories":[49],"tags":[],"class_list":["post-44851","post","type-post","status-publish","format-standard","hentry","category-medeniyyat"],"_links":{"self":[{"href":"http:\/\/edebiyyat-az.com\/index.php?rest_route=\/wp\/v2\/posts\/44851","targetHints":{"allow":["GET"]}}],"collection":[{"href":"http:\/\/edebiyyat-az.com\/index.php?rest_route=\/wp\/v2\/posts"}],"about":[{"href":"http:\/\/edebiyyat-az.com\/index.php?rest_route=\/wp\/v2\/types\/post"}],"author":[{"embeddable":true,"href":"http:\/\/edebiyyat-az.com\/index.php?rest_route=\/wp\/v2\/users\/2"}],"replies":[{"embeddable":true,"href":"http:\/\/edebiyyat-az.com\/index.php?rest_route=%2Fwp%2Fv2%2Fcomments&post=44851"}],"version-history":[{"count":2,"href":"http:\/\/edebiyyat-az.com\/index.php?rest_route=\/wp\/v2\/posts\/44851\/revisions"}],"predecessor-version":[{"id":44869,"href":"http:\/\/edebiyyat-az.com\/index.php?rest_route=\/wp\/v2\/posts\/44851\/revisions\/44869"}],"wp:attachment":[{"href":"http:\/\/edebiyyat-az.com\/index.php?rest_route=%2Fwp%2Fv2%2Fmedia&parent=44851"}],"wp:term":[{"taxonomy":"category","embeddable":true,"href":"http:\/\/edebiyyat-az.com\/index.php?rest_route=%2Fwp%2Fv2%2Fcategories&post=44851"},{"taxonomy":"post_tag","embeddable":true,"href":"http:\/\/edebiyyat-az.com\/index.php?rest_route=%2Fwp%2Fv2%2Ftags&post=44851"}],"curies":[{"name":"wp","href":"https:\/\/api.w.org\/{rel}","templated":true}]}}