{"id":44882,"date":"2023-03-04T08:30:00","date_gmt":"2023-03-04T04:30:00","guid":{"rendered":"http:\/\/edebiyyat-az.com\/?p=44882"},"modified":"2023-03-28T13:42:38","modified_gmt":"2023-03-28T09:42:38","slug":"g%c9%99nc-xanim-yazar-sona-intizarin-seiri-turkay-ayliq-%c9%99d%c9%99biyyat-d%c9%99rgisinin-yeni-sayinda-isiq-uzu-gorub","status":"publish","type":"post","link":"http:\/\/edebiyyat-az.com\/?p=44882","title":{"rendered":"Az\u0259rbaycanl\u0131 g\u0259nc xan\u0131m yazar Sona \u0130ntizar\u0131n \u015feiri &#8220;T\u00fcrkay&#8221; ayl\u0131q \u0259d\u0259biyyat d\u0259rgisinin yeni say\u0131nda i\u015f\u0131q \u00fcz\u00fc g\u00f6r\u00fcb"},"content":{"rendered":"\n<figure class=\"wp-block-image size-large\"><a href=\"http:\/\/edebiyyat-az.com\/wp-content\/uploads\/2023\/03\/Turkay-d\u0259rgisi.jpg\"><img loading=\"lazy\" decoding=\"async\" width=\"696\" height=\"1024\" src=\"http:\/\/edebiyyat-az.com\/wp-content\/uploads\/2023\/03\/Turkay-d\u0259rgisi-696x1024.jpg\" alt=\"\" class=\"wp-image-44890\" srcset=\"http:\/\/edebiyyat-az.com\/wp-content\/uploads\/2023\/03\/Turkay-d\u0259rgisi-696x1024.jpg 696w, http:\/\/edebiyyat-az.com\/wp-content\/uploads\/2023\/03\/Turkay-d\u0259rgisi-204x300.jpg 204w, http:\/\/edebiyyat-az.com\/wp-content\/uploads\/2023\/03\/Turkay-d\u0259rgisi.jpg 706w\" sizes=\"auto, (max-width: 696px) 100vw, 696px\" \/><\/a><\/figure>\n\n\n\n<figure class=\"wp-block-image size-full is-resized\"><a href=\"http:\/\/edebiyyat-az.com\/wp-content\/uploads\/2023\/03\/turkay3.png\"><img loading=\"lazy\" decoding=\"async\" src=\"http:\/\/edebiyyat-az.com\/wp-content\/uploads\/2023\/03\/turkay3.png\" alt=\"\" class=\"wp-image-44923\" width=\"706\" height=\"997\" srcset=\"http:\/\/edebiyyat-az.com\/wp-content\/uploads\/2023\/03\/turkay3.png 454w, http:\/\/edebiyyat-az.com\/wp-content\/uploads\/2023\/03\/turkay3-212x300.png 212w\" sizes=\"auto, (max-width: 706px) 100vw, 706px\" \/><\/a><\/figure>\n\n\n\n<p>Yeni n\u0259sil Az\u0259rbaycan g\u0259ncliyinin istedadl\u0131 n\u00fcmay\u0259nd\u0259si, S\u00fcleyman R\u0259himov ad\u0131na Qubadl\u0131 rayon \u0259d\u0259bi ictimai birliyinin \u00fczv\u00fc, Az\u0259rbaycan\u0131n M\u0259d\u0259niyy\u0259t v\u0259 \u018fd\u0259biyyat Portal\u0131n\u0131n (edebiyyat-az.com) Ba\u015f redaktor m\u00fcavini, \u201cT\u00fcrkay\u201d ayl\u0131q \u0259d\u0259biyyat d\u0259rgisinin yay\u0131na m\u0259sul katibi, g\u0259nc xan\u0131m yazar Sona \u0130NT\u0130ZAR\u0131n &#8220;Bir qad\u0131n&#8221; \u015feiri Bak\u0131 \u015f\u0259h\u0259rind\u0259 f\u0259aliyy\u0259t g\u00f6st\u0259r\u0259n &#8220;T\u00fcrkay&#8221; ayl\u0131q \u0259d\u0259biyyat d\u0259rgisinin 3-c\u00fc yeni say\u0131nda i\u015f\u0131q \u00fcz\u00fc g\u00f6r\u00fcb.<\/p>\n\n\n\n<p><a rel=\"noreferrer noopener\" href=\"http:\/\/hecetaslari.com\/turkaydergisi\/turkay1sayi3mart2023.pdf?fbclid=IwAR3Zr7hn9Y5VqMUztFzzH39hWvYGlAbD-j3wdbO3PcEoNjkYL6Tq6PkHCAA\" target=\"_blank\">http:\/\/hecetaslari.com\/turkayder\u2026\/turkay1sayi3mart2023.pdf<\/a> <\/p>\n\n\n\n<p><strong>Az\u0259rbaycan\u0131n M\u0259d\u0259niyy\u0259t v\u0259 \u018fd\u0259biyyat Portal\u0131n\u0131n M\u0259tbuat xidm\u0259ti v\u0259 \u0130ctimaiyy\u0259tl\u0259 \u0259laq\u0259l\u0259r \u015f\u00f6b\u0259si.<\/strong>&nbsp;<\/p>\n","protected":false},"excerpt":{"rendered":"<p>Yeni n\u0259sil Az\u0259rbaycan g\u0259ncliyinin istedadl\u0131 n\u00fcmay\u0259nd\u0259si, S\u00fcleyman R\u0259himov ad\u0131na Qubadl\u0131 rayon \u0259d\u0259bi ictimai birliyinin \u00fczv\u00fc, Az\u0259rbaycan\u0131n M\u0259d\u0259niyy\u0259t v\u0259 \u018fd\u0259biyyat Portal\u0131n\u0131n (edebiyyat-az.com) Ba\u015f redaktor m\u00fcavini, \u201cT\u00fcrkay\u201d ayl\u0131q \u0259d\u0259biyyat d\u0259rgisinin yay\u0131na m\u0259sul katibi, g\u0259nc xan\u0131m yazar Sona \u0130NT\u0130ZAR\u0131n &#8220;Bir qad\u0131n&#8221; \u015feiri Bak\u0131 \u015f\u0259h\u0259rind\u0259 f\u0259aliyy\u0259t g\u00f6st\u0259r\u0259n &#8220;T\u00fcrkay&#8221; ayl\u0131q \u0259d\u0259biyyat d\u0259rgisinin 3-c\u00fc yeni say\u0131nda i\u015f\u0131q \u00fcz\u00fc g\u00f6r\u00fcb. http:\/\/hecetaslari.com\/turkayder\u2026\/turkay1sayi3mart2023.pdf Az\u0259rbaycan\u0131n [&hellip;]<\/p>\n","protected":false},"author":2,"featured_media":0,"comment_status":"open","ping_status":"open","sticky":false,"template":"","format":"standard","meta":{"footnotes":""},"categories":[69],"tags":[],"class_list":["post-44882","post","type-post","status-publish","format-standard","hentry","category-turkaydergisi"],"_links":{"self":[{"href":"http:\/\/edebiyyat-az.com\/index.php?rest_route=\/wp\/v2\/posts\/44882","targetHints":{"allow":["GET"]}}],"collection":[{"href":"http:\/\/edebiyyat-az.com\/index.php?rest_route=\/wp\/v2\/posts"}],"about":[{"href":"http:\/\/edebiyyat-az.com\/index.php?rest_route=\/wp\/v2\/types\/post"}],"author":[{"embeddable":true,"href":"http:\/\/edebiyyat-az.com\/index.php?rest_route=\/wp\/v2\/users\/2"}],"replies":[{"embeddable":true,"href":"http:\/\/edebiyyat-az.com\/index.php?rest_route=%2Fwp%2Fv2%2Fcomments&post=44882"}],"version-history":[{"count":5,"href":"http:\/\/edebiyyat-az.com\/index.php?rest_route=\/wp\/v2\/posts\/44882\/revisions"}],"predecessor-version":[{"id":44927,"href":"http:\/\/edebiyyat-az.com\/index.php?rest_route=\/wp\/v2\/posts\/44882\/revisions\/44927"}],"wp:attachment":[{"href":"http:\/\/edebiyyat-az.com\/index.php?rest_route=%2Fwp%2Fv2%2Fmedia&parent=44882"}],"wp:term":[{"taxonomy":"category","embeddable":true,"href":"http:\/\/edebiyyat-az.com\/index.php?rest_route=%2Fwp%2Fv2%2Fcategories&post=44882"},{"taxonomy":"post_tag","embeddable":true,"href":"http:\/\/edebiyyat-az.com\/index.php?rest_route=%2Fwp%2Fv2%2Ftags&post=44882"}],"curies":[{"name":"wp","href":"https:\/\/api.w.org\/{rel}","templated":true}]}}