{"id":44913,"date":"2023-03-04T10:30:00","date_gmt":"2023-03-04T06:30:00","guid":{"rendered":"https:\/\/edebiyyat-az.com\/?p=44913"},"modified":"2023-03-04T11:15:05","modified_gmt":"2023-03-04T07:15:05","slug":"b%c9%99st%c9%99karlar-ittifaqinda-konfrans-az%c9%99rbaycan-b%c9%99st%c9%99karliq-m%c9%99kt%c9%99binin-inkisafinda-heyd%c9%99r-%c9%99liyevin-rolu","status":"publish","type":"post","link":"http:\/\/edebiyyat-az.com\/?p=44913","title":{"rendered":"B\u0259st\u0259karlar \u0130ttifaq\u0131nda konfrans &#8211; \u201cAz\u0259rbaycan b\u0259st\u0259karl\u0131q m\u0259kt\u0259binin inki\u015faf\u0131nda Heyd\u0259r \u018fliyevin rolu\u201d"},"content":{"rendered":"\n<figure class=\"wp-block-image size-large\"><img decoding=\"async\" src=\"https:\/\/azertag.az\/files\/2023\/1\/1200x630\/16778535831393153439_1200x630.jpg\" alt=\"\"\/><\/figure>\n\n\n\n<p>\u00dcmummilli Lider Heyd\u0259r \u018fliyev respublikaya r\u0259hb\u0259rlik etdiyi d\u00f6vrd\u0259 b\u00fct\u00fcn sah\u0259l\u0259r\u0259 oldu\u011fu kimi, musiqi s\u0259n\u0259tin\u0259 d\u0259 x\u00fcsusi qay\u011f\u0131 v\u0259 diqq\u0259t ay\u0131r\u0131b. Onun milli v\u0259 professional musiqinin inki\u015faf\u0131na dair s\u0259r\u0259ncamlar, musiqi\u00e7il\u0259rin h\u0259yat v\u0259 yarad\u0131c\u0131l\u0131\u011f\u0131 il\u0259 yax\u0131ndan maraqlanmas\u0131, onlara g\u00f6st\u0259rdiyi x\u00fcsusi qay\u011f\u0131 m\u00fcxt\u0259lif istiqam\u0259tl\u0259rd\u0259 \u00f6z \u0259ksini tap\u0131b. Bel\u0259 ki, musiqi\u00e7il\u0259rin f\u0259xri adlar, orden v\u0259 medallarla t\u0259ltif olunmas\u0131, prezidentin f\u0259rdi t\u0259qa\u00fcd\u00fc il\u0259 t\u0259sis edilm\u0259si, yubileyl\u0259rinin ke\u00e7irilm\u0259si, h\u0259yat \u015f\u0259raitl\u0259rinin yax\u015f\u0131la\u015fmas\u0131 \u00fc\u00e7\u00fcn laz\u0131mi t\u0259dbirl\u0259rin g\u00f6r\u00fclm\u0259si onlarda x\u00fcsusi ruh y\u00fcks\u0259kliyi a\u015f\u0131layaraq yarad\u0131c\u0131l\u0131q ideyalar\u0131n\u0131 daha da r\u00f6vn\u0259ql\u0259ndirib. D\u00fcnyas\u0131n\u0131 d\u0259yi\u015f\u0259n s\u0259n\u0259tkarlar\u0131n da irsini ya\u015fatmaq \u00fc\u00e7\u00fcn onlar\u0131n yubiley v\u0259 xatir\u0259 gec\u0259l\u0259rinin ke\u00e7irilm\u0259si, ev-muzeyl\u0259rinin yarad\u0131lmas\u0131, adlar\u0131na k\u00fc\u00e7\u0259 v\u0259 m\u0259d\u0259niyy\u0259t ocaqlar\u0131n\u0131n verilm\u0259si v\u0259 bu kimi m\u0259s\u0259l\u0259l\u0259r daim Heyd\u0259r \u018fliyevin diqq\u0259t m\u0259rk\u0259zind\u0259 olub. Bu dahi \u015f\u0259xsiyy\u0259tin musiqi\u00e7il\u0259r\u0259 g\u00f6st\u0259rdiyi qay\u011f\u0131 v\u0259 diqq\u0259t musiqi tariximiz\u0259 yeni-yeni \u0259s\u0259rl\u0259r b\u0259x\u015f edib. \u00c7\u00fcnki o, \u00f6z t\u00f6vsiy\u0259l\u0259ri il\u0259 d\u0259 b\u0259st\u0259karlar\u0131m\u0131za, ifa\u00e7\u0131 v\u0259 musiqi\u015f\u00fcnaslara d\u00fczg\u00fcn istiqam\u0259t verib. Bu m\u0259nada Heyd\u0259r \u018fliyevin 1979-cu ild\u0259 Az\u0259rbaycan B\u0259st\u0259karlar \u0130ttifaq\u0131n\u0131n V Qurultay\u0131nda etdiyi m\u0259ruz\u0259sinin n\u0259\u015fri haz\u0131rda da b\u0259st\u0259karlar\u0131n masa\u00fcst\u00fc kitab\u0131d\u0131r.<\/p>\n\n\n\n<p><a href=\"https:\/\/azertag.az\/\" target=\"_blank\" rel=\"noreferrer noopener\">AZ\u018fRTAC<\/a>&nbsp;x\u0259b\u0259r verir ki, bu fikirl\u0259r mart\u0131n 3-d\u0259 Az\u0259rbaycan B\u0259st\u0259karlar \u0130ttifaq\u0131nda \u201cHeyd\u0259r \u018fliyev 100\u201d silsil\u0259sind\u0259n \u201cAz\u0259rbaycan b\u0259st\u0259karl\u0131q m\u0259kt\u0259binin inki\u015faf\u0131nda Heyd\u0259r \u018fliyevin rolu\u201d m\u00f6vzusunda ke\u00e7iril\u0259n elmi-konfransda s\u0259sl\u0259ndirilib.<\/p>\n\n\n\n<p>Az\u0259rbaycan B\u0259st\u0259karlar \u0130ttifaq\u0131n\u0131n s\u0259dri, Xalq artisti, AMEA-n\u0131n m\u00fcxbir \u00fczv\u00fc, professor Fir\u0259ngiz \u018flizad\u0259 Heyd\u0259r \u018fliyevin b\u0259st\u0259karlar\u0131m\u0131za g\u00f6st\u0259rdiyi qay\u011f\u0131 v\u0259 diqq\u0259td\u0259n, Qara Qarayev, Fikr\u0259t \u018fmirov, Tofiq Quliyev kimi g\u00f6rk\u0259mli b\u0259st\u0259karlarla olan s\u0259mimi dostluq m\u00fcnasib\u0259tl\u0259rind\u0259n, musiqi janrlar\u0131na x\u00fcsusi diqq\u0259t yetirm\u0259sind\u0259n, bu istiqam\u0259td\u0259 b\u0259st\u0259karlara verdiyi t\u00f6vsiy\u0259l\u0259rd\u0259n geni\u015f s\u00f6hb\u0259t a\u00e7\u0131b. O, \u00e7\u0131x\u0131\u015f\u0131nda \u201cHeyd\u0259r \u018fliyev 100\u201d silsil\u0259sind\u0259n ke\u00e7iril\u0259c\u0259k n\u00f6vb\u0259ti t\u0259dbirl\u0259rd\u0259 d\u0259 musiqi\u015f\u00fcnaslar\u0131n m\u00f6vzu il\u0259 ba\u011fl\u0131 t\u0259dqiqatlar\u0131n\u0131n v\u0259 b\u0259st\u0259karlar\u0131n Heyd\u0259r \u018fliyev\u0259 h\u0259sr olunan \u0259s\u0259rl\u0259rinin t\u0259qdimatlar\u0131n\u0131n, konsertl\u0259rinin ke\u00e7iril\u0259c\u0259yini d\u0259 qeyd edib. Elmi konfransda \u00e7\u0131x\u0131\u015f ed\u0259n dig\u0259r \u015f\u0259xsl\u0259r d\u0259 Heyd\u0259r \u018fliyevin Az\u0259rbaycan musiqi s\u0259n\u0259tinin inki\u015faf\u0131na g\u00f6st\u0259rdiyi y\u00fcks\u0259k \u0259h\u0259miyy\u0259tli xidm\u0259tl\u0259rind\u0259n dan\u0131\u015f\u0131blar.<\/p>\n\n\n\n<p>Az\u0259rbaycan B\u0259st\u0259karlar \u0130ttifaq\u0131n\u0131n katibi, \u018fm\u0259kdar inc\u0259s\u0259n\u0259t xadimi, professor Zemfira Qafarova \u2013 \u201cAz\u0259rbaycan b\u0259st\u0259karlar\u0131n\u0131n yarad\u0131c\u0131l\u0131\u011f\u0131nda Heyd\u0259r \u018fliyev m\u00f6vzusu\u201d, Az\u0259rbaycan B\u0259st\u0259karlar \u0130ttifaq\u0131n\u0131n katibi, \u018fm\u0259kdar inc\u0259s\u0259n\u0259t xadimi, professor C\u0259lal Abbasov \u201cHeyd\u0259r \u018fliyev: \u201cB\u0259st\u0259kar\u0131n y\u00fcks\u0259k v\u0259zif\u0259si v\u0259 amal\u0131\u201d \u2013 m\u00fcasir b\u0259st\u0259kar yarad\u0131c\u0131l\u0131\u011f\u0131n\u0131n apar\u0131c\u0131 istiqam\u0259ti kimi\u201d, s\u0259n\u0259t\u015f\u00fcnasl\u0131q \u00fczr\u0259 f\u0259ls\u0259f\u0259 doktoru, dosent Jal\u0259 Qulamova \u201cNax\u00e7\u0131van B\u0259st\u0259karl\u0131q T\u0259\u015fkilat\u0131n\u0131n yarad\u0131lmas\u0131nda Heyd\u0259r \u018fliyevin rolu\u201d, \u018fm\u0259kdar m\u0259d\u0259niyy\u0259t i\u015f\u00e7isi, s\u0259n\u0259t\u015f\u00fcnasl\u0131q \u00fczr\u0259 f\u0259ls\u0259f\u0259 doktoru S\u0259ad\u0259t T\u0259hmirazq\u0131z\u0131 \u201cHeyd\u0259r \u018fliyevin dahi b\u0259st\u0259kar\u0131m\u0131z \u00dczeyir Hac\u0131b\u0259yli haqq\u0131nda fikirl\u0259ri\u201d, s\u0259n\u0259t\u015f\u00fcnasl\u0131q \u00fczr\u0259 f\u0259ls\u0259f\u0259 doktoru, dosent Leyla Z\u00f6hrabova \u201cC\u00f6vd\u0259t Hac\u0131yevin Heyd\u0259r \u018fliyev\u0259 h\u0259sr olunmu\u015f \u201cOnu zaman se\u00e7ib\u201d 8 sayl\u0131 Simfoniyas\u0131 haqq\u0131nda\u201d adl\u0131 m\u0259ruz\u0259l\u0259rl\u0259 \u00e7\u0131x\u0131\u015f edibl\u0259r.<\/p>\n\n\n\n<p>Konfrans Xalq artisti Az\u0259r Dada\u015fovun \u00dcmummilli Lider Heyd\u0259r \u018fliyevin anadan olmas\u0131n\u0131n 100 illiyin\u0259 h\u0259sr etdiyi qira\u0259t\u00e7i v\u0259 simfonik orkestr \u00fc\u00e7\u00fcn 16 sayl\u0131 simfoniyas\u0131n\u0131n s\u0259sl\u0259ndirilm\u0259si il\u0259 ba\u015fa \u00e7at\u0131b.<\/p>\n\n\n\n<p><strong><strong><a href=\"https:\/\/edebiyyatqazeti.az\/\"><strong>M\u0259nb\u0259:&nbsp;<\/strong><\/a><a href=\"https:\/\/culture.gov.az\/\">https:\/\/azertag.az<\/a><\/strong><\/strong><\/p>\n","protected":false},"excerpt":{"rendered":"<p>\u00dcmummilli Lider Heyd\u0259r \u018fliyev respublikaya r\u0259hb\u0259rlik etdiyi d\u00f6vrd\u0259 b\u00fct\u00fcn sah\u0259l\u0259r\u0259 oldu\u011fu kimi, musiqi s\u0259n\u0259tin\u0259 d\u0259 x\u00fcsusi qay\u011f\u0131 v\u0259 diqq\u0259t ay\u0131r\u0131b. Onun milli v\u0259 professional musiqinin inki\u015faf\u0131na dair s\u0259r\u0259ncamlar, musiqi\u00e7il\u0259rin h\u0259yat v\u0259 yarad\u0131c\u0131l\u0131\u011f\u0131 il\u0259 yax\u0131ndan maraqlanmas\u0131, onlara g\u00f6st\u0259rdiyi x\u00fcsusi qay\u011f\u0131 m\u00fcxt\u0259lif istiqam\u0259tl\u0259rd\u0259 \u00f6z \u0259ksini tap\u0131b. Bel\u0259 ki, musiqi\u00e7il\u0259rin f\u0259xri adlar, orden v\u0259 medallarla t\u0259ltif olunmas\u0131, prezidentin [&hellip;]<\/p>\n","protected":false},"author":2,"featured_media":0,"comment_status":"open","ping_status":"open","sticky":false,"template":"","format":"standard","meta":{"footnotes":""},"categories":[49],"tags":[],"class_list":["post-44913","post","type-post","status-publish","format-standard","hentry","category-medeniyyat"],"_links":{"self":[{"href":"http:\/\/edebiyyat-az.com\/index.php?rest_route=\/wp\/v2\/posts\/44913","targetHints":{"allow":["GET"]}}],"collection":[{"href":"http:\/\/edebiyyat-az.com\/index.php?rest_route=\/wp\/v2\/posts"}],"about":[{"href":"http:\/\/edebiyyat-az.com\/index.php?rest_route=\/wp\/v2\/types\/post"}],"author":[{"embeddable":true,"href":"http:\/\/edebiyyat-az.com\/index.php?rest_route=\/wp\/v2\/users\/2"}],"replies":[{"embeddable":true,"href":"http:\/\/edebiyyat-az.com\/index.php?rest_route=%2Fwp%2Fv2%2Fcomments&post=44913"}],"version-history":[{"count":2,"href":"http:\/\/edebiyyat-az.com\/index.php?rest_route=\/wp\/v2\/posts\/44913\/revisions"}],"predecessor-version":[{"id":44921,"href":"http:\/\/edebiyyat-az.com\/index.php?rest_route=\/wp\/v2\/posts\/44913\/revisions\/44921"}],"wp:attachment":[{"href":"http:\/\/edebiyyat-az.com\/index.php?rest_route=%2Fwp%2Fv2%2Fmedia&parent=44913"}],"wp:term":[{"taxonomy":"category","embeddable":true,"href":"http:\/\/edebiyyat-az.com\/index.php?rest_route=%2Fwp%2Fv2%2Fcategories&post=44913"},{"taxonomy":"post_tag","embeddable":true,"href":"http:\/\/edebiyyat-az.com\/index.php?rest_route=%2Fwp%2Fv2%2Ftags&post=44913"}],"curies":[{"name":"wp","href":"https:\/\/api.w.org\/{rel}","templated":true}]}}