{"id":45435,"date":"2023-04-01T08:00:00","date_gmt":"2023-04-01T04:00:00","guid":{"rendered":"http:\/\/edebiyyat-az.com\/?p=45435"},"modified":"2023-04-02T13:02:28","modified_gmt":"2023-04-02T09:02:28","slug":"az%c9%99rbaycanli-sair%c9%99-publisist-qiym%c9%99t-m%c9%99h%c9%99rr%c9%99mlinin-seiri-turkay-ayliq-%c9%99d%c9%99biyyat-d%c9%99rgisinin-aprel-sayind-isiq-uzu-gorub","status":"publish","type":"post","link":"http:\/\/edebiyyat-az.com\/?p=45435","title":{"rendered":"Az\u0259rbaycanl\u0131 \u015fair\u0259-publisist Qiym\u0259t M\u0259h\u0259rr\u0259mlinin \u015feiri &#8220;T\u00fcrkay&#8221; ayl\u0131q \u0259d\u0259biyyat d\u0259rgisinin Aprel say\u0131nd i\u015f\u0131q \u00fcz\u00fc g\u00f6r\u00fcb"},"content":{"rendered":"\n<figure class=\"wp-block-image size-full is-resized\"><a href=\"http:\/\/edebiyyat-az.com\/wp-content\/uploads\/2023\/04\/Turkay-edebiyyat-dergisi.jpg\"><img loading=\"lazy\" decoding=\"async\" src=\"http:\/\/edebiyyat-az.com\/wp-content\/uploads\/2023\/04\/Turkay-edebiyyat-dergisi.jpg\" alt=\"\" class=\"wp-image-45438\" width=\"698\" height=\"946\" srcset=\"http:\/\/edebiyyat-az.com\/wp-content\/uploads\/2023\/04\/Turkay-edebiyyat-dergisi.jpg 445w, http:\/\/edebiyyat-az.com\/wp-content\/uploads\/2023\/04\/Turkay-edebiyyat-dergisi-221x300.jpg 221w\" sizes=\"auto, (max-width: 698px) 100vw, 698px\" \/><\/a><\/figure>\n\n\n\n<p>AMEA Folklor \u0130nstitutu &#8220;C\u0259nubi Az\u0259rbaycan folkloru&#8221; \u015f\u00f6b\u0259sinin b\u00f6y\u00fck elmi i\u015f\u00e7isi, filologiya \u00fczr\u0259 f\u0259ls\u0259f\u0259 doktoru, &#8220;Elimiz.G\u00fcn\u00fcm\u00fcz&#8221; adl\u0131 elmi-\u0259d\u0259bi, m\u0259d\u0259ni-k\u00fctl\u0259vi publisistik q\u0259zetin t\u0259sis\u00e7isi v\u0259 ba\u015f redaktoru, &#8220;M\u0259hs\u0259ti G\u0259nc\u0259vi&#8221; m\u00fckafat\u0131 laureat\u0131, Az\u0259rbaycan Yaz\u0131\u00e7\u0131lar v\u0259 Jurnalistl\u0259r Birlikl\u0259rinin \u00fczv\u00fc, istedadl\u0131 \u015fair\u0259-publisist Qiym\u0259t M\u0259h\u0259rr\u0259mlinin <strong>\u201dG\u0259l ged\u0259k Qaraba\u011fa!\u201d<\/strong> adl\u0131 \u015feiri Bak\u0131 \u015f\u0259h\u0259rind\u0259 f\u0259aliyy\u0259t g\u00f6st\u0259r\u0259n &#8220;T\u00fcrkay&#8221; ayl\u0131q \u0259d\u0259biyyat d\u0259rgisinin Aprel say\u0131nda i\u015f\u0131q \u00fcz\u00fc g\u00f6r\u00fcb. <\/p>\n\n\n\n<p><a href=\"http:\/\/hecetaslari.com\/turkaydergisi\/turkay1sayi4aprel2023.pdf\">http:\/\/hecetaslari.com\/turkaydergisi\/turkay1sayi4aprel2023.pdf<\/a> <\/p>\n\n\n\n<p> <strong>Az\u0259rbaycan\u0131n M\u0259d\u0259niyy\u0259t v\u0259 \u018fd\u0259biyyat Portal\u0131n\u0131n M\u0259tbuat xidm\u0259ti v\u0259 \u0130ctimaiyy\u0259tl\u0259 \u0259laq\u0259l\u0259r \u015f\u00f6b\u0259si.<\/strong>&nbsp;<\/p>\n\n\n\n<p><\/p>\n","protected":false},"excerpt":{"rendered":"<p>AMEA Folklor \u0130nstitutu &#8220;C\u0259nubi Az\u0259rbaycan folkloru&#8221; \u015f\u00f6b\u0259sinin b\u00f6y\u00fck elmi i\u015f\u00e7isi, filologiya \u00fczr\u0259 f\u0259ls\u0259f\u0259 doktoru, &#8220;Elimiz.G\u00fcn\u00fcm\u00fcz&#8221; adl\u0131 elmi-\u0259d\u0259bi, m\u0259d\u0259ni-k\u00fctl\u0259vi publisistik q\u0259zetin t\u0259sis\u00e7isi v\u0259 ba\u015f redaktoru, &#8220;M\u0259hs\u0259ti G\u0259nc\u0259vi&#8221; m\u00fckafat\u0131 laureat\u0131, Az\u0259rbaycan Yaz\u0131\u00e7\u0131lar v\u0259 Jurnalistl\u0259r Birlikl\u0259rinin \u00fczv\u00fc, istedadl\u0131 \u015fair\u0259-publisist Qiym\u0259t M\u0259h\u0259rr\u0259mlinin \u201dG\u0259l ged\u0259k Qaraba\u011fa!\u201d adl\u0131 \u015feiri Bak\u0131 \u015f\u0259h\u0259rind\u0259 f\u0259aliyy\u0259t g\u00f6st\u0259r\u0259n &#8220;T\u00fcrkay&#8221; ayl\u0131q \u0259d\u0259biyyat d\u0259rgisinin Aprel say\u0131nda i\u015f\u0131q \u00fcz\u00fc [&hellip;]<\/p>\n","protected":false},"author":2,"featured_media":0,"comment_status":"open","ping_status":"open","sticky":false,"template":"","format":"standard","meta":{"footnotes":""},"categories":[69],"tags":[],"class_list":["post-45435","post","type-post","status-publish","format-standard","hentry","category-turkaydergisi"],"_links":{"self":[{"href":"http:\/\/edebiyyat-az.com\/index.php?rest_route=\/wp\/v2\/posts\/45435","targetHints":{"allow":["GET"]}}],"collection":[{"href":"http:\/\/edebiyyat-az.com\/index.php?rest_route=\/wp\/v2\/posts"}],"about":[{"href":"http:\/\/edebiyyat-az.com\/index.php?rest_route=\/wp\/v2\/types\/post"}],"author":[{"embeddable":true,"href":"http:\/\/edebiyyat-az.com\/index.php?rest_route=\/wp\/v2\/users\/2"}],"replies":[{"embeddable":true,"href":"http:\/\/edebiyyat-az.com\/index.php?rest_route=%2Fwp%2Fv2%2Fcomments&post=45435"}],"version-history":[{"count":3,"href":"http:\/\/edebiyyat-az.com\/index.php?rest_route=\/wp\/v2\/posts\/45435\/revisions"}],"predecessor-version":[{"id":45446,"href":"http:\/\/edebiyyat-az.com\/index.php?rest_route=\/wp\/v2\/posts\/45435\/revisions\/45446"}],"wp:attachment":[{"href":"http:\/\/edebiyyat-az.com\/index.php?rest_route=%2Fwp%2Fv2%2Fmedia&parent=45435"}],"wp:term":[{"taxonomy":"category","embeddable":true,"href":"http:\/\/edebiyyat-az.com\/index.php?rest_route=%2Fwp%2Fv2%2Fcategories&post=45435"},{"taxonomy":"post_tag","embeddable":true,"href":"http:\/\/edebiyyat-az.com\/index.php?rest_route=%2Fwp%2Fv2%2Ftags&post=45435"}],"curies":[{"name":"wp","href":"https:\/\/api.w.org\/{rel}","templated":true}]}}