{"id":45626,"date":"2023-04-13T11:00:00","date_gmt":"2023-04-13T07:00:00","guid":{"rendered":"http:\/\/edebiyyat-az.com\/?p=45626"},"modified":"2023-04-14T08:57:23","modified_gmt":"2023-04-14T04:57:23","slug":"olk%c9%99miz-37-ci-beyn%c9%99lxalq-musiqi-festivalinda-t%c9%99msil-olunub","status":"publish","type":"post","link":"http:\/\/edebiyyat-az.com\/?p=45626","title":{"rendered":"\u00d6lk\u0259miz 37-ci Beyn\u0259lxalq Musiqi Festival\u0131nda t\u0259msil olunub"},"content":{"rendered":"\n<figure class=\"wp-block-image size-large\"><img decoding=\"async\" src=\"https:\/\/culture.gov.az\/medias\/news\/big\/10\/47770\/1.jpg\" alt=\"\"\/><\/figure>\n\n\n\n<p>4- 28 aprel T\u00fcrkiy\u0259nin Ankara \u015f\u0259h\u0259rind\u0259 CSO ADA Ankara`n\u0131n Ana Salonunun s\u0259hn\u0259sind\u0259 37-ci Beyn\u0259lxalq Musiqi Festival\u0131 ke\u00e7irilib.<\/p>\n\n\n\n<p>Bu m\u00f6t\u0259b\u0259r festival\u0131n a\u00e7\u0131l\u0131\u015f g\u00fcn\u00fcnd\u0259 Az\u0259rbaycan Respublikas\u0131 M\u0259d\u0259niyy\u0259t Nazirliyinin d\u0259st\u0259yi il\u0259 \u018fm\u0259kdar artist&nbsp;Fuad \u0130brahimovun r\u0259hb\u0259rliyi alt\u0131nda \u00dczeyir Hac\u0131b\u0259yli ad\u0131na Az\u0259rbaycan D\u00f6vl\u0259t Simfonik Orkestri i\u015ftirak edib. T\u0259dbirin ilk konserti m\u0259hz \u00dczeyir Hac\u0131b\u0259yli ad\u0131na Az\u0259rbaycan D\u00f6vl\u0259t Simfonik Orkestrinin i\u015ftirak\u0131 il\u0259 ger\u00e7\u0259kl\u0259nm\u0259si sevindirici, eyni zamanda q\u00fcrurvericidir.<\/p>\n\n\n\n<p>Konsert proqram\u0131nda tan\u0131nm\u0131\u015f solistl\u0259r \u2013 Az\u0259rbaycan\u0131n Respublikas\u0131n\u0131n Xalq artisti Murad Ad\u0131g\u00f6z\u0259l-zad\u0259 (fortepiano) v\u0259 \u018fm\u0259kdar artist Elvin Xoca Q\u0259niyev (skripka) \u00f6z ifalar\u0131n\u0131 t\u0259qdim edibl\u0259r.<\/p>\n\n\n\n<p>Proqramda Ferit T\u00fcz\u00fcn\u00fcn \u201c\u00c7ayda \u00e7\u0131ra\u201d, Fikr\u0259t \u018fmirovun violin, piano v\u0259 orkestr \u00fc\u00e7\u00fcn Konserti v\u0259 Antonin Dvorjak\u0131n 9 n\u00f6mr\u0259li \u201cYeni d\u00fcnyadan\u201d Simfoniyas\u0131 s\u0259sl\u0259nib. Bu \u0259s\u0259rl\u0259rd\u0259n \u0259lav\u0259 ilk hiss\u0259nin sonunda Corc Vilyams\u0131n \u201c\u015eindlerin siyah\u0131s\u0131\u201d kinofilmin\u0259 yaz\u0131lm\u0131\u015f musiqisi ifa olunub. \u0130fa T\u00fcrkiy\u0259d\u0259 z\u0259lz\u0259l\u0259 zaman\u0131 h\u0259yatlar\u0131n\u0131 itirmi\u015f insanlar\u0131n xatir\u0259sin\u0259 h\u0259sr edilib. Konsert Niyazinin \u201cT\u00fcrk mar\u015f\u0131\u201d il\u0259 tamamlan\u0131b.<\/p>\n\n\n\n<figure class=\"wp-block-image is-resized\"><a href=\"https:\/\/culture.gov.az\/az\/umumi-xeberler\/15106#\"><img loading=\"lazy\" decoding=\"async\" src=\"https:\/\/culture.gov.az\/medias\/news\/small\/10\/47770\/1.jpg\" alt=\"\" width=\"701\" height=\"701\"\/><\/a><\/figure>\n\n\n\n<figure class=\"wp-block-image is-resized\"><a href=\"https:\/\/culture.gov.az\/az\/umumi-xeberler\/15106#\"><img loading=\"lazy\" decoding=\"async\" src=\"https:\/\/culture.gov.az\/medias\/news\/small\/10\/47772\/2.jpg\" alt=\"\" width=\"703\" height=\"703\"\/><\/a><\/figure>\n\n\n\n<figure class=\"wp-block-image is-resized\"><a href=\"https:\/\/culture.gov.az\/az\/umumi-xeberler\/15106#\"><img loading=\"lazy\" decoding=\"async\" src=\"https:\/\/culture.gov.az\/medias\/news\/small\/10\/47771\/3.jpg\" alt=\"\" width=\"701\" height=\"701\"\/><\/a><\/figure>\n\n\n\n<ul class=\"wp-block-list\" id=\"image-gallery\">\n<li><a href=\"https:\/\/culture.gov.az\/medias\/news\/big\/10\/47770\/1.jpg\"><\/a><\/li>\n\n\n\n<li><a href=\"https:\/\/culture.gov.az\/medias\/news\/big\/10\/47772\/2.jpg\"><\/a><\/li>\n\n\n\n<li><a href=\"https:\/\/culture.gov.az\/medias\/news\/big\/10\/47771\/3.jpg\"><\/a><strong><strong><a href=\"https:\/\/edebiyyatqazeti.az\/\"><strong>M\u0259nb\u0259:<\/strong><\/a><a href=\"https:\/\/culture.gov.az\/\">&nbsp;https:\/\/culture.gov.az\/<\/a><\/strong><\/strong><\/li>\n<\/ul>\n","protected":false},"excerpt":{"rendered":"<p>4- 28 aprel T\u00fcrkiy\u0259nin Ankara \u015f\u0259h\u0259rind\u0259 CSO ADA Ankara`n\u0131n Ana Salonunun s\u0259hn\u0259sind\u0259 37-ci Beyn\u0259lxalq Musiqi Festival\u0131 ke\u00e7irilib. Bu m\u00f6t\u0259b\u0259r festival\u0131n a\u00e7\u0131l\u0131\u015f g\u00fcn\u00fcnd\u0259 Az\u0259rbaycan Respublikas\u0131 M\u0259d\u0259niyy\u0259t Nazirliyinin d\u0259st\u0259yi il\u0259 \u018fm\u0259kdar artist&nbsp;Fuad \u0130brahimovun r\u0259hb\u0259rliyi alt\u0131nda \u00dczeyir Hac\u0131b\u0259yli ad\u0131na Az\u0259rbaycan D\u00f6vl\u0259t Simfonik Orkestri i\u015ftirak edib. T\u0259dbirin ilk konserti m\u0259hz \u00dczeyir Hac\u0131b\u0259yli ad\u0131na Az\u0259rbaycan D\u00f6vl\u0259t Simfonik Orkestrinin i\u015ftirak\u0131 il\u0259 [&hellip;]<\/p>\n","protected":false},"author":2,"featured_media":0,"comment_status":"open","ping_status":"open","sticky":false,"template":"","format":"standard","meta":{"footnotes":""},"categories":[49],"tags":[],"class_list":["post-45626","post","type-post","status-publish","format-standard","hentry","category-medeniyyat"],"_links":{"self":[{"href":"http:\/\/edebiyyat-az.com\/index.php?rest_route=\/wp\/v2\/posts\/45626","targetHints":{"allow":["GET"]}}],"collection":[{"href":"http:\/\/edebiyyat-az.com\/index.php?rest_route=\/wp\/v2\/posts"}],"about":[{"href":"http:\/\/edebiyyat-az.com\/index.php?rest_route=\/wp\/v2\/types\/post"}],"author":[{"embeddable":true,"href":"http:\/\/edebiyyat-az.com\/index.php?rest_route=\/wp\/v2\/users\/2"}],"replies":[{"embeddable":true,"href":"http:\/\/edebiyyat-az.com\/index.php?rest_route=%2Fwp%2Fv2%2Fcomments&post=45626"}],"version-history":[{"count":2,"href":"http:\/\/edebiyyat-az.com\/index.php?rest_route=\/wp\/v2\/posts\/45626\/revisions"}],"predecessor-version":[{"id":45634,"href":"http:\/\/edebiyyat-az.com\/index.php?rest_route=\/wp\/v2\/posts\/45626\/revisions\/45634"}],"wp:attachment":[{"href":"http:\/\/edebiyyat-az.com\/index.php?rest_route=%2Fwp%2Fv2%2Fmedia&parent=45626"}],"wp:term":[{"taxonomy":"category","embeddable":true,"href":"http:\/\/edebiyyat-az.com\/index.php?rest_route=%2Fwp%2Fv2%2Fcategories&post=45626"},{"taxonomy":"post_tag","embeddable":true,"href":"http:\/\/edebiyyat-az.com\/index.php?rest_route=%2Fwp%2Fv2%2Ftags&post=45626"}],"curies":[{"name":"wp","href":"https:\/\/api.w.org\/{rel}","templated":true}]}}