{"id":45627,"date":"2023-04-13T12:00:00","date_gmt":"2023-04-13T08:00:00","guid":{"rendered":"http:\/\/edebiyyat-az.com\/?p=45627"},"modified":"2023-04-14T08:56:41","modified_gmt":"2023-04-14T04:56:41","slug":"76-ci-kann-film-festivalinin-filml%c9%99ri-v%c9%99-ulduzlari-t%c9%99sdiql%c9%99nib","status":"publish","type":"post","link":"http:\/\/edebiyyat-az.com\/?p=45627","title":{"rendered":"76-c\u0131 Kann Film Festival\u0131n\u0131n filml\u0259ri v\u0259 ulduzlar\u0131 t\u0259sdiql\u0259nib"},"content":{"rendered":"\n<figure class=\"wp-block-image size-large\"><img decoding=\"async\" src=\"https:\/\/azertag.az\/files\/2023\/1\/1200x630\/16813763204006329574_1200x630.jpg\" alt=\"\"\/><\/figure>\n\n\n\n<p>D\u00fcnyan\u0131n \u0259n b\u00f6y\u00fck film festival\u0131 olan 76-c\u0131 Kann Film Festival\u0131 may\u0131n 16-dan ba\u015flayacaq v\u0259 27-d\u0259k davam ed\u0259c\u0259k.<\/p>\n\n\n\n<p><a href=\"https:\/\/azertag.az\/\" target=\"_blank\" rel=\"noreferrer noopener\">AZ\u018fRTAC<\/a>&nbsp;x\u0259b\u0259r verir ki, Kann Film Festival\u0131n\u0131n 76-c\u0131 burax\u0131l\u0131\u015f\u0131nda \u201c\u00c7i\u00e7\u0259k ay\u0131n qatill\u0259ri\u201d filmi il\u0259 Martin Skorsez, sevimli aktyorlar Leonardo Di Kaprio , Robert de Niro, Tom Kruz v\u0259 Harrison Fordun i\u015ftirak\u0131 art\u0131q t\u0259sdiql\u0259nib. H\u0259m\u00e7inin m\u0259i\u015f\u0259t zorak\u0131l\u0131\u011f\u0131 ittihamlar\u0131 il\u0259 m\u0259hk\u0259m\u0259 qar\u015f\u0131s\u0131na \u00e7\u0131xm\u0131\u015f v\u0259 sonda m\u0259hk\u0259m\u0259ni udan frans\u0131z aktyoru Coni Deppin d\u0259 festivalda olaca\u011f\u0131 bildirilir.<\/p>\n\n\n\n<p>Pedro Almodovar\u0131n yeni q\u0131sametrajl\u0131 filmi &#8220;Q\u0259rib\u0259 h\u0259yat t\u0259rzi&#8221; r\u0259smi se\u00e7imd\u0259 v\u0259 d\u00fcnya premyeras\u0131nda n\u00fcmayi\u015f etdiril\u0259c\u0259k. Festivalda q\u0131sametrajl\u0131 v\u0259 uzunmetrajl\u0131 m\u0259\u015fhur filml\u0259rin rejissorlar\u0131 v\u0259 aktyorlar\u0131n\u0131n i\u015ftirak\u0131 g\u00f6zl\u0259nilir. Ancaq tan\u0131nm\u0131\u015f rejissor v\u0259 aktyorlar\u0131n b\u0259zil\u0259rinin se\u00e7ilm\u0259si h\u0259l\u0259 d\u0259 sual alt\u0131ndad\u0131r.<\/p>\n\n\n\n<p>Festivala se\u00e7kil\u0259rd\u0259 qad\u0131n rejissorlar\u0131n yeri d\u0259 ara\u015fd\u0131r\u0131lacaq.<\/p>\n\n\n\n<p>Netflix Kann Festival\u0131 qaydas\u0131na \u0259m\u0259l etm\u0259kd\u0259n imtina ed\u0259r\u0259k, \u201cLa Mostra de Venise\u201d \u0130taliya film festival\u0131nda i\u015ftiraka \u00fcst\u00fcnl\u00fck verir.<\/p>\n\n\n\n<p><strong><em>\u015e\u0259hla A\u011falarova<\/em><\/strong><\/p>\n\n\n\n<p><strong><em><a href=\"https:\/\/azertag.az\/\" target=\"_blank\" rel=\"noreferrer noopener\">AZ\u018fRTAC<\/a>-\u0131n x\u00fcsusi m\u00fcxbiri<\/em><\/strong><\/p>\n\n\n\n<p><strong><em>Paris<\/em><\/strong><\/p>\n\n\n\n<p><strong><strong><a href=\"https:\/\/edebiyyatqazeti.az\/\"><strong>M\u0259nb\u0259:<\/strong><\/a><a href=\"https:\/\/culture.gov.az\/\">\u00a0https:\/\/culture.gov.az\/<\/a><\/strong><\/strong><\/p>\n","protected":false},"excerpt":{"rendered":"<p>D\u00fcnyan\u0131n \u0259n b\u00f6y\u00fck film festival\u0131 olan 76-c\u0131 Kann Film Festival\u0131 may\u0131n 16-dan ba\u015flayacaq v\u0259 27-d\u0259k davam ed\u0259c\u0259k. AZ\u018fRTAC&nbsp;x\u0259b\u0259r verir ki, Kann Film Festival\u0131n\u0131n 76-c\u0131 burax\u0131l\u0131\u015f\u0131nda \u201c\u00c7i\u00e7\u0259k ay\u0131n qatill\u0259ri\u201d filmi il\u0259 Martin Skorsez, sevimli aktyorlar Leonardo Di Kaprio , Robert de Niro, Tom Kruz v\u0259 Harrison Fordun i\u015ftirak\u0131 art\u0131q t\u0259sdiql\u0259nib. H\u0259m\u00e7inin m\u0259i\u015f\u0259t zorak\u0131l\u0131\u011f\u0131 ittihamlar\u0131 il\u0259 m\u0259hk\u0259m\u0259 [&hellip;]<\/p>\n","protected":false},"author":2,"featured_media":0,"comment_status":"open","ping_status":"open","sticky":false,"template":"","format":"standard","meta":{"footnotes":""},"categories":[49],"tags":[],"class_list":["post-45627","post","type-post","status-publish","format-standard","hentry","category-medeniyyat"],"_links":{"self":[{"href":"http:\/\/edebiyyat-az.com\/index.php?rest_route=\/wp\/v2\/posts\/45627","targetHints":{"allow":["GET"]}}],"collection":[{"href":"http:\/\/edebiyyat-az.com\/index.php?rest_route=\/wp\/v2\/posts"}],"about":[{"href":"http:\/\/edebiyyat-az.com\/index.php?rest_route=\/wp\/v2\/types\/post"}],"author":[{"embeddable":true,"href":"http:\/\/edebiyyat-az.com\/index.php?rest_route=\/wp\/v2\/users\/2"}],"replies":[{"embeddable":true,"href":"http:\/\/edebiyyat-az.com\/index.php?rest_route=%2Fwp%2Fv2%2Fcomments&post=45627"}],"version-history":[{"count":1,"href":"http:\/\/edebiyyat-az.com\/index.php?rest_route=\/wp\/v2\/posts\/45627\/revisions"}],"predecessor-version":[{"id":45633,"href":"http:\/\/edebiyyat-az.com\/index.php?rest_route=\/wp\/v2\/posts\/45627\/revisions\/45633"}],"wp:attachment":[{"href":"http:\/\/edebiyyat-az.com\/index.php?rest_route=%2Fwp%2Fv2%2Fmedia&parent=45627"}],"wp:term":[{"taxonomy":"category","embeddable":true,"href":"http:\/\/edebiyyat-az.com\/index.php?rest_route=%2Fwp%2Fv2%2Fcategories&post=45627"},{"taxonomy":"post_tag","embeddable":true,"href":"http:\/\/edebiyyat-az.com\/index.php?rest_route=%2Fwp%2Fv2%2Ftags&post=45627"}],"curies":[{"name":"wp","href":"https:\/\/api.w.org\/{rel}","templated":true}]}}