{"id":45650,"date":"2023-04-17T08:00:00","date_gmt":"2023-04-17T04:00:00","guid":{"rendered":"https:\/\/edebiyyat-az.com\/?p=45650"},"modified":"2023-04-18T07:29:38","modified_gmt":"2023-04-18T03:29:38","slug":"bu-gun-az%c9%99rbaycanin-unudulmaz-b%c9%99st%c9%99kari-ramiz-mirislinin-anim-gunudur","status":"publish","type":"post","link":"http:\/\/edebiyyat-az.com\/?p=45650","title":{"rendered":"Bu g\u00fcn Az\u0259rbaycan\u0131n unudulmaz b\u0259st\u0259kar\u0131 Ramiz Miri\u015flinin an\u0131m g\u00fcn\u00fcd\u00fcr"},"content":{"rendered":"\n<figure class=\"wp-block-image size-large\"><img decoding=\"async\" src=\"https:\/\/azertag.az\/files\/2023\/1\/1200x630\/16817128492850246776_1200x630.jpg\" alt=\"\"\/><\/figure>\n\n\n\n<p>\u0130ll\u0259r \u00f6t\u00fcr, z\u00f6vql\u0259r d\u0259yi\u015fir, amma onun b\u0259st\u0259l\u0259ri he\u00e7 zaman k\u00f6hn\u0259lmir, yaddan \u00e7\u0131xm\u0131r. &#8220;Bir k\u00f6n\u00fcl s\u0131nd\u0131rm\u0131\u015fam\u201d, &#8220;Dal\u011falar\u201d, &#8220;K\u00f6n\u00fcl verdim\u201d, &#8220;S\u0259ns\u0259n \u00fcr\u0259yim\u201d, &#8220;S\u0259nd\u0259n dan\u0131\u015fd\u0131\u201d, &#8220;M\u0259n s\u0259n\u0259 neyl\u0259mi\u015f\u0259m\u201d, &#8220;Oxu, tar\u201d, &#8220;S\u0259ad\u0259t\u201d, &#8220;S\u0259ni sev\u0259n bax\u0131\u015flar\u201d\u0131 e\u015fitm\u0259y\u0259n insan varm\u0131? Bu mahn\u0131lar\u0131 dinl\u0259dikc\u0259 \u015firin bir m\u0259lh\u0259m kimi dodaqdan q\u0259lb\u0259 s\u00fcz\u00fcl\u00fcr&#8230;<\/p>\n\n\n\n<p><a href=\"https:\/\/azertag.az\/\" target=\"_blank\" rel=\"noreferrer noopener\">AZ\u018fRTAC<\/a>&nbsp;x\u0259b\u0259r verir ki, bu g\u00fcn bu mahn\u0131lar\u0131n m\u00fc\u0259llifi, Az\u0259rbaycan\u0131n sevil\u0259n b\u0259st\u0259kar\u0131 Ramiz Miri\u015flinin v\u0259fat\u0131ndan 8 il \u00f6t\u00fcr.<\/p>\n\n\n\n<p>Ramiz Miri\u015fli 89 il bundan \u0259vv\u0259l Nax\u00e7\u0131van \u015f\u0259h\u0259rind\u0259 d\u00fcnyaya g\u00f6z a\u00e7\u0131b. As\u0259f Zeynall\u0131 ad\u0131na musiqi m\u0259kt\u0259bind\u0259 oxuyan R.Miri\u015fli 1956-1962-ci ill\u0259rd\u0259 \u00dczeyir Hac\u0131b\u0259yli ad\u0131na Az\u0259rbaycan D\u00f6vl\u0259t Konservatoriyas\u0131nda b\u0259st\u0259karl\u0131q ixtisas\u0131 \u00fczr\u0259 ali musiqi t\u0259hsili alm\u0131\u015fd\u0131r.<\/p>\n\n\n\n<p>Geni\u015f yarad\u0131c\u0131l\u0131q diapazonuna malik olan Ramiz Miri\u015fli folklor v\u0259 xalq musiqisind\u0259n, milli b\u0259st\u0259karl\u0131q m\u0259kt\u0259bi \u0259n\u0259n\u0259l\u0259rind\u0259n m\u0259har\u0259tl\u0259 b\u0259hr\u0259l\u0259n\u0259r\u0259k Az\u0259rbaycan\u0131n musiqi m\u0259d\u0259niyy\u0259ti x\u0259zin\u0259sini \u00f6z \u0259s\u0259rl\u0259ri il\u0259 daha da z\u0259nginl\u0259\u015fdirmi\u015fdir.<\/p>\n\n\n\n<p>\u018fminlikl\u0259 dey\u0259 bil\u0259rik ki, Ramiz Miri\u015fli yarad\u0131c\u0131l\u0131\u011f\u0131 boyu musiqinin b\u00fct\u00fcn janrlar\u0131na m\u00fcraci\u0259t edib. M\u00fcxt\u0259lif janrlarda \u0259s\u0259rl\u0259r yazan b\u0259st\u0259kar operettalar, kamera orkestri \u00fc\u00e7\u00fcn simfoniyalar, simfonik poemalar, simfonik s\u00fcitalar, kantatalar, s\u0259s v\u0259 orkestr \u00fc\u00e7\u00fcn vokal m\u0259cmu\u0259l\u0259r, fortepiano \u00fc\u00e7\u00fcn s\u00fcita v\u0259 miniat\u00fcrl\u0259r, teatr tama\u015falar\u0131 v\u0259 kinofilml\u0259r\u0259 musiqil\u0259rin m\u00fc\u0259llifidir.<\/p>\n\n\n\n<p>Bir n\u00fcans\u0131 x\u00fcsusi qeyd etm\u0259k laz\u0131md\u0131r ki, musiqinin b\u00fct\u00fcn janrlar\u0131ndan m\u0259har\u0259tl\u0259 istifad\u0259 ets\u0259 d\u0259 R.Miri\u015flini bir b\u0259st\u0259kar kimi xalqa daha \u00e7ox tan\u0131dan v\u0259 sevdir\u0259n mahn\u0131 yarad\u0131c\u0131l\u0131\u011f\u0131 olub. B\u0259st\u0259kar bu sevginin sirrini bel\u0259 a\u00e7m\u0131\u015fd\u0131r: \u201cMahn\u0131 xalq t\u0259r\u0259find\u0259n sevil\u0259n janrd\u0131r. Y\u0259qin bu, mu\u011famat\u0131 yax\u015f\u0131 bilm\u0259yimd\u0259n ir\u0259li g\u0259lir. Mu\u011famat el\u0259 bir x\u0259zin\u0259dir ki, b\u0259st\u0259karlar ondan n\u0259 q\u0259d\u0259r g\u00f6t\u00fcrs\u0259 d\u0259 azalm\u0131r, \u0259ksin\u0259, art\u0131r. M\u0259n\u0259 el\u0259 g\u0259lir ki, mu\u011fam ilahi t\u0259r\u0259find\u0259n s\u0259madan g\u00f6nd\u0259rilmi\u015f musiqidir. Bu, m\u00fck\u0259mm\u0259l musiqini yaratmaq qeyri-m\u00fcmk\u00fcnd\u00fcr\u201d.<\/p>\n\n\n\n<p>Ramiz Miri\u015flinin yarad\u0131c\u0131l\u0131\u011f\u0131 \u00f6z\u00fcn\u00fcn t\u0259krars\u0131zl\u0131\u011f\u0131, b\u0259nz\u0259rsizliyi il\u0259 se\u00e7ilir. Onun musiqisi \u0259srar\u0259ngiz v\u0259 b\u0259nz\u0259rsizdir. Onun mahn\u0131lar\u0131 haqq\u0131nda dan\u0131\u015fanda deyirl\u0259r ki, Ramiz Miri\u015fli xalq ruhunda, xalq dilind\u0259 yazan b\u0259st\u0259kar olmu\u015fdur. Mahn\u0131lar\u0131n\u0131n uzun\u00f6m\u00fcrl\u00fc olmas\u0131n\u0131n, daim dill\u0259rd\u0259, k\u00f6n\u00fcll\u0259rd\u0259 s\u0259sl\u0259nm\u0259sinin sirri d\u0259 el\u0259 bundad\u0131r.<\/p>\n\n\n\n<p>B\u0259st\u0259kar\u0131n \u201cDal\u011falar\u201d mahn\u0131s\u0131n\u0131n 60 ild\u0259n \u00e7ox ya\u015f\u0131 var. Mahn\u0131n\u0131n tarixi haqq\u0131nda s\u00f6z d\u00fc\u015f\u0259nd\u0259, b\u0259st\u0259kar ist\u0259r-ist\u0259m\u0259z ke\u00e7mi\u015f\u0259 qay\u0131d\u0131rd\u0131: \u201cOnda cavan o\u011flan idim. Konservatoriyada oxuyurdum. T\u0259l\u0259b\u0259 dostlar\u0131mla tez-tez d\u0259niz\u0259 gedirdik. H\u0259min mahn\u0131 o ill\u0259rd\u0259 yarand\u0131. \u015eair \u0130slam S\u0259f\u0259rli il\u0259 bir m\u0259h\u0259ll\u0259d\u0259 ya\u015fay\u0131rd\u0131q. E\u015fitmi\u015fdi ki, konservatoriyada oxuyuram, evin\u0259 \u00e7a\u011f\u0131r\u0131b m\u0259n\u0259 \u201cDal\u011falar\u201d adl\u0131 \u015feirini verdi. M\u0259n d\u0259 ona musiqi yazd\u0131m. Bu, m\u0259nim ilk professional mahn\u0131m oldu\u201d.<\/p>\n\n\n\n<p>Tan\u0131nan v\u0259 sevil\u0259n m\u00fc\u011f\u0259nnil\u0259rin dem\u0259k olar ki, \u0259ks\u0259riyy\u0259ti Ramiz Miri\u015fli yarad\u0131c\u0131l\u0131\u011f\u0131na m\u00fcraci\u0259t edib. \u015e\u00f6vk\u0259t \u018fl\u0259kb\u0259rova, Zeyn\u0259b Xanlarova, R\u0259\u015fid Behbudov, Flora K\u0259rimova, \u0130lham\u0259 Quliyeva, Ya\u015far S\u0259f\u0259rov, Elmira R\u0259himova v\u0259 sonrak\u0131 ill\u0259r s\u0259n\u0259t\u0259 g\u0259l\u0259n m\u00fc\u011f\u0259nnil\u0259r onun h\u0259zin, q\u0259lb\u0259yatan mahn\u0131lar\u0131 il\u0259 \u015f\u00f6hr\u0259tl\u0259nibl\u0259r. B\u00f6y\u00fck bir n\u0259sil onun mahn\u0131lar\u0131 il\u0259 yeti\u015fib.<\/p>\n\n\n\n<p>Xalq aras\u0131nda g\u00f6z\u0259l mahn\u0131 v\u0259 romanslar\u0131n m\u00fc\u0259llifi kimi tan\u0131nan b\u0259st\u0259kar\u0131n &#8220;Oxu tar&#8221; (s\u00f6zl\u0259ri M.M\u00fc\u015ffiqindir.), &#8220;Salam k\u00fcr \u00e7ay\u0131&#8221; (s\u00f6zl\u0259ri C.M\u0259mm\u0259dovundur) mahn\u0131lar\u0131 meydana g\u0259ldiyi g\u00fcnd\u0259n dill\u0259r \u0259zb\u0259ri olub, b\u0259st\u0259kara \u00fcmumxalq m\u0259h\u0259bb\u0259ti qazand\u0131r\u0131b.<\/p>\n\n\n\n<p>Ramiz Miri\u015fli Xalq \u015fairi Fikr\u0259t Qocan\u0131n \u0259n \u00e7ox sevdiyi b\u0259st\u0259karlardan biri idi. Fikr\u0259t Qoca sevimli b\u0259st\u0259kar\u0131 haqq\u0131nda \u201cM\u0259n ilk mahn\u0131lar\u0131 onunla 45 il bundan \u0259vv\u0259l yazm\u0131\u015fam. Yeni n\u0259sill\u0259r g\u0259lir v\u0259 ham\u0131s\u0131 da Ramiz Miri\u015flinin mahn\u0131lar\u0131n\u0131 oxuyur. Bu, ancaq ona g\u00f6r\u0259dir ki, Ramiz \u00e7ox milli b\u0259st\u0259kard\u0131r. Onun mahn\u0131lar\u0131nda milli elementl\u0259r, milli folklor var. Bu da t\u0259biidir. \u00c7\u00fcnki Ramiz musiqiy\u0259 kaman\u00e7a al\u0259ti il\u0259 g\u0259lib. O, kaman\u00e7a m\u0259kt\u0259bini qurtar\u0131b. Sonra konservatoriyada b\u0259st\u0259karl\u0131q sinfind\u0259 oxuyub. Kaman\u00e7a h\u0259mi\u015f\u0259 onun \u00fcr\u0259yinin yan\u0131nda qal\u0131b\u201d s\u00f6zl\u0259rini deyib.<\/p>\n\n\n\n<p>Az\u0259rbaycan D\u00f6vl\u0259t Mahn\u0131 v\u0259 R\u0259qs Ansambl\u0131 \u00fc\u00e7\u00fcn r\u0259ngar\u0259ng \u0259s\u0259rl\u0259rin, mahn\u0131, kino v\u0259 dram musiqisi sah\u0259sind\u0259 yetkin \u0259s\u0259rl\u0259rin m\u00fc\u0259llifi olan b\u0259st\u0259kar uzun m\u00fcdd\u0259t ictimai v\u0259 pedaqoji f\u0259aliyy\u0259tl\u0259 m\u0259\u015f\u011ful olmu\u015f, Nax\u00e7\u0131van Muxtar Respublikas\u0131n\u0131n B\u0259st\u0259karl\u0131q t\u0259\u015fkilat\u0131n\u0131n s\u0259dri, h\u0259m d\u0259 D\u00f6vl\u0259t Televiziya \u015firk\u0259tind\u0259 musiqi \u015f\u00f6b\u0259sinin r\u0259hb\u0259ri v\u0259zif\u0259sind\u0259 \u00e7al\u0131\u015f\u0131b. 20 ild\u0259n art\u0131q bir vaxtda is\u0259 Az\u0259rbaycan D\u00f6vl\u0259t Konservatoriyas\u0131nda d\u0259rs deyib.<\/p>\n\n\n\n<p>Tan\u0131nm\u0131\u015f b\u0259st\u0259kar 1982-ci ild\u0259 Az\u0259rbaycan Respublikas\u0131n\u0131n \u018fm\u0259kdar inc\u0259s\u0259n\u0259t xadimi, 1974-c\u00fc ild\u0259 Nax\u00e7\u0131van MR-in \u018fm\u0259kdar inc\u0259s\u0259n\u0259t xadimi, 1990-c\u0131 ild\u0259 Az\u0259rbaycan Respublikas\u0131n\u0131n Xalq artisti, 1993-c\u00fc ild\u0259 professor ad\u0131n\u0131 al\u0131b. O, 14 aprel 2014-c\u00fc ild\u0259 &#8220;\u015e\u0259r\u0259f&#8221; ordeni il\u0259 t\u0259ltif edilib.<\/p>\n\n\n\n<p>2015-ci il aprelin 17-d\u0259 v\u0259fat ed\u0259n Ramiz Miri\u015fli \u00f6l\u00fcm\u00fcnd\u0259n sonra da unudulmad\u0131. Ustad musiqi\u00e7inin yarad\u0131c\u0131l\u0131\u011f\u0131 \u00f6lm\u0259zdir.<\/p>\n\n\n\n<p><strong>M\u0259nb\u0259: <a href=\"https:\/\/azertag.az\/\">https:\/\/azertag.az\/<\/a><\/strong><\/p>\n","protected":false},"excerpt":{"rendered":"<p>\u0130ll\u0259r \u00f6t\u00fcr, z\u00f6vql\u0259r d\u0259yi\u015fir, amma onun b\u0259st\u0259l\u0259ri he\u00e7 zaman k\u00f6hn\u0259lmir, yaddan \u00e7\u0131xm\u0131r. &#8220;Bir k\u00f6n\u00fcl s\u0131nd\u0131rm\u0131\u015fam\u201d, &#8220;Dal\u011falar\u201d, &#8220;K\u00f6n\u00fcl verdim\u201d, &#8220;S\u0259ns\u0259n \u00fcr\u0259yim\u201d, &#8220;S\u0259nd\u0259n dan\u0131\u015fd\u0131\u201d, &#8220;M\u0259n s\u0259n\u0259 neyl\u0259mi\u015f\u0259m\u201d, &#8220;Oxu, tar\u201d, &#8220;S\u0259ad\u0259t\u201d, &#8220;S\u0259ni sev\u0259n bax\u0131\u015flar\u201d\u0131 e\u015fitm\u0259y\u0259n insan varm\u0131? Bu mahn\u0131lar\u0131 dinl\u0259dikc\u0259 \u015firin bir m\u0259lh\u0259m kimi dodaqdan q\u0259lb\u0259 s\u00fcz\u00fcl\u00fcr&#8230; AZ\u018fRTAC&nbsp;x\u0259b\u0259r verir ki, bu g\u00fcn bu mahn\u0131lar\u0131n m\u00fc\u0259llifi, Az\u0259rbaycan\u0131n sevil\u0259n b\u0259st\u0259kar\u0131 [&hellip;]<\/p>\n","protected":false},"author":2,"featured_media":0,"comment_status":"open","ping_status":"open","sticky":false,"template":"","format":"standard","meta":{"footnotes":""},"categories":[49],"tags":[],"class_list":["post-45650","post","type-post","status-publish","format-standard","hentry","category-medeniyyat"],"_links":{"self":[{"href":"http:\/\/edebiyyat-az.com\/index.php?rest_route=\/wp\/v2\/posts\/45650","targetHints":{"allow":["GET"]}}],"collection":[{"href":"http:\/\/edebiyyat-az.com\/index.php?rest_route=\/wp\/v2\/posts"}],"about":[{"href":"http:\/\/edebiyyat-az.com\/index.php?rest_route=\/wp\/v2\/types\/post"}],"author":[{"embeddable":true,"href":"http:\/\/edebiyyat-az.com\/index.php?rest_route=\/wp\/v2\/users\/2"}],"replies":[{"embeddable":true,"href":"http:\/\/edebiyyat-az.com\/index.php?rest_route=%2Fwp%2Fv2%2Fcomments&post=45650"}],"version-history":[{"count":1,"href":"http:\/\/edebiyyat-az.com\/index.php?rest_route=\/wp\/v2\/posts\/45650\/revisions"}],"predecessor-version":[{"id":45670,"href":"http:\/\/edebiyyat-az.com\/index.php?rest_route=\/wp\/v2\/posts\/45650\/revisions\/45670"}],"wp:attachment":[{"href":"http:\/\/edebiyyat-az.com\/index.php?rest_route=%2Fwp%2Fv2%2Fmedia&parent=45650"}],"wp:term":[{"taxonomy":"category","embeddable":true,"href":"http:\/\/edebiyyat-az.com\/index.php?rest_route=%2Fwp%2Fv2%2Fcategories&post=45650"},{"taxonomy":"post_tag","embeddable":true,"href":"http:\/\/edebiyyat-az.com\/index.php?rest_route=%2Fwp%2Fv2%2Ftags&post=45650"}],"curies":[{"name":"wp","href":"https:\/\/api.w.org\/{rel}","templated":true}]}}