{"id":45658,"date":"2023-04-17T12:00:00","date_gmt":"2023-04-17T08:00:00","guid":{"rendered":"https:\/\/edebiyyat-az.com\/?p=45658"},"modified":"2023-04-18T07:46:19","modified_gmt":"2023-04-18T03:46:19","slug":"xalq-artisti-rasim-balayevin-75-illiyi-qeyd-olunacaq","status":"publish","type":"post","link":"http:\/\/edebiyyat-az.com\/?p=45658","title":{"rendered":"Xalq artisti Rasim Balayevin 75 illiyi qeyd olunacaq"},"content":{"rendered":"\n<figure class=\"wp-block-image size-large\"><img decoding=\"async\" src=\"https:\/\/azertag.az\/files\/2023\/1\/1200x630\/168171827940806682_1200x630.jpg\" alt=\"\"\/><\/figure>\n\n\n\n<p>May\u0131n 7-d\u0259 \u00dczeyir Hac\u0131b\u0259yli ad\u0131na Bak\u0131 Musiqi Akademiyas\u0131 n\u0259zdind\u0259 Opera Studiyas\u0131n\u0131n konsert salonunda Az\u0259rbaycan Kinematoqraf\u00e7\u0131lar \u0130ttifaq\u0131n\u0131n s\u0259dri, Xalq artisti Rasim Balayevin yarad\u0131c\u0131l\u0131q gec\u0259si ke\u00e7iril\u0259c\u0259k.<\/p>\n\n\n\n<p><a href=\"https:\/\/azertag.az\/\" target=\"_blank\" rel=\"noreferrer noopener\">AZ\u018fRTAC<\/a>&nbsp;x\u0259b\u0259r verir ki, yarad\u0131c\u0131l\u0131q gec\u0259si Rasim Balayevin 75 illiyin\u0259 h\u0259sr olunur.<\/p>\n\n\n\n<p>Qeyd ed\u0259k ki, 1948-ci ilin avqustun 8-d\u0259 A\u011fsu rayonunda anadan olan Rasim Balayev el\u0259 orada orta m\u0259kt\u0259bi bitirib v\u0259 1969-cu ild\u0259 Az\u0259rbaycan D\u00f6vl\u0259t \u0130nc\u0259s\u0259n\u0259t \u0130nstitutunun m\u0259zunu olub. Rasim Balayev ilk d\u0259f\u0259 Bak\u0131 kinostudiyas\u0131nda &#8220;Ulduzlar s\u00f6nm\u00fcr&#8221; \u0259s\u0259rind\u0259 ki\u00e7ik bir rolda \u00e7\u0259kilib. Oynad\u0131\u011f\u0131 &#8220;N\u0259simi&#8221;, &#8220;Bab\u0259k&#8221; v\u0259 &#8220;D\u0259d\u0259 Qorqud&#8221; filml\u0259rind\u0259ki rollarla tama\u015fa\u00e7\u0131lar\u0131n sevgisini qazan\u0131r. O, h\u0259m\u00e7inin &#8220;Az\u0259rbaycanfilm&#8221; kinostudiyas\u0131n\u0131n n\u0259zdind\u0259 f\u0259aliyy\u0259t g\u00f6st\u0259r\u0259n kinoaktyor teatr studiyas\u0131nda da \u00e7al\u0131\u015f\u0131b. B\u00f6y\u00fck v\u0259 \u00e7\u0259tin rollardan \u0259lav\u0259 Rasim Balayev ki\u00e7ik rollarda da oynay\u0131b. &#8220;Bu \u015firin s\u00f6z, azadl\u0131q&#8221;, &#8220;S\u0259nin birinci saat\u0131n&#8221;, &#8220;Xo\u015fb\u0259xtlik s\u0259hn\u0259si&#8221;, &#8220;M\u0259n h\u0259l\u0259 qay\u0131daca\u011fam&#8221;, &#8220;Birisig\u00fcn gec\u0259yar\u0131s\u0131&#8221; kimi filml\u0259rd\u0259 o, epizodik rollarda \u00e7\u0259kilib. Eyni zamanda, &#8220;\u00d6zb\u0259kfilm&#8221;, &#8220;Mosfilm&#8221; v\u0259 ba\u015fqa studiyalarla \u0259m\u0259kda\u015fl\u0131q ed\u0259r\u0259k, onlar\u0131n da filml\u0259rind\u0259 \u00e7\u0259kilib.<\/p>\n\n\n\n<p>Biletl\u0259ri iTicket.az sayt\u0131 v\u0259 \u015f\u0259h\u0259rin kassalar\u0131ndan \u0259ld\u0259 etm\u0259k m\u00fcmk\u00fcnd\u00fcr.<\/p>\n\n\n\n<p><strong>M\u0259nb\u0259: <a href=\"https:\/\/azertag.az\/\">https:\/\/azertag.az\/<\/a><\/strong><\/p>\n","protected":false},"excerpt":{"rendered":"<p>May\u0131n 7-d\u0259 \u00dczeyir Hac\u0131b\u0259yli ad\u0131na Bak\u0131 Musiqi Akademiyas\u0131 n\u0259zdind\u0259 Opera Studiyas\u0131n\u0131n konsert salonunda Az\u0259rbaycan Kinematoqraf\u00e7\u0131lar \u0130ttifaq\u0131n\u0131n s\u0259dri, Xalq artisti Rasim Balayevin yarad\u0131c\u0131l\u0131q gec\u0259si ke\u00e7iril\u0259c\u0259k. AZ\u018fRTAC&nbsp;x\u0259b\u0259r verir ki, yarad\u0131c\u0131l\u0131q gec\u0259si Rasim Balayevin 75 illiyin\u0259 h\u0259sr olunur. Qeyd ed\u0259k ki, 1948-ci ilin avqustun 8-d\u0259 A\u011fsu rayonunda anadan olan Rasim Balayev el\u0259 orada orta m\u0259kt\u0259bi bitirib v\u0259 1969-cu [&hellip;]<\/p>\n","protected":false},"author":2,"featured_media":0,"comment_status":"open","ping_status":"open","sticky":false,"template":"","format":"standard","meta":{"footnotes":""},"categories":[49],"tags":[],"class_list":["post-45658","post","type-post","status-publish","format-standard","hentry","category-medeniyyat"],"_links":{"self":[{"href":"http:\/\/edebiyyat-az.com\/index.php?rest_route=\/wp\/v2\/posts\/45658","targetHints":{"allow":["GET"]}}],"collection":[{"href":"http:\/\/edebiyyat-az.com\/index.php?rest_route=\/wp\/v2\/posts"}],"about":[{"href":"http:\/\/edebiyyat-az.com\/index.php?rest_route=\/wp\/v2\/types\/post"}],"author":[{"embeddable":true,"href":"http:\/\/edebiyyat-az.com\/index.php?rest_route=\/wp\/v2\/users\/2"}],"replies":[{"embeddable":true,"href":"http:\/\/edebiyyat-az.com\/index.php?rest_route=%2Fwp%2Fv2%2Fcomments&post=45658"}],"version-history":[{"count":1,"href":"http:\/\/edebiyyat-az.com\/index.php?rest_route=\/wp\/v2\/posts\/45658\/revisions"}],"predecessor-version":[{"id":45674,"href":"http:\/\/edebiyyat-az.com\/index.php?rest_route=\/wp\/v2\/posts\/45658\/revisions\/45674"}],"wp:attachment":[{"href":"http:\/\/edebiyyat-az.com\/index.php?rest_route=%2Fwp%2Fv2%2Fmedia&parent=45658"}],"wp:term":[{"taxonomy":"category","embeddable":true,"href":"http:\/\/edebiyyat-az.com\/index.php?rest_route=%2Fwp%2Fv2%2Fcategories&post=45658"},{"taxonomy":"post_tag","embeddable":true,"href":"http:\/\/edebiyyat-az.com\/index.php?rest_route=%2Fwp%2Fv2%2Ftags&post=45658"}],"curies":[{"name":"wp","href":"https:\/\/api.w.org\/{rel}","templated":true}]}}