{"id":45660,"date":"2023-04-18T01:00:00","date_gmt":"2023-04-17T21:00:00","guid":{"rendered":"https:\/\/edebiyyat-az.com\/?p=45660"},"modified":"2023-04-18T08:12:37","modified_gmt":"2023-04-18T04:12:37","slug":"bir-ur%c9%99kd%c9%99-iki-can-turkiy%c9%99-az%c9%99rbaycan","status":"publish","type":"post","link":"http:\/\/edebiyyat-az.com\/?p=45660","title":{"rendered":"Bir \u00fcr\u0259kd\u0259 iki can \u2013 T\u00fcrkiy\u0259 \u2013 Az\u0259rbaycan"},"content":{"rendered":"\n<figure class=\"wp-block-image size-large\"><img decoding=\"async\" src=\"https:\/\/azertag.az\/files\/galleryphoto\/2023\/1\/1000x669\/16817224381517220766_1000x669.jpg\" alt=\"\"\/><\/figure>\n\n\n\n<p>Az\u0259rbaycanla T\u00fcrkiy\u0259ni bir-birind\u0259n ay\u0131rmaq v\u0259 ya ayr\u0131 t\u0259s\u0259vv\u00fcr etm\u0259k m\u00fcmk\u00fcn deyildir. Bu ona b\u0259nz\u0259y\u0259r ki, \u0259kiz do\u011fulmu\u015f iki qarda\u015f\u0131 bir-birind\u0259n ayr\u0131 tutursan. Tarix d\u0259 g\u00f6st\u0259rdi ki, bir damar\u0131n qan\u0131 iki yer\u0259 b\u00f6l\u00fcn\u0259 bilmir. Buna \u00e7ox \u00e7al\u0131\u015fd\u0131lar, tarixi saxtala\u015fd\u0131rma\u011fa c\u0259hd etdil\u0259r, \u00f6z\u00fcn\u00fc t\u00fcrk hesab ed\u0259nl\u0259r\u0259 ayr\u0131 adlar qoymaq ist\u0259dil\u0259r, ancaq toplananlar\u0131n yerini d\u0259yi\u015f\u0259rk\u0259n, c\u0259min d\u0259yi\u015fm\u0259diyini tarix \u00f6z\u00fc isbat etdi. Vaxtil\u0259 Osmanl\u0131 T\u00fcrkiy\u0259sini parampar\u00e7a etm\u0259k \u00fc\u00e7\u00fcn koalisiya yaradan b\u00f6y\u00fck g\u00fcc d\u00f6vl\u0259tl\u0259ri T\u00fcrkiy\u0259nin \u00fcz\u0259rin\u0259 yeriy\u0259rk\u0259n Az\u0259rbaycanl\u0131lar\u0131n d\u0259st\u0259-d\u0259st\u0259 \u00c7anaqqalaya, sava\u015fa getdikl\u0259ri tarixi ger\u00e7\u0259klikdir. Orada \u015f\u0259hid olan q\u0259hr\u0259man az\u0259rbaycanl\u0131lar\u0131n m\u0259zarl\u0131\u011f\u0131 deyil\u0259nin \u0259yani s\u00fcbutudur. Sonrak\u0131 tarixd\u0259 erm\u0259ni-da\u015fnaq-bol\u015fevik birliyinin az\u0259rbaycanl\u0131lara qar\u015f\u0131 soyq\u0131r\u0131m\u0131 t\u00f6r\u0259tdikl\u0259ri zamanda Osmanl\u0131 d\u00f6vl\u0259tinin g\u00f6nd\u0259rdiyi Qafqaz M\u00fcs\u0259lman Ordusu q\u0259hr\u0259man Nuru Pa\u015fan\u0131n komandanl\u0131\u011f\u0131 alt\u0131nda qarda\u015f k\u00f6m\u0259yin\u0259 g\u0259ldi, \u00f6lk\u0259miz i\u015f\u011fal alt\u0131na salmaq ist\u0259y\u0259n irtica\u00e7\u0131lardan Az\u0259rbaycan\u0131 v\u0259 az\u0259rbaycanl\u0131lar\u0131 xilas etdi.<\/p>\n\n\n\n<p>Bu fikirl\u0259r C.Cabbarl\u0131 ad\u0131na \u0130r\u0259van D\u00f6vl\u0259t Az\u0259rbaycan Dram Teatr\u0131n\u0131n direktoru, \u018fm\u0259kdar m\u0259d\u0259niyy\u0259t i\u015f\u00e7isi, s\u0259n\u0259t\u015f\u00fcnasl\u0131q \u00fczr\u0259 f\u0259ls\u0259f\u0259 doktoru \u0130ftixar Piriyevin&nbsp;<a href=\"https:\/\/azertag.az\/\" target=\"_blank\" rel=\"noreferrer noopener\">AZ\u018fRTAC<\/a>-a t\u0259qdim etdiyi \u201cBir \u00fcr\u0259kd\u0259 iki can \u2013 T\u00fcrkiy\u0259 \u2013 Az\u0259rbaycan\u201d s\u0259rl\u00f6vh\u0259li yaz\u0131s\u0131nda yer al\u0131b. Yaz\u0131n\u0131 t\u0259qdim edirik.<\/p>\n\n\n\n<p>Ke\u00e7\u0259n \u0259srin \u0259vv\u0259ll\u0259rind\u0259 N\u0259riman N\u0259rimanovun Mustafa Kamal Atat\u00fcrk\u0259, \u201cPa\u015fam, qarda\u015f\u0131n qarda\u015fa borcu olmaz!\u201d ifad\u0259si, el\u0259c\u0259 d\u0259 b\u00f6y\u00fck Atat\u00fcrk\u00fcn \u201cAz\u0259rbaycan\u0131n sevinci sevincimiz, k\u0259d\u0259ri k\u0259d\u0259rimizdir\u201d canyan\u011f\u0131s\u0131 v\u0259 \u00dcmummilli Liderimiz Heyd\u0259r \u018fliyevin \u201cBir mill\u0259t, iki d\u00f6vl\u0259t\u201d t\u0259\u0259ss\u00fcbke\u015fliyi varl\u0131\u011f\u0131m\u0131z\u0131n, birliyimizin, qan \u0259laq\u0259l\u0259rimizin v\u0259 ayr\u0131lmazl\u0131\u011f\u0131m\u0131z\u0131n s\u00fcbutudur.<\/p>\n\n\n\n<p>2020-ci ild\u0259 \u0130kinci Qaraba\u011f sava\u015f\u0131nda Az\u0259rbaycan\u0131 t\u0259k buraxmayan v\u0259 d\u00fcnya birliyin\u0259 qar\u015f\u0131 sin\u0259sini sip\u0259r ed\u0259n T\u00fcrkiy\u0259 C\u00fcmhuriyy\u0259ti, qan\u0131 qan\u0131m\u0131zdan, can\u0131 can\u0131m\u0131zdan olan t\u00fcrkiy\u0259li qarda\u015flar\u0131m\u0131z s\u0259simiz\u0259 s\u0259s, n\u0259f\u0259simiz\u0259 n\u0259f\u0259s verdil\u0259r. T\u00fcrkiy\u0259nin n\u00fcmay\u0259nd\u0259 hey\u0259tinin i\u015ftirak etm\u0259diyi m\u00f6t\u0259b\u0259r t\u0259dbirl\u0259rin birind\u0259 Az\u0259rbaycan Prezidenti \u0130lham \u018fliyevin \u201cT\u00fcrkiy\u0259 burada yoxdur, biz var\u0131q, burda Az\u0259rbaycan var!\u201d ifad\u0259sinin c\u0259sar\u0259tl\u0259 s\u0259sl\u0259nm\u0259si qarda\u015fl\u0131\u011f\u0131m\u0131z\u0131n, canda\u015fl\u0131\u011f\u0131m\u0131z\u0131n \u0259n bariz n\u00fcmun\u0259sidir. Bel\u0259 hadis\u0259l\u0259rin say\u0131 \u00e7oxdur. B\u00fct\u00fcn bunlar ondan ir\u0259li g\u0259lir ki, ayr\u0131lmaz olan varl\u0131qlar\u0131 ay\u0131rmaq m\u00fcmk\u00fcn deyildir.<\/p>\n\n\n\n<p>Az\u0259rbaycanla T\u00fcrkiy\u0259ni bir-birin\u0259 ba\u011flayan ulu q\u00fcvv\u0259 onlar\u0131 h\u0259r daim bir b\u0259d\u0259nd\u0259 iki can kimi ya\u015fadacaq!<\/p>\n\n\n\n<p>Biz unutmuruq v\u0259 he\u00e7 zaman da unutmayaca\u011f\u0131q ki, bu g\u00fcn T\u00fcrkiy\u0259nin inki\u015faf\u0131 Az\u0259rbaycan\u0131n dir\u00e7\u0259li\u015fidir. Az\u0259rbaycan\u0131n dir\u00e7\u0259li\u015fi T\u00fcrkiy\u0259nin qol-qanad a\u00e7mas\u0131, b\u00f6y\u00fck T\u00fcrk d\u00fcnyas\u0131n\u0131n birliyi, b\u00fct\u00f6vl\u00fcy\u00fc, inki\u015faf\u0131 dem\u0259kdir.<\/p>\n\n\n\n<p>Bu hissl\u0259r, duy\u011fular b\u0259rab\u0259rc\u0259sin\u0259 co\u015fduqca co\u015fmaqdad\u0131r, Az\u0259rbaycanla T\u00fcrkiy\u0259nin b\u00fct\u00fcn parametrl\u0259rd\u0259 birliyinin, b\u0259rab\u0259rliyinin v\u0259 y\u00fcks\u0259li\u015finin qar\u015f\u0131s\u0131n\u0131 ala bil\u0259c\u0259k q\u00fcvv\u0259 olmayacaqd\u0131r. Biz bu hikm\u0259ti unutmamal\u0131 v\u0259 sabaha do\u011fru ir\u0259lil\u0259y\u0259n yolumuzu b\u0259rab\u0259r getm\u0259li, d\u00fcnya birliyin\u0259 b\u0259rab\u0259r inteqrasiya etm\u0259liyik. \u201cG\u00fcc birlikd\u0259dir!\u201d d\u0259d\u0259 s\u00f6z\u00fc \u0259n ali \u015f\u00fcar\u0131m\u0131z olmal\u0131d\u0131r.<\/p>\n\n\n\n<p>1923-c\u00fc ild\u0259 b\u00f6y\u00fck Mustafa Kamal Atat\u00fcrk\u00fcn \u00f6nd\u0259rliyi il\u0259 T\u00fcrkiy\u0259 C\u00fcmhuriyy\u0259ti quruldu. Bu g\u00fcn\u0259 q\u0259d\u0259r inki\u015faf etdi. \u00d6z yerini m\u00f6hk\u0259ml\u0259ndirdi. Bu g\u00fcn is\u0259 d\u00fcnya d\u00f6vl\u0259tl\u0259ri s\u0131ras\u0131nda say\u0131l\u0131b-se\u00e7il\u0259n bir d\u00f6vl\u0259t kimi tan\u0131n\u0131r v\u0259 hesabla\u015f\u0131l\u0131r. \u00c7\u00fcnki T\u00fcrkiy\u0259 son ill\u0259rd\u0259 h\u0259rbi s\u0259nayesin\u0259 g\u00f6r\u0259 inan\u0131lmaz m\u0259rh\u0259l\u0259y\u0259 q\u0259d\u0259m qoymu\u015fdur. Az\u0259rbaycan da m\u0259hz son ill\u0259rd\u0259 el\u0259 bir y\u00fcks\u0259li\u015f\u0259 yeti\u015fmi\u015fdir ki, 44 g\u00fcnl\u00fck Qaraba\u011f sava\u015f\u0131nda n\u00fcmun\u0259viliyi il\u0259 d\u00fcnyan\u0131 heyran qoydu. Bu inki\u015faf prosesi d\u00f6vl\u0259tl\u0259rimiz aras\u0131ndak\u0131 h\u0259qiqi v\u0259 y\u00fcks\u0259k qarda\u015fl\u0131q, canda\u015fl\u0131q \u0259laq\u0259l\u0259rinin m\u00f6hk\u0259ml\u0259ndirilm\u0259si n\u0259tic\u0259sind\u0259 \u0259ld\u0259 olunmu\u015fdur. Az\u0259rbaycan \u00f6z s\u0259rv\u0259tl\u0259ri v\u0259 m\u0259n\u0259vi d\u0259st\u0259yi il\u0259 T\u00fcrkiy\u0259y\u0259, T\u00fcrkiy\u0259 is\u0259 Az\u0259rbaycana h\u0259mi\u015f\u0259 arxa-dayaqd\u0131r. \u018fld\u0259 edil\u0259n u\u011furlar v\u0259 y\u00fcks\u0259k g\u00f6st\u0259ricil\u0259r ortada olan isbatd\u0131r.<\/p>\n\n\n\n<p>Art\u0131q ill\u0259rdir ki, h\u0259r iki d\u00f6vl\u0259tin liderl\u0259ri m\u00f6ht\u0259r\u0259m \u0130lham \u018fliyev v\u0259 m\u00f6ht\u0259r\u0259m R\u0259c\u0259b Tayyib \u018frdo\u011fan milli birliyin, b\u0259rab\u0259rliyin timsal\u0131nda xalqlar\u0131m\u0131z\u0131 ayr\u0131lmaz ba\u011fla bir-birin\u0259 qovu\u015fdurmu\u015f v\u0259 birl\u0259\u015fdirmi\u015fl\u0259r. Bu ba\u011f\u0131n, bu qovu\u015fman\u0131n tell\u0259rini q\u0131rmaq is\u0259 m\u00fcmk\u00fcn deyildir.<\/p>\n\n\n\n<p>\u00d6lk\u0259 r\u0259hb\u0259rl\u0259rimizin \u015f\u0259xsi \u00fcnsiyy\u0259tl\u0259ri timsal\u0131nda, onlar\u0131n siyasi v\u0259 insani m\u00fcnasib\u0259tl\u0259rinin t\u0259c\u0259ss\u00fcm\u00fcnd\u0259 parlaq \u015f\u0259kild\u0259 g\u00f6r\u00fcn\u0259n birlik-qarda\u015fl\u0131q v\u0259 canda\u015fl\u0131q ovqat\u0131, bel\u0259 y\u00fcks\u0259k hissl\u0259r v\u0259 duy\u011fular h\u00fcdudunda daha da m\u00f6hk\u0259ml\u0259n\u0259n \u0259laq\u0259l\u0259rimiz s\u0259n\u0259t xadiml\u0259ri t\u0259r\u0259find\u0259n m\u0259d\u0259ni kontekstd\u0259 \u00f6z inki\u015faf istiqam\u0259tini formala\u015fd\u0131rmaqdad\u0131r. R\u0259hb\u0259rlik etdiyim \u0130r\u0259van D\u00f6vl\u0259t Az\u0259rbaycan Dram Teatr\u0131n\u0131n kollektivi art\u0131q 2007-ci ild\u0259n etibar\u0259n T\u00fcrkiy\u0259 C\u00fcmhuriyy\u0259tinin dem\u0259k olar ki, \u0259n b\u00f6y\u00fck \u015f\u0259h\u0259rl\u0259rind\u0259 uzunm\u00fcdd\u0259tli v\u0259 geni\u015fmiqyasl\u0131 qastrol s\u0259f\u0259rl\u0259ri h\u0259yata ke\u00e7irir. Bu s\u0259f\u0259rl\u0259rin m\u0259na v\u0259 mahiyy\u0259ti d\u00fcnya birliyin\u0259, biz\u0259 qar\u015f\u0131 olan q\u00fcvv\u0259l\u0259rin yalanlar\u0131n\u0131, b\u00f6htanlar\u0131n\u0131 b\u0259rab\u0259rc\u0259 if\u015fa etm\u0259kd\u0259n v\u0259 h\u0259qiq\u0259tl\u0259r\u0259 ayna tutmaqdan ibar\u0259tdir.<\/p>\n\n\n\n<p>T\u00fcrkiy\u0259 Anadolu Ayd\u0131nlar Oca\u011f\u0131n\u0131n r\u0259hb\u0259ri, b\u00f6y\u00fck Az\u0259rbaycan sevdal\u0131s\u0131 professor \u0130brahim \u00d6zt\u0259k bu yolda daim biziml\u0259 b\u0259rab\u0259rdir. Bizim bu b\u0259rab\u0259rliyimiz s\u0259n\u0259tin ecazkar dili il\u0259 oynad\u0131\u011f\u0131m\u0131z tama\u015falar vasit\u0259sil\u0259 h\u0259yata ke\u00e7irilir v\u0259 b\u00f6y\u00fck s\u0259m\u0259r\u0259 verir. Bel\u0259 s\u0259f\u0259rl\u0259rin davam etdirilm\u0259si bizim \u00fc\u00e7\u00fcn prioritetdir. \u201cHeyd\u0259r \u018fliyev \u0130li\u201d \u00e7\u0259r\u00e7iv\u0259sind\u0259 iyunun 12-d\u0259n ba\u015flayaraq, 17 g\u00fcn m\u00fcdd\u0259tind\u0259 T\u00fcrkiy\u0259nin \u0259n b\u00f6y\u00fck \u015f\u0259h\u0259rl\u0259rind\u0259, o c\u00fcml\u0259d\u0259n z\u0259lz\u0259l\u0259d\u0259n ziyan \u00e7\u0259kmi\u015f Hatay \u015f\u0259h\u0259rinin sakinl\u0259ri qar\u015f\u0131s\u0131nda, \u201cMustafa Kamal Atat\u00fcrk v\u0259 Heyd\u0259r \u018fliyev zirv\u0259si\u201d devizi alt\u0131nda D.\u00c7izm\u0259li v\u0259 P.\u00c7\u0259l\u0259bio\u011flunun \u201cC\u00fcmhuriyy\u0259tin ilk s\u0259das\u0131\u201d tama\u015fas\u0131 il\u0259, Az\u0259rbaycan Respublikas\u0131n\u0131n M\u0259d\u0259niyy\u0259t Nazirliyi v\u0259 T\u00fcrkiy\u0259 Anadolu Ayd\u0131nlar Oca\u011f\u0131n\u0131n birg\u0259 d\u0259st\u0259yi il\u0259 n\u00f6vb\u0259ti s\u0259f\u0259rimiz\u0259 start ver\u0259c\u0259yik. Biz bel\u0259 m\u00fch\u00fcm t\u0259dbirl\u0259rl\u0259 Az\u0259rbaycanla T\u00fcrkiy\u0259nin birliyini, b\u0259rab\u0259rliyini \u0259n m\u00f6t\u0259b\u0259r salonlar\u0131ndan \u201cBir b\u0259d\u0259nd\u0259 iki can \u2013 T\u00fcrkiy\u0259 \u2013 Az\u0259rbaycan\u201d dey\u0259, h\u0259r daim s\u0259sl\u0259nm\u0259kd\u0259yik.<\/p>\n\n\n\n<p>Birliyimiz, b\u0259rab\u0259rliyimiz, qarda\u015fl\u0131\u011f\u0131m\u0131z v\u0259 canda\u015fl\u0131\u011f\u0131m\u0131z daim ya\u015fas\u0131n v\u0259 \u0259b\u0259di olsun!<\/p>\n\n\n\n<p><strong>M\u0259nb\u0259: <a href=\"https:\/\/azertag.az\/\">https:\/\/azertag.az\/<\/a><\/strong><\/p>\n","protected":false},"excerpt":{"rendered":"<p>Az\u0259rbaycanla T\u00fcrkiy\u0259ni bir-birind\u0259n ay\u0131rmaq v\u0259 ya ayr\u0131 t\u0259s\u0259vv\u00fcr etm\u0259k m\u00fcmk\u00fcn deyildir. Bu ona b\u0259nz\u0259y\u0259r ki, \u0259kiz do\u011fulmu\u015f iki qarda\u015f\u0131 bir-birind\u0259n ayr\u0131 tutursan. Tarix d\u0259 g\u00f6st\u0259rdi ki, bir damar\u0131n qan\u0131 iki yer\u0259 b\u00f6l\u00fcn\u0259 bilmir. Buna \u00e7ox \u00e7al\u0131\u015fd\u0131lar, tarixi saxtala\u015fd\u0131rma\u011fa c\u0259hd etdil\u0259r, \u00f6z\u00fcn\u00fc t\u00fcrk hesab ed\u0259nl\u0259r\u0259 ayr\u0131 adlar qoymaq ist\u0259dil\u0259r, ancaq toplananlar\u0131n yerini d\u0259yi\u015f\u0259rk\u0259n, c\u0259min d\u0259yi\u015fm\u0259diyini tarix [&hellip;]<\/p>\n","protected":false},"author":2,"featured_media":0,"comment_status":"open","ping_status":"open","sticky":false,"template":"","format":"standard","meta":{"footnotes":""},"categories":[49],"tags":[],"class_list":["post-45660","post","type-post","status-publish","format-standard","hentry","category-medeniyyat"],"_links":{"self":[{"href":"http:\/\/edebiyyat-az.com\/index.php?rest_route=\/wp\/v2\/posts\/45660","targetHints":{"allow":["GET"]}}],"collection":[{"href":"http:\/\/edebiyyat-az.com\/index.php?rest_route=\/wp\/v2\/posts"}],"about":[{"href":"http:\/\/edebiyyat-az.com\/index.php?rest_route=\/wp\/v2\/types\/post"}],"author":[{"embeddable":true,"href":"http:\/\/edebiyyat-az.com\/index.php?rest_route=\/wp\/v2\/users\/2"}],"replies":[{"embeddable":true,"href":"http:\/\/edebiyyat-az.com\/index.php?rest_route=%2Fwp%2Fv2%2Fcomments&post=45660"}],"version-history":[{"count":1,"href":"http:\/\/edebiyyat-az.com\/index.php?rest_route=\/wp\/v2\/posts\/45660\/revisions"}],"predecessor-version":[{"id":45675,"href":"http:\/\/edebiyyat-az.com\/index.php?rest_route=\/wp\/v2\/posts\/45660\/revisions\/45675"}],"wp:attachment":[{"href":"http:\/\/edebiyyat-az.com\/index.php?rest_route=%2Fwp%2Fv2%2Fmedia&parent=45660"}],"wp:term":[{"taxonomy":"category","embeddable":true,"href":"http:\/\/edebiyyat-az.com\/index.php?rest_route=%2Fwp%2Fv2%2Fcategories&post=45660"},{"taxonomy":"post_tag","embeddable":true,"href":"http:\/\/edebiyyat-az.com\/index.php?rest_route=%2Fwp%2Fv2%2Ftags&post=45660"}],"curies":[{"name":"wp","href":"https:\/\/api.w.org\/{rel}","templated":true}]}}