{"id":45669,"date":"2023-04-18T05:00:00","date_gmt":"2023-04-18T01:00:00","guid":{"rendered":"https:\/\/edebiyyat-az.com\/?p=45669"},"modified":"2023-04-18T08:13:40","modified_gmt":"2023-04-18T04:13:40","slug":"bakida-vesnyanka-ukrayna-az%c9%99rbaycan-bahar-yarmarkasi-olub","status":"publish","type":"post","link":"http:\/\/edebiyyat-az.com\/?p=45669","title":{"rendered":"Bak\u0131da Vesnyanka Ukrayna-Az\u0259rbaycan bahar yarmarkas\u0131 olub"},"content":{"rendered":"\n<figure class=\"wp-block-image size-large\"><img decoding=\"async\" src=\"https:\/\/azertag.az\/files\/galleryphoto\/2023\/1\/1000x669\/16817585092820842769_1000x669.jpg\" alt=\"\"\/><\/figure>\n\n\n\n<p>Bak\u0131da birinci Vesnyanka Ukrayna-Az\u0259rbaycan xeyriyy\u0259 bahar yarmarkas\u0131 olub.<\/p>\n\n\n\n<p><a href=\"https:\/\/azertag.az\/\" target=\"_blank\" rel=\"noreferrer noopener\">AZ\u018fRTAC<\/a>&nbsp;x\u0259b\u0259r verir ki, t\u0259dbiri diplomatik korpus, media, ictimaiyy\u0259t n\u00fcmay\u0259nd\u0259l\u0259ri ziyar\u0259t edibl\u0259r. Onlar bununla yarmarkan\u0131n t\u0259\u015fkilat\u00e7\u0131lar\u0131na, Vesnyanka ideyas\u0131na uy\u011fun d\u0259y\u0259rl\u0259r\u0259 ehtiramlar\u0131n\u0131 ifad\u0259 edibl\u0259r.<\/p>\n\n\n\n<p>Yarmarkan\u0131n \u201cQ\u0259dim zamandan m\u00fcasir d\u00f6vr\u0259d\u0259k. Novruz v\u0259 Vesnyankadan Pasxaya q\u0259d\u0259r\u201d r\u0259mzi devizi multikulturalizm ideyalar\u0131n\u0131 t\u0259bli\u011f etm\u0259kl\u0259 yana\u015f\u0131, eyni zamanda, az\u0259rbaycanl\u0131lar\u0131n Ukraynan\u0131n bahar \u0259n\u0259n\u0259l\u0259ri il\u0259 tan\u0131\u015fl\u0131\u011f\u0131n\u0131, m\u0259d\u0259ni \u0259laq\u0259l\u0259rin qurulmas\u0131 v\u0259 iki xalq\u0131n z\u0259ngin m\u0259d\u0259ni irsinin qar\u015f\u0131l\u0131ql\u0131 z\u0259nginl\u0259\u015fdirilm\u0259sini \u0259ks etdirir.<\/p>\n\n\n\n<p>Lidiya \u015eestak-\u018fliyeva deyir: \u201cAz\u0259rbaycanda uzun ill\u0259r ya\u015fayan bir \u00e7ox ukraynal\u0131lar yerli m\u0259d\u0259niyy\u0259t\u0259 f\u0259al \u015f\u0259kild\u0259 inteqrasiya edibl\u0259r. Burada biz Novruzun g\u0259li\u015fini g\u00f6zl\u0259yirik v\u0259 bu bayrama haz\u0131rla\u015f\u0131r\u0131q. \u00c7\u0259r\u015f\u0259nb\u0259 ax\u015fmlar\u0131n\u0131 \u0259n\u0259n\u0259vi ax\u015famlara d\u0259v\u0259t etdiyimiz qonaqlarla yola sal\u0131r\u0131q, \u015f\u0259k\u0259rbura, paxlava bi\u015firirik. Az\u0259rbaycanl\u0131 qon\u015fular\u0131m\u0131z biz\u0259 pay g\u0259tirir, y\u00fcks\u0259k qonaqp\u0259rv\u0259rlik n\u00fcmayi\u015f etdirir v\u0259 \u00f6z \u0259n\u0259n\u0259l\u0259ri il\u0259 tan\u0131\u015f edirl\u0259r. Bu bayram bizl\u0259r\u0259 \u00e7ox do\u011fma v\u0259 yax\u0131n olub! \u015e\u0259xs\u0259n m\u0259n onun g\u0259li\u015fini s\u0259birsizlikl\u0259 g\u00f6zl\u0259yir\u0259m. M\u0259nim Novruzda h\u0259mi\u015f\u0259 qonaqlar\u0131m olur v\u0259 onlar \u00fc\u00e7\u00fcn plov bi\u015firir\u0259m. Novruz g\u0259ldikd\u0259n d\u0259rhal sonra biz Pasxa bayramlar\u0131na haz\u0131rla\u015fma\u011fa ba\u015flay\u0131r\u0131q. Buradaca biz, ukraynal\u0131lar \u0259n\u0259n\u0259vi olaraq qonaqlar\u0131m\u0131z \u00fc\u00e7\u00fcn Pasxa yem\u0259kl\u0259ri haz\u0131rlay\u0131r\u0131q. \u018fg\u0259r Az\u0259rbaycanda ya\u015fayan h\u0259r hans\u0131 bir insandan soru\u015fsan\u0131z, onlar\u0131n h\u0259r birinin b\u0259nz\u0259r tarix\u00e7\u0259l\u0259ri var. Bir t\u0259r\u0259fd\u0259n, diaspor n\u00fcmay\u0259nd\u0259l\u0259ri \u00f6z \u0259n\u0259n\u0259l\u0259rini qoruyub saxlay\u0131r, dig\u0259r t\u0259r\u0259fd\u0259n, multikulturalizm v\u0259 toleyrantl\u0131q \u0259n\u0259n\u0259l\u0259rin\u0259 sadiq olan az\u0259rbaycanl\u0131lar h\u0259r zaman ba\u015fqa xalqlar\u0131n n\u00fcmay\u0259nd\u0259l\u0259rin\u0259 c\u0259miyy\u0259t\u0259 inteqrasiya etm\u0259y\u0259 k\u00f6m\u0259k edirl\u0259r. Biz \u00f6z t\u0259dbirimizl\u0259 m\u0259hz ukraynal\u0131lar\u0131n Az\u0259rbaycan m\u0259d\u0259niyy\u0259tin\u0259 inteqrasiyas\u0131 ideyas\u0131n\u0131, h\u0259m\u00e7inin Pasxa bayramlar\u0131 v\u0259 Vesnyanka \u0259n\u0259n\u0259l\u0259rini \u00e7atd\u0131rmaq ist\u0259yirik. Qoy insanlar bizim bahar\u0131 nec\u0259 qar\u015f\u0131lad\u0131\u011f\u0131m\u0131z\u0131, onu s\u0259birsizlikl\u0259 g\u00f6zl\u0259diyimizi, \u0259n\u0259n\u0259l\u0259rimizi v\u0259 yem\u0259kl\u0259rimizi, Ukrayna evi v\u0259 milli geyiml\u0259rimizi yax\u0131ndan tan\u0131s\u0131nlar. Bu, bizim xeyriyy\u0259 bahar festival\u0131nda daha \u00e7ox b\u0259hs etm\u0259k ist\u0259diyimiz m\u0259d\u0259ni irsdir. Ukrayna v\u0259 Az\u0259rbaycan xalqlar\u0131n\u0131n bir \u00e7ox ortaq c\u0259h\u0259tl\u0259ri var: az\u0259rbaycanl\u0131lar h\u0259l\u0259 \u0130slama q\u0259d\u0259r m\u00f6vcud olan Novruz \u0259n\u0259n\u0259l\u0259rini davam etdirirl\u0259r, ukraynal\u0131lar is\u0259 indiy\u0259d\u0259k bahar\u0131n g\u0259li\u015fini bayram edir v\u0259 Kiyev Rus d\u00f6vl\u0259tind\u0259 xristianl\u0131\u011fa q\u0259d\u0259r qeyd edil\u0259n Vesnyankan\u0131 v\u0259 ba\u015fqa bayramlar\u0131 \u0259ziz tuturlar. Xalqlar\u0131m\u0131z\u0131 multikulturalizm, toleyrantl\u0131q, \u00f6z \u0259n\u0259n\u0259l\u0259rin\u0259 sevgi birl\u0259\u015fdirir ki, bu t\u0259dbird\u0259 buna bir daha \u0259min olmaq m\u00fcmk\u00fcnd\u00fcr. M\u0259n, h\u0259m\u00e7inin b\u00fct\u00fcn k\u00f6n\u00fcll\u00fcl\u0259r\u0259, Az\u0259rbaycan\u0131n Ukraynal\u0131 Qad\u0131nlar\u0131 Birliyinin \u00fczvl\u0259rin\u0259 bu c\u00fcr g\u00f6z\u0259l t\u0259dbirin t\u0259\u015fkilind\u0259 g\u00f6st\u0259rdikl\u0259ri d\u0259st\u0259y\u0259 g\u00f6r\u0259 t\u0259\u015f\u0259kk\u00fcr etm\u0259k ist\u0259yir\u0259m\u201d.<\/p>\n\n\n\n<p>Ukrayna v\u0259 Az\u0259rbaycan dill\u0259rind\u0259 v\u0259 iki xalq\u0131n milli geyiml\u0259ri il\u0259 ke\u00e7iril\u0259n konsert bayrama x\u00fcsusi ovqat b\u0259x\u015f edib. S\u0259hn\u0259d\u0259 Ukrayna v\u0259 Az\u0259rbaycan mahn\u0131lar\u0131 s\u0259sl\u0259ndirilib, \u201c1001 nights\u201d xoreoqrafiya studiyas\u0131 \u201cMarusya\u201d Ukrayna r\u0259sqi v\u0259 Qaraba\u011f yall\u0131s\u0131 il\u0259 \u00e7\u0131x\u0131\u015f edib.<\/p>\n\n\n\n<p>Vesnyanka t\u0259dbirinin \u0259sas m\u0259qs\u0259dl\u0259rind\u0259n biri d\u0259 m\u00fcharib\u0259d\u0259n \u0259ziyy\u0259t \u00e7\u0259k\u0259n Ukrayna sakinl\u0259rin\u0259 xeyriyy\u0259 yard\u0131m\u0131d\u0131r. Bel\u0259 ki, festival \u00e7\u0259r\u00e7iv\u0259sind\u0259 \u201cEaster Charity Market\u201d xeyriyy\u0259 yarmarkas\u0131 olub. \u018fld\u0259 olunan v\u0259sait \u0259rzaq m\u0259hsullar\u0131 almaq \u00fc\u00e7\u00fcn ukrayanl\u0131lara yard\u0131m \u00fczr\u0259 beyn\u0259lxalq q\u0259rargaha t\u0259qdim edil\u0259c\u0259k.<\/p>\n\n\n\n<p>T\u0259dbirin qonaqlar\u0131 aras\u0131nda Avropa \u0130ttifaq\u0131n\u0131n Az\u0259rbaycandak\u0131 s\u0259firi Petr Mixalkov, Slovakiyan\u0131n \u00f6lk\u0259mizd\u0259ki s\u0259firi Milan Lay\u00e7aka, Ukrayna v\u0259 Pol\u015fa s\u0259firlikl\u0259rinin n\u00fcmay\u0259nd\u0259l\u0259ri olublar.<\/p>\n\n\n\n<p><strong>M\u0259nb\u0259: <a href=\"https:\/\/azertag.az\/\">https:\/\/azertag.az\/<\/a><\/strong><\/p>\n","protected":false},"excerpt":{"rendered":"<p>Bak\u0131da birinci Vesnyanka Ukrayna-Az\u0259rbaycan xeyriyy\u0259 bahar yarmarkas\u0131 olub. AZ\u018fRTAC&nbsp;x\u0259b\u0259r verir ki, t\u0259dbiri diplomatik korpus, media, ictimaiyy\u0259t n\u00fcmay\u0259nd\u0259l\u0259ri ziyar\u0259t edibl\u0259r. Onlar bununla yarmarkan\u0131n t\u0259\u015fkilat\u00e7\u0131lar\u0131na, Vesnyanka ideyas\u0131na uy\u011fun d\u0259y\u0259rl\u0259r\u0259 ehtiramlar\u0131n\u0131 ifad\u0259 edibl\u0259r. Yarmarkan\u0131n \u201cQ\u0259dim zamandan m\u00fcasir d\u00f6vr\u0259d\u0259k. Novruz v\u0259 Vesnyankadan Pasxaya q\u0259d\u0259r\u201d r\u0259mzi devizi multikulturalizm ideyalar\u0131n\u0131 t\u0259bli\u011f etm\u0259kl\u0259 yana\u015f\u0131, eyni zamanda, az\u0259rbaycanl\u0131lar\u0131n Ukraynan\u0131n bahar \u0259n\u0259n\u0259l\u0259ri il\u0259 tan\u0131\u015fl\u0131\u011f\u0131n\u0131, [&hellip;]<\/p>\n","protected":false},"author":2,"featured_media":0,"comment_status":"open","ping_status":"open","sticky":false,"template":"","format":"standard","meta":{"footnotes":""},"categories":[49],"tags":[],"class_list":["post-45669","post","type-post","status-publish","format-standard","hentry","category-medeniyyat"],"_links":{"self":[{"href":"http:\/\/edebiyyat-az.com\/index.php?rest_route=\/wp\/v2\/posts\/45669","targetHints":{"allow":["GET"]}}],"collection":[{"href":"http:\/\/edebiyyat-az.com\/index.php?rest_route=\/wp\/v2\/posts"}],"about":[{"href":"http:\/\/edebiyyat-az.com\/index.php?rest_route=\/wp\/v2\/types\/post"}],"author":[{"embeddable":true,"href":"http:\/\/edebiyyat-az.com\/index.php?rest_route=\/wp\/v2\/users\/2"}],"replies":[{"embeddable":true,"href":"http:\/\/edebiyyat-az.com\/index.php?rest_route=%2Fwp%2Fv2%2Fcomments&post=45669"}],"version-history":[{"count":1,"href":"http:\/\/edebiyyat-az.com\/index.php?rest_route=\/wp\/v2\/posts\/45669\/revisions"}],"predecessor-version":[{"id":45679,"href":"http:\/\/edebiyyat-az.com\/index.php?rest_route=\/wp\/v2\/posts\/45669\/revisions\/45679"}],"wp:attachment":[{"href":"http:\/\/edebiyyat-az.com\/index.php?rest_route=%2Fwp%2Fv2%2Fmedia&parent=45669"}],"wp:term":[{"taxonomy":"category","embeddable":true,"href":"http:\/\/edebiyyat-az.com\/index.php?rest_route=%2Fwp%2Fv2%2Fcategories&post=45669"},{"taxonomy":"post_tag","embeddable":true,"href":"http:\/\/edebiyyat-az.com\/index.php?rest_route=%2Fwp%2Fv2%2Ftags&post=45669"}],"curies":[{"name":"wp","href":"https:\/\/api.w.org\/{rel}","templated":true}]}}