{"id":45737,"date":"2023-04-24T11:00:00","date_gmt":"2023-04-24T07:00:00","guid":{"rendered":"https:\/\/edebiyyat-az.com\/?p=45737"},"modified":"2023-04-24T15:12:08","modified_gmt":"2023-04-24T11:12:08","slug":"milli-mugam-musabiq%c9%99sinin-secim-turunun-birinci-m%c9%99rh%c9%99l%c9%99si-baslayib","status":"publish","type":"post","link":"http:\/\/edebiyyat-az.com\/?p=45737","title":{"rendered":"Milli Mu\u011fam M\u00fcsabiq\u0259sinin se\u00e7im turunun birinci m\u0259rh\u0259l\u0259si ba\u015flay\u0131b"},"content":{"rendered":"\n<figure class=\"wp-block-image size-large\"><img decoding=\"async\" src=\"https:\/\/azertag.az\/files\/2023\/1\/1200x630\/16823181473493736759_1200x630.jpg\" alt=\"\"\/><\/figure>\n\n\n\n<p>Aprelin 24-d\u0259 Az\u0259rbaycan Milli Konservatoriyas\u0131nda Heyd\u0259r \u018fliyev Fondunun t\u0259\u015f\u0259bb\u00fcs\u00fc il\u0259 n\u00f6vb\u0259ti Milli Mu\u011fam M\u00fcsabiq\u0259si ba\u015flay\u0131b.<\/p>\n\n\n\n<p><a href=\"https:\/\/azertag.az\/\" target=\"_blank\" rel=\"noreferrer noopener\">AZ\u018fRTAC<\/a>&nbsp;x\u0259b\u0259r verir ki, Heyd\u0259r \u018fliyev Fondu v\u0259 M\u0259d\u0259niyy\u0259t Nazirliyinin t\u0259\u015fkilat\u00e7\u0131l\u0131\u011f\u0131, Elm v\u0259 T\u0259hsil Nazirliyinin, Az\u0259rbaycan Milli Konservatoriyas\u0131n\u0131n d\u0259st\u0259yi il\u0259 ke\u00e7iril\u0259n m\u00fcsabiq\u0259nin 1-ci turu aprelin 24-25-i, 2-ci turu is\u0259 aprelin 26-da ke\u00e7iril\u0259c\u0259k. Aprelin 30-da is\u0259 m\u00fcsabiq\u0259nin yekun konserti olacaq.<\/p>\n\n\n\n<p>Qeyd ed\u0259k ki, Milli Mu\u011fam M\u00fcsabiq\u0259si xan\u0259nd\u0259 v\u0259 instrumental ifa\u00e7\u0131l\u0131q kateqoriyalar\u0131 \u00fczr\u0259 ke\u00e7irilir. \u0130nstrumental ifa\u00e7\u0131l\u0131q \u00fczr\u0259 m\u00fcnsifl\u0259r hey\u0259tinin s\u0259dri, Milli Konservatoriyan\u0131n rektoru, Xalq artisti Siyavu\u015f K\u0259rimi, \u00fczvl\u0259ri is\u0259 Xalq artistl\u0259ri F\u0259xr\u0259ddin Dada\u015fov, M\u00f6hl\u0259t M\u00fcsl\u00fcmov, \u018fm\u0259kdar artistl\u0259r \u015eirzad F\u0259t\u0259liyev, \u00c7inar\u0259 Heyd\u0259rovad\u0131r.<\/p>\n\n\n\n<p>Xan\u0259nd\u0259lik \u00fczr\u0259 m\u00fcnsifl\u0259r hey\u0259tinin s\u0259dri, Milli Konservatoriyan\u0131n rektoru, Xalq artisti Siyavu\u015f K\u0259rimi, \u00fczvl\u0259ri is\u0259 Xalq artistl\u0259ri S\u0259kin\u0259 \u0130smay\u0131lova, M\u0259nsum \u0130brahimov, Zabit N\u0259bizad\u0259, \u018fm\u0259kdar artist Q\u0259z\u0259nf\u0259r Abbasovdur.<\/p>\n\n\n\n<p>Aprelin 26-da xan\u0259nd\u0259 v\u0259 instrumental ifa kateqoriyalar\u0131 \u00fczr\u0259 qalibl\u0259r se\u00e7il\u0259c\u0259k. Xan\u0259nd\u0259 v\u0259 instrumental kateqoriyalar\u0131nda 1, 2 v\u0259 3-c\u00fc yerin h\u0259r bir qalibi m\u00fcvafiq olaraq 7 000, 5 000 v\u0259 3 000 AZN m\u00fckafat qazanacaq.<\/p>\n\n\n\n<p>Milli Mu\u011fam M\u00fcsabiq\u0259sinin qalibl\u0259ri-xan\u0259nd\u0259 v\u0259 instrumental ifa \u00fczr\u0259 birinci yeri tutan i\u015ftirak\u00e7\u0131lar \u00f6lk\u0259mizi \u201cMu\u011fam al\u0259mi\u201d 6-c\u0131 Beyn\u0259lxalq Mu\u011fam Festival\u0131nda t\u0259msil ed\u0259c\u0259k.<\/p>\n\n\n\n<p>Qeyd ed\u0259k ki, son ill\u0259r Az\u0259rbaycanda mu\u011fam\u0131n qorunmas\u0131 v\u0259 inki\u015faf\u0131 istiqam\u0259tind\u0259 fundamental i\u015fl\u0259r g\u00f6r\u00fcl\u00fcb. Heyd\u0259r \u018fliyev Fondunun prezidenti Mehriban \u018fliyevan\u0131n milli m\u0259d\u0259niyy\u0259timiz\u0259, mu\u011fam s\u0259n\u0259tin\u0259 g\u00f6st\u0259rdiyi d\u0259st\u0259yin v\u0259 bu istiqam\u0259td\u0259 apar\u0131lan i\u015fl\u0259rin n\u0259tic\u0259sidir ki, Az\u0259rbaycan mu\u011famlar\u0131 2008-ci ild\u0259 UNESCO-nun B\u0259\u015f\u0259riyy\u0259tin Qeyri-maddi \u0130rsi \u00fczr\u0259 Reprezentativ Siyah\u0131s\u0131na daxil edilib.<\/p>\n\n\n\n<p>Xat\u0131rladaq ki, Heyd\u0259r \u018fliyev Fondunun t\u0259\u015f\u0259bb\u00fcs\u00fc il\u0259 2009-cu ild\u0259n Milli Mu\u011fam m\u00fcsabiq\u0259l\u0259ri v\u0259 Beyn\u0259lxalq Mu\u011fam festivallar\u0131 t\u0259\u015fkil olunur. Bu layih\u0259l\u0259r milli s\u0259rv\u0259timiz olan mu\u011fam\u0131 d\u00fcnya m\u0259d\u0259niyy\u0259ti kontekstind\u0259 bir daha n\u00fcmayi\u015f etdirm\u0259k v\u0259 ya\u015fatmaq m\u0259qs\u0259di da\u015f\u0131y\u0131r.<\/p>\n\n\n\n<p><strong>M\u0259nb\u0259:\u00a0<a href=\"https:\/\/azertag.az\/\">https:\/\/azertag.az\/<\/a><\/strong><\/p>\n","protected":false},"excerpt":{"rendered":"<p>Aprelin 24-d\u0259 Az\u0259rbaycan Milli Konservatoriyas\u0131nda Heyd\u0259r \u018fliyev Fondunun t\u0259\u015f\u0259bb\u00fcs\u00fc il\u0259 n\u00f6vb\u0259ti Milli Mu\u011fam M\u00fcsabiq\u0259si ba\u015flay\u0131b. AZ\u018fRTAC&nbsp;x\u0259b\u0259r verir ki, Heyd\u0259r \u018fliyev Fondu v\u0259 M\u0259d\u0259niyy\u0259t Nazirliyinin t\u0259\u015fkilat\u00e7\u0131l\u0131\u011f\u0131, Elm v\u0259 T\u0259hsil Nazirliyinin, Az\u0259rbaycan Milli Konservatoriyas\u0131n\u0131n d\u0259st\u0259yi il\u0259 ke\u00e7iril\u0259n m\u00fcsabiq\u0259nin 1-ci turu aprelin 24-25-i, 2-ci turu is\u0259 aprelin 26-da ke\u00e7iril\u0259c\u0259k. Aprelin 30-da is\u0259 m\u00fcsabiq\u0259nin yekun konserti olacaq. Qeyd ed\u0259k [&hellip;]<\/p>\n","protected":false},"author":2,"featured_media":0,"comment_status":"open","ping_status":"open","sticky":false,"template":"","format":"standard","meta":{"footnotes":""},"categories":[49],"tags":[],"class_list":["post-45737","post","type-post","status-publish","format-standard","hentry","category-medeniyyat"],"_links":{"self":[{"href":"http:\/\/edebiyyat-az.com\/index.php?rest_route=\/wp\/v2\/posts\/45737","targetHints":{"allow":["GET"]}}],"collection":[{"href":"http:\/\/edebiyyat-az.com\/index.php?rest_route=\/wp\/v2\/posts"}],"about":[{"href":"http:\/\/edebiyyat-az.com\/index.php?rest_route=\/wp\/v2\/types\/post"}],"author":[{"embeddable":true,"href":"http:\/\/edebiyyat-az.com\/index.php?rest_route=\/wp\/v2\/users\/2"}],"replies":[{"embeddable":true,"href":"http:\/\/edebiyyat-az.com\/index.php?rest_route=%2Fwp%2Fv2%2Fcomments&post=45737"}],"version-history":[{"count":1,"href":"http:\/\/edebiyyat-az.com\/index.php?rest_route=\/wp\/v2\/posts\/45737\/revisions"}],"predecessor-version":[{"id":45747,"href":"http:\/\/edebiyyat-az.com\/index.php?rest_route=\/wp\/v2\/posts\/45737\/revisions\/45747"}],"wp:attachment":[{"href":"http:\/\/edebiyyat-az.com\/index.php?rest_route=%2Fwp%2Fv2%2Fmedia&parent=45737"}],"wp:term":[{"taxonomy":"category","embeddable":true,"href":"http:\/\/edebiyyat-az.com\/index.php?rest_route=%2Fwp%2Fv2%2Fcategories&post=45737"},{"taxonomy":"post_tag","embeddable":true,"href":"http:\/\/edebiyyat-az.com\/index.php?rest_route=%2Fwp%2Fv2%2Ftags&post=45737"}],"curies":[{"name":"wp","href":"https:\/\/api.w.org\/{rel}","templated":true}]}}