{"id":45739,"date":"2023-04-24T12:00:00","date_gmt":"2023-04-24T08:00:00","guid":{"rendered":"https:\/\/edebiyyat-az.com\/?p=45739"},"modified":"2023-04-24T15:12:28","modified_gmt":"2023-04-24T11:12:28","slug":"umumdunya-kitab-v%c9%99-mu%c9%99lliflik-huququ-gunun%c9%99-h%c9%99sr-olunmus-virtual-s%c9%99rgi-hazirlanib","status":"publish","type":"post","link":"http:\/\/edebiyyat-az.com\/?p=45739","title":{"rendered":"\u00dcmumd\u00fcnya Kitab v\u0259 M\u00fc\u0259lliflik H\u00fcququ G\u00fcn\u00fcn\u0259 h\u0259sr olunmu\u015f virtual s\u0259rgi haz\u0131rlan\u0131b"},"content":{"rendered":"\n<figure class=\"wp-block-image size-large\"><img decoding=\"async\" src=\"https:\/\/azertag.az\/files\/2023\/1\/1200x630\/16822661236531042832_1200x630.jpg\" alt=\"\"\/><\/figure>\n\n\n\n<p>23 Aprel \u2013 \u00dcmumd\u00fcnya Kitab v\u0259 M\u00fc\u0259lliflik H\u00fcququ G\u00fcn\u00fc m\u00fcnasib\u0259tl\u0259 Milli Kitabxanan\u0131n \u0259m\u0259kda\u015flar\u0131 t\u0259r\u0259find\u0259n virtual s\u0259rgi haz\u0131rlan\u0131b.<\/p>\n\n\n\n<p>Kitabxanadan&nbsp;<a href=\"https:\/\/azertag.az\/\" target=\"_blank\" rel=\"noreferrer noopener\">AZ\u018fRTAC<\/a>-a bildirilib ki, virtual s\u0259rgid\u0259 fotolar, m\u00f6vzu il\u0259 \u0259laq\u0259dar kitab v\u0259 d\u00f6vri m\u0259tbuatda d\u0259rc olunan m\u0259qal\u0259l\u0259r n\u00fcmayi\u015f olunur.<\/p>\n\n\n\n<p>Virtual s\u0259rgi il\u0259 tan\u0131\u015f olmaq ist\u0259y\u0259nl\u0259r&nbsp;<a href=\"http:\/\/anl.az\/el\/vsb\/Umumdunya_Kitab_ve_Muelliflik_Huququ_Gunu\/index.htm\" target=\"_blank\" rel=\"noreferrer noopener\">&nbsp;linkl\u0259rind\u0259n<\/a>&nbsp;istifad\u0259 ed\u0259 bil\u0259rl\u0259r.<\/p>\n\n\n\n<p>Qeyd ed\u0259k ki, 23 Aprel \u2013 \u00dcmumd\u00fcnya Kitab v\u0259 M\u00fc\u0259lliflik H\u00fcququ G\u00fcn\u00fc kimi qeyd olunur. Bu \u0259lam\u0259tdar g\u00fcn UNESCO-nun 1995-ci il noyabr\u0131n 15-d\u0259 Parisd\u0259 ke\u00e7iril\u0259n 28-ci sessiyas\u0131nda elan edilib. Bu tarix d\u00fcnya \u0259d\u0259biyyat\u0131nda simvolik tarixdir. Uilyam \u015eekspir, Migel Servantes v\u0259 \u0130nka Qarsilaso dela Veqa kimi bir s\u0131ra g\u00f6rk\u0259mli m\u00fc\u0259llifl\u0259rin v\u0259fat etdiyi g\u00fcnd\u00fcr. H\u0259min tarix kitablara v\u0259 m\u00fc\u0259llifl\u0259r\u0259 d\u00fcnya miqyas\u0131nda ehtiram g\u00f6st\u0259rm\u0259k, h\u0259r k\u0259si b\u0259\u015f\u0259riyy\u0259tin m\u0259kan v\u0259 zaman s\u0259rh\u0259dl\u0259rini a\u015faraq ideyalar\u0131 payla\u015fmaq \u00fc\u00e7\u00fcn \u0259n g\u00f6z\u0259l ixtira, h\u0259m\u00e7inin yoxsullu\u011fun aradan qald\u0131r\u0131lmas\u0131 v\u0259 s\u00fclh\u00fcn b\u0259rq\u0259rar edilm\u0259sinin ba\u015fl\u0131ca q\u00fcvv\u0259si olan \u2013 kitablar\u0131 \u0259ld\u0259 etm\u0259y\u0259 t\u0259\u015fviq etm\u0259k m\u0259qs\u0259dil\u0259 1995-ci ild\u0259 Parisd\u0259 ke\u00e7irilmi\u015f UNESCO-nun Ba\u015f Konfrans\u0131n\u0131n t\u0259bii se\u00e7imi idi.<\/p>\n\n\n\n<p>\u00dcmumd\u00fcnya Kitab v\u0259 M\u00fc\u0259lliflik H\u00fcququ G\u00fcn\u00fcn\u00fcn qeyd edilm\u0259si kitablardan v\u0259 m\u00fctali\u0259d\u0259n z\u00f6vq alma\u011f\u0131 t\u0259\u015fviq edir. Ke\u00e7mi\u015fl\u0259 g\u0259l\u0259c\u0259k aras\u0131nda \u0259laq\u0259, n\u0259sill\u0259r v\u0259 m\u0259d\u0259niyy\u0259tl\u0259r aras\u0131nda bir k\u00f6rp\u00fc olan kitab\u0131n sehrli g\u00fcc\u00fcn\u00fc tan\u0131maq \u00fc\u00e7\u00fcn h\u0259r il 23 aprel tarixind\u0259 b\u00fct\u00fcn d\u00fcnyada t\u0259dbirl\u0259r ke\u00e7irilir.<\/p>\n\n\n\n<p>Az\u0259rbaycan Respublikas\u0131nda da bu \u0259lam\u0259tdar tarix 1997-ci ild\u0259n qeyd olunur.<\/p>\n\n\n\n<p><strong>M\u0259nb\u0259:\u00a0<a href=\"https:\/\/azertag.az\/\">https:\/\/azertag.az\/<\/a><\/strong><\/p>\n","protected":false},"excerpt":{"rendered":"<p>23 Aprel \u2013 \u00dcmumd\u00fcnya Kitab v\u0259 M\u00fc\u0259lliflik H\u00fcququ G\u00fcn\u00fc m\u00fcnasib\u0259tl\u0259 Milli Kitabxanan\u0131n \u0259m\u0259kda\u015flar\u0131 t\u0259r\u0259find\u0259n virtual s\u0259rgi haz\u0131rlan\u0131b. Kitabxanadan&nbsp;AZ\u018fRTAC-a bildirilib ki, virtual s\u0259rgid\u0259 fotolar, m\u00f6vzu il\u0259 \u0259laq\u0259dar kitab v\u0259 d\u00f6vri m\u0259tbuatda d\u0259rc olunan m\u0259qal\u0259l\u0259r n\u00fcmayi\u015f olunur. Virtual s\u0259rgi il\u0259 tan\u0131\u015f olmaq ist\u0259y\u0259nl\u0259r&nbsp;&nbsp;linkl\u0259rind\u0259n&nbsp;istifad\u0259 ed\u0259 bil\u0259rl\u0259r. Qeyd ed\u0259k ki, 23 Aprel \u2013 \u00dcmumd\u00fcnya Kitab v\u0259 M\u00fc\u0259lliflik H\u00fcququ G\u00fcn\u00fc [&hellip;]<\/p>\n","protected":false},"author":2,"featured_media":0,"comment_status":"open","ping_status":"open","sticky":false,"template":"","format":"standard","meta":{"footnotes":""},"categories":[49],"tags":[],"class_list":["post-45739","post","type-post","status-publish","format-standard","hentry","category-medeniyyat"],"_links":{"self":[{"href":"http:\/\/edebiyyat-az.com\/index.php?rest_route=\/wp\/v2\/posts\/45739","targetHints":{"allow":["GET"]}}],"collection":[{"href":"http:\/\/edebiyyat-az.com\/index.php?rest_route=\/wp\/v2\/posts"}],"about":[{"href":"http:\/\/edebiyyat-az.com\/index.php?rest_route=\/wp\/v2\/types\/post"}],"author":[{"embeddable":true,"href":"http:\/\/edebiyyat-az.com\/index.php?rest_route=\/wp\/v2\/users\/2"}],"replies":[{"embeddable":true,"href":"http:\/\/edebiyyat-az.com\/index.php?rest_route=%2Fwp%2Fv2%2Fcomments&post=45739"}],"version-history":[{"count":1,"href":"http:\/\/edebiyyat-az.com\/index.php?rest_route=\/wp\/v2\/posts\/45739\/revisions"}],"predecessor-version":[{"id":45748,"href":"http:\/\/edebiyyat-az.com\/index.php?rest_route=\/wp\/v2\/posts\/45739\/revisions\/45748"}],"wp:attachment":[{"href":"http:\/\/edebiyyat-az.com\/index.php?rest_route=%2Fwp%2Fv2%2Fmedia&parent=45739"}],"wp:term":[{"taxonomy":"category","embeddable":true,"href":"http:\/\/edebiyyat-az.com\/index.php?rest_route=%2Fwp%2Fv2%2Fcategories&post=45739"},{"taxonomy":"post_tag","embeddable":true,"href":"http:\/\/edebiyyat-az.com\/index.php?rest_route=%2Fwp%2Fv2%2Ftags&post=45739"}],"curies":[{"name":"wp","href":"https:\/\/api.w.org\/{rel}","templated":true}]}}