{"id":45792,"date":"2023-04-25T10:00:00","date_gmt":"2023-04-25T06:00:00","guid":{"rendered":"http:\/\/edebiyyat-az.com\/?p=45792"},"modified":"2023-04-25T17:57:10","modified_gmt":"2023-04-25T13:57:10","slug":"s%c9%99fa-v%c9%99liyevanin-d%c9%99rgizan-d%c9%99rgisind%c9%99-d%c9%99rc-olunan-seirl%c9%99ri","status":"publish","type":"post","link":"http:\/\/edebiyyat-az.com\/?p=45792","title":{"rendered":"\u015e\u0259fa V\u018fL\u0130YEVAn\u0131n &#8220;D\u0259rgizan&#8221; d\u0259rgisind\u0259 d\u0259rc olunan \u015feirl\u0259ri"},"content":{"rendered":"\n<figure class=\"wp-block-image size-full\"><a href=\"http:\/\/edebiyyat-az.com\/wp-content\/uploads\/2023\/04\/S\u0259fa-V\u0259liyeva.jpg\"><img decoding=\"async\" src=\"http:\/\/edebiyyat-az.com\/wp-content\/uploads\/2023\/04\/S\u0259fa-V\u0259liyeva.jpg\" alt=\"\" class=\"wp-image-45793\"\/><\/a><\/figure>\n\n\n\n<p><\/p>\n\n\n\n<p>\u201c<strong>G\u0259nc \u018fdibl\u0259r M\u0259kt\u0259bi\u201dnin m\u00fcdavimi, Az\u0259rbaycan Yaz\u0131\u00e7\u0131lar Birliyi G\u0259ncl\u0259r \u015euras\u0131n\u0131n v\u0259 Az\u0259rbaycan Jurnalistl\u0259r Birliyinin \u00fczv\u00fc, Prezident t\u0259qa\u00fcd\u00e7\u00fcs\u00fc, \u201c\u0130lin g\u0259nci\u201d m\u00fcfakat\u00e7\u0131s\u0131, Az\u0259rbaycan\u0131n M\u0259d\u0259niyy\u0259t v\u0259 \u018fd\u0259biyyat Portal\u0131n\u0131n Ba\u015f redaktoru<\/strong><\/p>\n\n\n\n<p>E\u015fqd\u0259n Oxuma<\/p>\n\n\n\n<p>Ay q\u0131rm\u0131z\u0131 papaql\u0131,<br>Ay ham\u0131dan k\u00fcs\u0259n q\u0131z\u2026<br>\u018fll\u0259ri umacaql\u0131,<br>Boy-buxunu s\u00fcs\u0259n q\u0131z\u2026<\/p>\n\n\n\n<p>Yen\u0259 kim\u0259 inand\u0131n?<br>Aldadan tap\u0131ld\u0131m\u0131?<br>\u201cDa\u011f haqq\u0131\u201dyd\u0131m\u0131 and\u0131n,<br>Da\u011flarda haqq qald\u0131m\u0131?<\/p>\n\n\n\n<p>Yazd\u0131\u011f\u0131n \u201cson mesajla\u201d<br>Hans\u0131 qar\u011f\u0131\u015f yol ald\u0131?<br>Bir s\u0259r\u00e7\u0259 qay\u011f\u0131s\u0131yla<br>Ke\u00e7m\u0259diyin yol qald\u0131?<\/p>\n\n\n\n<p>Ay q\u0131rm\u0131z\u0131 papaql\u0131,<br>Sa\u00e7\u0131 daraqtan\u0131maz\u2026<br>E\u015fqi \u201cba\u015f\u0131 qapazl\u0131\u201d,<br>Arzular\u0131 g\u00fcla\u00e7maz\u2026<\/p>\n\n\n\n<p>\u00d6mr\u00fcn \u00f6n\u00fcnd\u0259n \u00e7\u0259kil,<br>N\u0259 olacaq, olacaq\u2026<br>\u0130kimizd\u0259n bir \u015f\u0259kil,<br>Bir xatir\u0259 qalacaq\u2026<\/p>\n\n\n\n<p>A\u00e7 sa\u00e7\u0131n\u0131, t\u00f6k \u00fcz\u0259,<br>Qocalmaqdan da qorxma\u2026<br>Bir bayat\u0131 \u00e7\u0259k biz\u0259,<br>V\u0259 d\u0259, e\u015fqd\u0259n oxuma\u2026<\/p>\n\n\n\n<p>2022<\/p>\n\n\n\n<p>Qara Pi\u015fik<\/p>\n\n\n\n<p>\u015e\u0259kinin duman\u0131 nazlan\u0131r ax\u0131,<br>\u00c7\u0259kir \u00fcr\u0259yimi pi\u015fik dala\u015f\u0131,<br>Qon\u015fuda s\u00f6z qal\u0131b: qap\u0131aras\u0131,<br>Q\u0131zlar\u0131n g\u00f6y\u00e7\u0259yi piyada g\u0259zmir,<br>Naza h\u0259sr\u0259t da\u015flar k\u00fc\u00e7\u0259 h\u0259yas\u0131\u2026<br>\u0130ndi nec\u0259 edim, n\u0259 deyim ki m\u0259n<br>Olmay\u0131m dumanda nazdan naraz\u0131?<\/p>\n\n\n\n<p>\u015e\u00fc\u015f\u0259d\u0259n r\u00fcb\u0259ndl\u0259r d\u0259b\u0259 d\u00fc\u015f\u0259nd\u0259n,<br>Gizl\u0259nir eyvanlar p\u0259rd\u0259 dal\u0131nda\u2026<br>\u2026Yaman \u00e7\u0259kinir\u0259m qara pi\u015fikd\u0259n<br>Pusur h\u0259nirimi qap\u0131 dal\u0131nda\u2026<br>Naz\u0131n \u00e7\u0259km\u0259diyim boz pi\u015fikl\u0259rin<br>\u201cah\u201d qoxur k\u00fcs\u0259y\u0259n m\u0131r\u0131lt\u0131lar\u0131\u2026<br>\u015e\u0259kinin duman\u0131 nazlan\u0131r ax\u0131\u2026<\/p>\n\n\n\n<p>Bir naz da m\u0259n atd\u0131m xatir\u0259l\u0259r\u0259,<br>Bu g\u00fcn d\u0259 yad\u0131ma salmad\u0131m s\u0259ni\u2026<br>\u2026N\u0259 eyvan, n\u0259 d\u0259 ki pi\u015fik deyil\u0259m,<br>Qat\u0131m ab\u0131r\u0131ma, aldad\u0131m s\u0259ni\u2026<br>M\u0259nimki, uza\u011f\u0131, birc\u0259 tumard\u0131,<br>\u00c7\u0259k\u0259s\u0259n ruhuma, d\u00f6n\u0259m olam mum\u2026<br>\u2026bilir\u0259m\u2026<br>Bilir\u0259m, g\u00f6z\u0259l axtaran,<br>\u015e\u0259kid\u0259 eyvan da, qara pi\u015fik d\u0259,<br>Bu da\u015fl\u0131 yollarda \u00f6l\u0259n \u00fcmid d\u0259,<br>Lap el\u0259 \u015e\u0259kinin \u00f6z\u00fc d\u0259 m\u0259sum\u2026<br>\u2026Bir m\u0259n g\u00fcnahkaram\u2026<br>Bir d\u0259, ayr\u0131l\u0131q\u2026<br>\u015e\u0259kinin duman\u0131 nazlan\u0131r ax\u0131\u2026<\/p>\n\n\n\n<p>2022<\/p>\n\n\n\n<p>\u00c7\u0259hray\u0131 \u00c7i\u00e7\u0259k<\/p>\n\n\n\n<p>S\u0259n\u0259 bir \u00e7\u0259hray\u0131 \u00e7i\u00e7\u0259k alm\u0131\u015fam\u2026<br>Atm\u0131\u015fam \u00f6z\u00fcm\u00fc g\u00fcnah e\u015fqin\u0259,<br>Parlayan h\u0259yat\u0131n z\u0259r-xaras\u0131na\u2026<br>Asm\u0131\u015fam \u00f6z\u00fcm\u00fc g\u00fcnah e\u015fqimd\u0259n,<br>Dem\u0259, oynam\u0131\u015fam d\u0259rd havas\u0131na\u2026<\/p>\n\n\n\n<p>Bir ya\u015f\u0131l salm\u0131\u015fam ovcumdan, dem\u0259,<br>Bir sar\u0131 ili\u015fib yanaqlar\u0131ma\u2026<br>Bir \u0259l\u00e7im t\u0259b\u0259ss\u00fcm s\u0259rmi\u015f\u0259m yen\u0259<br>H\u0259yat\u0131n \u201cpiyada zolaqlar\u0131na\u2026\u201d<\/p>\n\n\n\n<p>Mavil\u0259r b\u0259z\u0259nir qara nax\u0131\u015fla,<br>Bozlar\u0131 sevm\u0259yi h\u00fcn\u0259r sanm\u0131\u015fam\u2026<br>S\u0259ni boyam\u0131\u015fam r\u0259ng-r\u0259ng\u2026<br>Ba\u011f\u0131\u015fla\u2026<br>\u2026 Bilmi\u015f\u0259m\u2026<br>\u2026g\u00f6rm\u00fc\u015f\u0259m\u2026<br>V\u0259 utanm\u0131\u015fam\u2026<br>S\u0259n\u0259 bir \u00e7\u0259hray\u0131 \u00e7i\u00e7\u0259k alm\u0131\u015fam\u2026<\/p>\n\n\n\n<p>(2023)<\/p>\n\n\n\n<p><strong>M\u0259nb\u0259: <a href=\"https:\/\/www.dergizan.com\/\">https:\/\/www.dergizan.com\/<\/a><\/strong><\/p>\n","protected":false},"excerpt":{"rendered":"<p>\u201cG\u0259nc \u018fdibl\u0259r M\u0259kt\u0259bi\u201dnin m\u00fcdavimi, Az\u0259rbaycan Yaz\u0131\u00e7\u0131lar Birliyi G\u0259ncl\u0259r \u015euras\u0131n\u0131n v\u0259 Az\u0259rbaycan Jurnalistl\u0259r Birliyinin \u00fczv\u00fc, Prezident t\u0259qa\u00fcd\u00e7\u00fcs\u00fc, \u201c\u0130lin g\u0259nci\u201d m\u00fcfakat\u00e7\u0131s\u0131, Az\u0259rbaycan\u0131n M\u0259d\u0259niyy\u0259t v\u0259 \u018fd\u0259biyyat Portal\u0131n\u0131n Ba\u015f redaktoru E\u015fqd\u0259n Oxuma Ay q\u0131rm\u0131z\u0131 papaql\u0131,Ay ham\u0131dan k\u00fcs\u0259n q\u0131z\u2026\u018fll\u0259ri umacaql\u0131,Boy-buxunu s\u00fcs\u0259n q\u0131z\u2026 Yen\u0259 kim\u0259 inand\u0131n?Aldadan tap\u0131ld\u0131m\u0131?\u201cDa\u011f haqq\u0131\u201dyd\u0131m\u0131 and\u0131n,Da\u011flarda haqq qald\u0131m\u0131? Yazd\u0131\u011f\u0131n \u201cson mesajla\u201dHans\u0131 qar\u011f\u0131\u015f yol ald\u0131?Bir s\u0259r\u00e7\u0259 qay\u011f\u0131s\u0131ylaKe\u00e7m\u0259diyin yol qald\u0131? [&hellip;]<\/p>\n","protected":false},"author":2,"featured_media":0,"comment_status":"open","ping_status":"open","sticky":false,"template":"","format":"standard","meta":{"footnotes":""},"categories":[4],"tags":[],"class_list":["post-45792","post","type-post","status-publish","format-standard","hentry","category-edeb"],"_links":{"self":[{"href":"http:\/\/edebiyyat-az.com\/index.php?rest_route=\/wp\/v2\/posts\/45792","targetHints":{"allow":["GET"]}}],"collection":[{"href":"http:\/\/edebiyyat-az.com\/index.php?rest_route=\/wp\/v2\/posts"}],"about":[{"href":"http:\/\/edebiyyat-az.com\/index.php?rest_route=\/wp\/v2\/types\/post"}],"author":[{"embeddable":true,"href":"http:\/\/edebiyyat-az.com\/index.php?rest_route=\/wp\/v2\/users\/2"}],"replies":[{"embeddable":true,"href":"http:\/\/edebiyyat-az.com\/index.php?rest_route=%2Fwp%2Fv2%2Fcomments&post=45792"}],"version-history":[{"count":2,"href":"http:\/\/edebiyyat-az.com\/index.php?rest_route=\/wp\/v2\/posts\/45792\/revisions"}],"predecessor-version":[{"id":45795,"href":"http:\/\/edebiyyat-az.com\/index.php?rest_route=\/wp\/v2\/posts\/45792\/revisions\/45795"}],"wp:attachment":[{"href":"http:\/\/edebiyyat-az.com\/index.php?rest_route=%2Fwp%2Fv2%2Fmedia&parent=45792"}],"wp:term":[{"taxonomy":"category","embeddable":true,"href":"http:\/\/edebiyyat-az.com\/index.php?rest_route=%2Fwp%2Fv2%2Fcategories&post=45792"},{"taxonomy":"post_tag","embeddable":true,"href":"http:\/\/edebiyyat-az.com\/index.php?rest_route=%2Fwp%2Fv2%2Ftags&post=45792"}],"curies":[{"name":"wp","href":"https:\/\/api.w.org\/{rel}","templated":true}]}}