{"id":45804,"date":"2023-04-25T13:00:00","date_gmt":"2023-04-25T09:00:00","guid":{"rendered":"http:\/\/edebiyyat-az.com\/?p=45804"},"modified":"2023-04-25T18:32:46","modified_gmt":"2023-04-25T14:32:46","slug":"belqradda-gulnar%c9%99-x%c9%99lilovanin-qarabag-milli-geyiml%c9%99rinin-ekspozisiyasi-ugurla-t%c9%99qdim-olunub","status":"publish","type":"post","link":"http:\/\/edebiyyat-az.com\/?p=45804","title":{"rendered":"Belqradda G\u00fclnar\u0259 X\u0259lilovan\u0131n &#8220;Qaraba\u011f&#8221; milli geyiml\u0259rinin ekspozisiyas\u0131 u\u011furla t\u0259qdim olunub"},"content":{"rendered":"\n<figure class=\"wp-block-image size-large\"><img decoding=\"async\" src=\"https:\/\/azertag.az\/files\/galleryphoto\/2023\/1\/1000x669\/16824281222193933422_1000x669.jpg\" alt=\"\"\/><\/figure>\n\n\n\n<p>\u015eu\u015fa \u015f\u0259h\u0259rinin 2023-c\u00fc il \u00fc\u00e7\u00fcn \u201cT\u00fcrk d\u00fcnyas\u0131n\u0131n m\u0259d\u0259niyy\u0259t paytaxt\u0131\u201d elan edilm\u0259si il\u0259 \u0259laq\u0259dar aprelin Az\u0259rbaycan\u0131n Serbiyadak\u0131 s\u0259firliyinin t\u0259\u015fkilat\u00e7\u0131l\u0131\u011f\u0131, Beyn\u0259lxalq T\u00fcrk M\u0259d\u0259niyy\u0259ti T\u0259\u015fkilat\u0131n\u0131n (T\u00dcRKSOY) d\u0259st\u0259yi il\u0259 Belqrad \u015f\u0259h\u0259rind\u0259 Az\u0259rbaycan M\u0259d\u0259niyy\u0259t G\u00fcnl\u0259ri ke\u00e7irilib.<\/p>\n\n\n\n<p><a href=\"https:\/\/azertag.az\/\" target=\"_blank\" rel=\"noreferrer noopener\">AZ\u018fRTAC<\/a>&nbsp;x\u0259b\u0259r verir ki, \u201cOdlar Yurdu, Az\u0259rbaycan \u2013 Azerbaijan, The Land Of Fire&#8221; M\u0259d\u0259ni \u0130rs layih\u0259si \u00e7\u0259r\u00e7iv\u0259sind\u0259 Belqraddak\u0131 \u201cMadlena Art Palace\u201dda tan\u0131nm\u0131\u015f dizayner G\u00fclnar\u0259 X\u0259lilovan\u0131n &#8220;Qaraba\u011f&#8221; kolleksiyas\u0131ndan milli geyiml\u0259rin ekspozisiyas\u0131 t\u0259qdim edilib.<\/p>\n\n\n\n<p>\u00dc\u00e7 g\u00fcn \u0259rzind\u0259 t\u0259qdim olunan ekspozisiya t\u0259dbir qonaqlar\u0131n\u0131n v\u0259 K\u0130V-l\u0259rin b\u00f6y\u00fck mara\u011f\u0131na s\u0259b\u0259b olub.<\/p>\n\n\n\n<p>&#8220;Qonaqlar Az\u0259rbaycan\u0131n m\u0259d\u0259niyy\u0259ti v\u0259 \u0259n\u0259n\u0259l\u0259ri il\u0259 yax\u0131ndan maraqlan\u0131rd\u0131lar. Qaraba\u011f geyiminin Az\u0259rbaycan\u0131n z\u0259ngin m\u0259d\u0259ni irsind\u0259 x\u00fcsusi yeri var. Qaraba\u011f geyim m\u0259d\u0259niyy\u0259ti milli-m\u0259n\u0259vi v\u0259 maddi d\u0259y\u0259rl\u0259rimizin ayr\u0131lmaz t\u0259rkib hiss\u0259sidir. Kolleksiyan\u0131n h\u0259r bir n\u00fcmun\u0259si \u00f6z x\u00fcsusi ornamentl\u0259ri v\u0259 nax\u0131\u015flar\u0131, b\u0259dii x\u00fcsusiyy\u0259tl\u0259ri \u0259ks etdir\u0259n x\u00fcsusi elementl\u0259ri il\u0259 Qaraba\u011f\u0131n ayr\u0131-ayr\u0131 regionunu t\u0259c\u0259ss\u00fcm etdirir. Eyni zamanda, kolleksiya m\u00fcasir t\u0259l\u0259bl\u0259r\u0259 uy\u011fun olaraq stilize edilib&#8221;, \u2013 dey\u0259 dizayner bildirib.<\/p>\n\n\n\n<p>Az\u0259rbaycan M\u0259d\u0259niyy\u0259t G\u00fcnl\u0259ri \u00e7\u0259r\u00e7iv\u0259sind\u0259 inc\u0259s\u0259n\u0259t ustalar\u0131n\u0131n milli musiqi, mu\u011fam v\u0259 r\u0259qsl\u0259rl\u0259 konsert proqramlar\u0131 t\u0259qdim olunub, xal\u00e7alar, qurama v\u0259 s\u0259n\u0259t \u0259s\u0259rl\u0259ri n\u00fcmayi\u015f etdirilib. \u00d6lk\u0259mizin tarixi, m\u0259d\u0259niyy\u0259ti, milli musiqisi, habel\u0259 m\u00fcasir h\u0259yat t\u0259rzi v\u0259 reall\u0131qlar\u0131 bar\u0259d\u0259 ziyar\u0259t\u00e7il\u0259r\u0259 m\u0259lumat verilib.<\/p>\n\n\n\n<p><strong>M\u0259nb\u0259:\u00a0<a href=\"https:\/\/azertag.az\/\">https:\/\/azertag.az\/<\/a><\/strong><\/p>\n","protected":false},"excerpt":{"rendered":"<p>\u015eu\u015fa \u015f\u0259h\u0259rinin 2023-c\u00fc il \u00fc\u00e7\u00fcn \u201cT\u00fcrk d\u00fcnyas\u0131n\u0131n m\u0259d\u0259niyy\u0259t paytaxt\u0131\u201d elan edilm\u0259si il\u0259 \u0259laq\u0259dar aprelin Az\u0259rbaycan\u0131n Serbiyadak\u0131 s\u0259firliyinin t\u0259\u015fkilat\u00e7\u0131l\u0131\u011f\u0131, Beyn\u0259lxalq T\u00fcrk M\u0259d\u0259niyy\u0259ti T\u0259\u015fkilat\u0131n\u0131n (T\u00dcRKSOY) d\u0259st\u0259yi il\u0259 Belqrad \u015f\u0259h\u0259rind\u0259 Az\u0259rbaycan M\u0259d\u0259niyy\u0259t G\u00fcnl\u0259ri ke\u00e7irilib. AZ\u018fRTAC&nbsp;x\u0259b\u0259r verir ki, \u201cOdlar Yurdu, Az\u0259rbaycan \u2013 Azerbaijan, The Land Of Fire&#8221; M\u0259d\u0259ni \u0130rs layih\u0259si \u00e7\u0259r\u00e7iv\u0259sind\u0259 Belqraddak\u0131 \u201cMadlena Art Palace\u201dda tan\u0131nm\u0131\u015f dizayner G\u00fclnar\u0259 X\u0259lilovan\u0131n [&hellip;]<\/p>\n","protected":false},"author":2,"featured_media":0,"comment_status":"open","ping_status":"open","sticky":false,"template":"","format":"standard","meta":{"footnotes":""},"categories":[49],"tags":[],"class_list":["post-45804","post","type-post","status-publish","format-standard","hentry","category-medeniyyat"],"_links":{"self":[{"href":"http:\/\/edebiyyat-az.com\/index.php?rest_route=\/wp\/v2\/posts\/45804","targetHints":{"allow":["GET"]}}],"collection":[{"href":"http:\/\/edebiyyat-az.com\/index.php?rest_route=\/wp\/v2\/posts"}],"about":[{"href":"http:\/\/edebiyyat-az.com\/index.php?rest_route=\/wp\/v2\/types\/post"}],"author":[{"embeddable":true,"href":"http:\/\/edebiyyat-az.com\/index.php?rest_route=\/wp\/v2\/users\/2"}],"replies":[{"embeddable":true,"href":"http:\/\/edebiyyat-az.com\/index.php?rest_route=%2Fwp%2Fv2%2Fcomments&post=45804"}],"version-history":[{"count":1,"href":"http:\/\/edebiyyat-az.com\/index.php?rest_route=\/wp\/v2\/posts\/45804\/revisions"}],"predecessor-version":[{"id":45815,"href":"http:\/\/edebiyyat-az.com\/index.php?rest_route=\/wp\/v2\/posts\/45804\/revisions\/45815"}],"wp:attachment":[{"href":"http:\/\/edebiyyat-az.com\/index.php?rest_route=%2Fwp%2Fv2%2Fmedia&parent=45804"}],"wp:term":[{"taxonomy":"category","embeddable":true,"href":"http:\/\/edebiyyat-az.com\/index.php?rest_route=%2Fwp%2Fv2%2Fcategories&post=45804"},{"taxonomy":"post_tag","embeddable":true,"href":"http:\/\/edebiyyat-az.com\/index.php?rest_route=%2Fwp%2Fv2%2Ftags&post=45804"}],"curies":[{"name":"wp","href":"https:\/\/api.w.org\/{rel}","templated":true}]}}