{"id":45806,"date":"2023-04-25T14:00:00","date_gmt":"2023-04-25T10:00:00","guid":{"rendered":"http:\/\/edebiyyat-az.com\/?p=45806"},"modified":"2023-04-25T18:33:02","modified_gmt":"2023-04-25T14:33:02","slug":"beyn%c9%99lxalq-turk-m%c9%99d%c9%99niyy%c9%99ti-v%c9%99-irsi-fondunun-t%c9%99skilatciligi-il%c9%99-ana-tarla-tamasasinin-premyerasi-keciril%c9%99c%c9%99k","status":"publish","type":"post","link":"http:\/\/edebiyyat-az.com\/?p=45806","title":{"rendered":"Beyn\u0259lxalq T\u00fcrk M\u0259d\u0259niyy\u0259ti v\u0259 \u0130rsi Fondunun t\u0259\u015fkilat\u00e7\u0131l\u0131\u011f\u0131 il\u0259 \u201cAna tarla\u201d tama\u015fas\u0131n\u0131n premyeras\u0131 ke\u00e7iril\u0259c\u0259k"},"content":{"rendered":"\n<figure class=\"wp-block-image size-large\"><img decoding=\"async\" src=\"https:\/\/azertag.az\/files\/2023\/1\/1200x630\/16824268864887250495_1200x630.jpg\" alt=\"\"\/><\/figure>\n\n\n\n<p>Aprelin 26-da Beyn\u0259lxalq T\u00fcrk M\u0259d\u0259niyy\u0259ti v\u0259 \u0130rsi Fondu t\u0259r\u0259find\u0259n \u201cHeyd\u0259r \u018fliyev \u0130li\u201d \u00e7\u0259r\u00e7iv\u0259sind\u0259 T\u00fcrk d\u00fcnyas\u0131n\u0131n b\u00f6y\u00fck yaz\u0131\u00e7\u0131s\u0131 \u00c7ingiz Aytmatovun 95 illiyi m\u00fcnasib\u0259til\u0259 \u0259dibin \u201cAna tarla\u201d povestinin motivl\u0259ri \u0259sas\u0131nda haz\u0131rlanm\u0131\u015f tama\u015fan\u0131n premyeras\u0131 ke\u00e7iril\u0259c\u0259k.<\/p>\n\n\n\n<p>Bu bar\u0259d\u0259&nbsp;<a href=\"https:\/\/azertag.az\/\" target=\"_blank\" rel=\"noreferrer noopener\">AZ\u018fRTAC<\/a>-a Beyn\u0259lxalq T\u00fcrk M\u0259d\u0259niyy\u0259ti v\u0259 \u0130rsi Fondundan bildirilib.<\/p>\n\n\n\n<p>Fond t\u0259r\u0259find\u0259n \u201cHeyd\u0259r \u018fliyev \u0130li\u201d \u00e7\u0259r\u00e7iv\u0259sind\u0259 bu s\u0259hn\u0259 \u0259srinin premyeras\u0131n\u0131n t\u0259\u015fkili Ulu \u00d6nd\u0259rin T\u00fcrk d\u00f6vl\u0259tl\u0259rinin \u0259d\u0259bi \u015f\u0259xsiyy\u0259tl\u0259rin\u0259, onlar\u0131n yarad\u0131c\u0131l\u0131qlar\u0131na verdiyi \u00f6n\u0259m\u0259, m\u00fcasiri oldu\u011fu yaz\u0131\u00e7\u0131larla, o c\u00fcml\u0259d\u0259n q\u0131r\u011f\u0131z xalq\u0131n\u0131n g\u00f6rk\u0259mli yaz\u0131\u00e7\u0131s\u0131, ictimai-siyasi xadimi \u00c7ingiz Aytmatovla olan do\u011fma m\u00fcnasib\u0259tin\u0259 ithaf edilib.<\/p>\n\n\n\n<p>Tama\u015fan\u0131n haz\u0131rlanmas\u0131 v\u0259 n\u00fcmayi\u015fi \u00c7ingiz Aytamatovun z\u0259ngin irsinin tan\u0131d\u0131lmas\u0131na, el\u0259c\u0259 d\u0259 t\u0259\u015fkilat\u0131n qurucu \u00fczv \u00f6lk\u0259l\u0259ri Az\u0259rbaycan il\u0259 Q\u0131r\u011f\u0131z\u0131stan\u0131n m\u0259d\u0259ni \u0259laq\u0259l\u0259rinin daha da g\u00fccl\u0259ndirilm\u0259sin\u0259 t\u00f6hf\u0259 verm\u0259k m\u0259qs\u0259di da\u015f\u0131y\u0131r. Fondla \u0259m\u0259kda\u015fl\u0131q \u00e7\u0259r\u00e7iv\u0259sind\u0259 Bak\u0131 B\u0259l\u0259diyy\u0259 Teatr\u0131 t\u0259r\u0259find\u0259n s\u0259hn\u0259l\u0259\u015fdiril\u0259n tama\u015fan\u0131n qurulu\u015f\u00e7u rejissoru Az\u0259rbaycan\u0131n Xalq artisti M\u0259rahim F\u0259rz\u0259lib\u0259yovdur.<\/p>\n\n\n\n<p>Qeyd ed\u0259k ki, Fond t\u0259r\u0259find\u0259n 2018-ci ild\u0259 Az\u0259rbaycanda \u00c7ingiz Aytmatovun 90 illik yubileyi t\u0259nt\u0259n\u0259 il\u0259 qeyd olunub, \u0259dibin \u201cC\u0259mil\u0259\u201d povesti \u0259sas\u0131nda q\u0131r\u011f\u0131z s\u0259n\u0259t\u00e7il\u0259r t\u0259r\u0259find\u0259n haz\u0131rlanm\u0131\u015f tama\u015fa n\u00fcmayi\u015f etdirilib.<\/p>\n\n\n\n<p><strong>M\u0259nb\u0259:\u00a0<a href=\"https:\/\/azertag.az\/\">https:\/\/azertag.az\/<\/a><\/strong><\/p>\n","protected":false},"excerpt":{"rendered":"<p>Aprelin 26-da Beyn\u0259lxalq T\u00fcrk M\u0259d\u0259niyy\u0259ti v\u0259 \u0130rsi Fondu t\u0259r\u0259find\u0259n \u201cHeyd\u0259r \u018fliyev \u0130li\u201d \u00e7\u0259r\u00e7iv\u0259sind\u0259 T\u00fcrk d\u00fcnyas\u0131n\u0131n b\u00f6y\u00fck yaz\u0131\u00e7\u0131s\u0131 \u00c7ingiz Aytmatovun 95 illiyi m\u00fcnasib\u0259til\u0259 \u0259dibin \u201cAna tarla\u201d povestinin motivl\u0259ri \u0259sas\u0131nda haz\u0131rlanm\u0131\u015f tama\u015fan\u0131n premyeras\u0131 ke\u00e7iril\u0259c\u0259k. Bu bar\u0259d\u0259&nbsp;AZ\u018fRTAC-a Beyn\u0259lxalq T\u00fcrk M\u0259d\u0259niyy\u0259ti v\u0259 \u0130rsi Fondundan bildirilib. Fond t\u0259r\u0259find\u0259n \u201cHeyd\u0259r \u018fliyev \u0130li\u201d \u00e7\u0259r\u00e7iv\u0259sind\u0259 bu s\u0259hn\u0259 \u0259srinin premyeras\u0131n\u0131n t\u0259\u015fkili Ulu \u00d6nd\u0259rin T\u00fcrk [&hellip;]<\/p>\n","protected":false},"author":2,"featured_media":0,"comment_status":"open","ping_status":"open","sticky":false,"template":"","format":"standard","meta":{"footnotes":""},"categories":[49],"tags":[],"class_list":["post-45806","post","type-post","status-publish","format-standard","hentry","category-medeniyyat"],"_links":{"self":[{"href":"http:\/\/edebiyyat-az.com\/index.php?rest_route=\/wp\/v2\/posts\/45806","targetHints":{"allow":["GET"]}}],"collection":[{"href":"http:\/\/edebiyyat-az.com\/index.php?rest_route=\/wp\/v2\/posts"}],"about":[{"href":"http:\/\/edebiyyat-az.com\/index.php?rest_route=\/wp\/v2\/types\/post"}],"author":[{"embeddable":true,"href":"http:\/\/edebiyyat-az.com\/index.php?rest_route=\/wp\/v2\/users\/2"}],"replies":[{"embeddable":true,"href":"http:\/\/edebiyyat-az.com\/index.php?rest_route=%2Fwp%2Fv2%2Fcomments&post=45806"}],"version-history":[{"count":1,"href":"http:\/\/edebiyyat-az.com\/index.php?rest_route=\/wp\/v2\/posts\/45806\/revisions"}],"predecessor-version":[{"id":45816,"href":"http:\/\/edebiyyat-az.com\/index.php?rest_route=\/wp\/v2\/posts\/45806\/revisions\/45816"}],"wp:attachment":[{"href":"http:\/\/edebiyyat-az.com\/index.php?rest_route=%2Fwp%2Fv2%2Fmedia&parent=45806"}],"wp:term":[{"taxonomy":"category","embeddable":true,"href":"http:\/\/edebiyyat-az.com\/index.php?rest_route=%2Fwp%2Fv2%2Fcategories&post=45806"},{"taxonomy":"post_tag","embeddable":true,"href":"http:\/\/edebiyyat-az.com\/index.php?rest_route=%2Fwp%2Fv2%2Ftags&post=45806"}],"curies":[{"name":"wp","href":"https:\/\/api.w.org\/{rel}","templated":true}]}}