{"id":45808,"date":"2023-04-25T16:00:00","date_gmt":"2023-04-25T12:00:00","guid":{"rendered":"http:\/\/edebiyyat-az.com\/?p=45808"},"modified":"2023-04-25T18:37:45","modified_gmt":"2023-04-25T14:37:45","slug":"akademik-z%c9%99rif%c9%99-%c9%99liyeva-haqqinda-elektron-resurs-hazirlanib","status":"publish","type":"post","link":"http:\/\/edebiyyat-az.com\/?p=45808","title":{"rendered":"Akademik Z\u0259rif\u0259 \u018fliyeva haqq\u0131nda elektron resurs haz\u0131rlan\u0131b"},"content":{"rendered":"\n<figure class=\"wp-block-image size-large\"><img decoding=\"async\" src=\"https:\/\/azertag.az\/files\/2023\/1\/1200x630\/1682424758338959513_1200x630.png\" alt=\"\"\/><\/figure>\n\n\n\n<p>Z\u0259ngin m\u0259n\u0259viyyata, y\u00fcks\u0259k intellekt\u0259 v\u0259 insani keyfiyy\u0259tl\u0259r\u0259 malik olan, milyonlar\u0131n xatir\u0259sind\u0259 ya\u015fayan Z\u0259rif\u0259 xan\u0131m \u018fliyevan\u0131n anadan olmas\u0131n\u0131n 100-c\u00fc ild\u00f6n\u00fcm\u00fc m\u00fcnasib\u0259til\u0259 Az\u0259rbaycan Respublikas\u0131 Prezidentinin \u0130\u015fl\u0259r \u0130dar\u0259sinin Prezident Kitabxanas\u0131n\u0131n \u0259m\u0259kda\u015flar\u0131 t\u0259r\u0259find\u0259n haz\u0131rlanan \u201cZ\u0259rif\u0259 \u018fliyeva\u201d elektron resursu bu g\u00fcn istifad\u0259\u00e7il\u0259rin ixtiyar\u0131na verilib.<\/p>\n\n\n\n<p>Bu bar\u0259d\u0259&nbsp;<a href=\"https:\/\/azertag.az\/\" target=\"_blank\" rel=\"noreferrer noopener\">AZ\u018fRTAC<\/a>-a Prezident Kitabxanas\u0131ndan bildirilib.<\/p>\n\n\n\n<p>Az\u0259rbaycan xalq\u0131na m\u0259nsub el\u0259 qad\u0131n simalar vard\u0131r ki, onlar he\u00e7 vaxt unudulmur, xatir\u0259l\u0259ri h\u0259mi\u015f\u0259 yad edilir v\u0259 \u0259ziz tutulur. Bel\u0259 qad\u0131n \u015f\u0259xsiyy\u0259tl\u0259rd\u0259n daha \u00e7ox xat\u0131rlanan v\u0259 yad edil\u0259n simalardan biri d\u0259 Z\u0259rif\u0259 xan\u0131m \u018fliyevad\u0131r. Z\u0259rif\u0259 xan\u0131m \u018fliyevan\u0131n simas\u0131nda \u00f6vladl\u0131q m\u0259suliyy\u0259ti, \u00f6m\u00fcr-g\u00fcn s\u0259daq\u0259tliliyi, m\u00fcq\u0259dd\u0259s anal\u0131q m\u0259suliyy\u0259ti, alim-h\u0259kim m\u0259suliyy\u0259ti, xeyirxahl\u0131q missiyas\u0131 v\u0259 d\u00f6vr\u00fcn\u00fcn birinci xan\u0131m m\u0259suliyy\u0259ti y\u00fcks\u0259k s\u0259viyy\u0259d\u0259 \u00f6z t\u0259sdiqini tap\u0131b.<\/p>\n\n\n\n<p>T\u0259qdim edil\u0259n elektron resursda Z\u0259rif\u0259 xan\u0131m \u018fliyevan\u0131n h\u0259yat v\u0259 f\u0259aliyy\u0259ti geni\u015f \u015f\u0259kild\u0259 istifad\u0259\u00e7il\u0259r\u0259 t\u0259qdim edilib.<\/p>\n\n\n\n<p>Resursda materiallar 8 b\u00f6lm\u0259d\u0259 qrupla\u015fd\u0131r\u0131l\u0131b. Elektron n\u0259\u015frin \u201cBioqrafiya\u201d b\u00f6lm\u0259sind\u0259 Z\u0259rif\u0259 xan\u0131m \u018fliyeva v\u0259 onun ail\u0259 \u00fczvl\u0259ri bar\u0259sind\u0259 q\u0131sa m\u0259lumat verilib, h\u0259m\u00e7inin Z\u0259rif\u0259 xan\u0131m\u0131n elmi v\u0259 ictimai sah\u0259d\u0259 f\u0259aliyy\u0259tinin m\u00fch\u00fcm m\u0259qamlar\u0131 \u00f6z \u0259ksini tap\u0131b. Akademik Z\u0259rif\u0259 \u018fliyevan\u0131n ke\u00e7mi\u015f SSR\u0130-nin S\u00fclh\u00fc M\u00fcdafi\u0259 Komit\u0259sinin \u00fczv\u00fc, Az\u0259rbaycan S\u00fclh\u00fc M\u00fcdafi\u0259 Komit\u0259si s\u0259drinin m\u00fcavini, \u201cBilik\u201d C\u0259miyy\u0259ti \u0130dar\u0259 Hey\u0259tinin v\u0259 ke\u00e7mi\u015f \u0130ttifaq\u0131n Oftalmoloqlar Elmi C\u0259miyy\u0259ti \u0130dar\u0259 Hey\u0259tinin \u00fczv\u00fc, \u201c\u0412\u0435\u0441\u0442\u043d\u0438\u043a \u043e\u0444\u0442\u0430\u043b\u044c\u043c\u043e\u043b\u043e\u0433\u0438\u0438\u201d (\u201cOftalmologiya x\u0259b\u0259rl\u0259ri\u201d) jurnal\u0131n\u0131n redaksiya hey\u0259tinin \u00fczv\u00fc kimi ictimai f\u0259aliyy\u0259ti d\u0259 bu b\u00f6lm\u0259d\u0259 i\u015f\u0131qland\u0131r\u0131l\u0131b.<\/p>\n\n\n\n<p>\u201cXronologiya\u201d b\u00f6lm\u0259sind\u0259 is\u0259 bir alim kimi, onun ke\u00e7diyi h\u0259yat yolu, oftalmologiya sah\u0259sind\u0259 \u0259ld\u0259 etdiyi u\u011furlar ard\u0131c\u0131ll\u0131qla t\u0259qdim olunub.<\/p>\n\n\n\n<p>\u201cR\u0259smi s\u0259n\u0259dl\u0259r\u201d b\u00f6lm\u0259sind\u0259 Z\u0259rif\u0259 xan\u0131m \u018fliyeva haqq\u0131nda s\u0259n\u0259dl\u0259r yerl\u0259\u015fdirilib. \u201cXatir\u0259sinin \u0259b\u0259dil\u0259\u015fdirilm\u0259si\u201d b\u00f6lm\u0259sind\u0259 is\u0259 h\u0259m \u00f6lk\u0259 daxilind\u0259, h\u0259m d\u0259 xarici \u00f6lk\u0259l\u0259rd\u0259 xatir\u0259sin\u0259 ucald\u0131lan abid\u0259l\u0259r, ad\u0131n\u0131n verildiyi t\u0259sisatlar, sal\u0131nan parklar, ad\u0131na veril\u0259n k\u00fc\u00e7\u0259l\u0259r haqq\u0131nda m\u0259lumatlar ill\u0259r \u00fczr\u0259 v\u0259 xronoloji ard\u0131c\u0131ll\u0131qla \u0259ksini tap\u0131b.<\/p>\n\n\n\n<p>\u201cE-Kitablar\u201d b\u00f6lm\u0259sind\u0259 Az\u0259rbaycan v\u0259 rus dill\u0259rind\u0259 onun m\u00fc\u0259llifi oldu\u011fu v\u0259 haqq\u0131nda yaz\u0131lan kitablar\u0131n e-versiyalar\u0131 toplan\u0131l\u0131b. \u201cE-M\u0259qal\u0259l\u0259r\u201d b\u00f6lm\u0259sind\u0259 is\u0259 Z\u0259rif\u0259 xan\u0131m \u018fliyevan\u0131n h\u0259yat v\u0259 f\u0259aliyy\u0259tind\u0259n b\u0259hs ed\u0259n ayr\u0131-ayr\u0131 m\u00fc\u0259llifl\u0259rin m\u0259qal\u0259l\u0259rinin Az\u0259rbaycan v\u0259 rus dill\u0259rind\u0259 elektron versiyalar\u0131 yerl\u0259\u015fdirilib. \u201cBiblioqrafiya\u201d b\u00f6lm\u0259sind\u0259 \u0259s\u0259rl\u0259rinin, haqq\u0131nda yaz\u0131lan kitab v\u0259 m\u0259qal\u0259l\u0259rin Az\u0259rbaycan, ingilis v\u0259 rus dill\u0259rind\u0259 biblioqrafik t\u0259sviri verilib.<\/p>\n\n\n\n<p>\u201cFotoqalereya\u201d b\u00f6lm\u0259sind\u0259 Z\u0259rif\u0259 xan\u0131m\u0131n h\u0259yat\u0131n\u0131n m\u00fcxt\u0259lif m\u0259qamlar\u0131n\u0131 \u0259ks etdir\u0259n foto\u015f\u0259kill\u0259r toplan\u0131l\u0131b.<\/p>\n\n\n\n<p>Elektron resursun (<a href=\"https:\/\/zarifaaliyeva.preslib.az\/\" target=\"_blank\" rel=\"noreferrer noopener\">https:\/\/zarifaaliyeva.preslib.az\/<\/a>) materiallar\u0131 m\u00fcnt\u0259z\u0259m olaraq yenil\u0259nir.<\/p>\n\n\n\n<p><strong>M\u0259nb\u0259:\u00a0<a href=\"https:\/\/azertag.az\/\">https:\/\/azertag.az\/<\/a><\/strong><\/p>\n","protected":false},"excerpt":{"rendered":"<p>Z\u0259ngin m\u0259n\u0259viyyata, y\u00fcks\u0259k intellekt\u0259 v\u0259 insani keyfiyy\u0259tl\u0259r\u0259 malik olan, milyonlar\u0131n xatir\u0259sind\u0259 ya\u015fayan Z\u0259rif\u0259 xan\u0131m \u018fliyevan\u0131n anadan olmas\u0131n\u0131n 100-c\u00fc ild\u00f6n\u00fcm\u00fc m\u00fcnasib\u0259til\u0259 Az\u0259rbaycan Respublikas\u0131 Prezidentinin \u0130\u015fl\u0259r \u0130dar\u0259sinin Prezident Kitabxanas\u0131n\u0131n \u0259m\u0259kda\u015flar\u0131 t\u0259r\u0259find\u0259n haz\u0131rlanan \u201cZ\u0259rif\u0259 \u018fliyeva\u201d elektron resursu bu g\u00fcn istifad\u0259\u00e7il\u0259rin ixtiyar\u0131na verilib. Bu bar\u0259d\u0259&nbsp;AZ\u018fRTAC-a Prezident Kitabxanas\u0131ndan bildirilib. Az\u0259rbaycan xalq\u0131na m\u0259nsub el\u0259 qad\u0131n simalar vard\u0131r ki, onlar he\u00e7 vaxt [&hellip;]<\/p>\n","protected":false},"author":2,"featured_media":0,"comment_status":"open","ping_status":"open","sticky":false,"template":"","format":"standard","meta":{"footnotes":""},"categories":[49],"tags":[],"class_list":["post-45808","post","type-post","status-publish","format-standard","hentry","category-medeniyyat"],"_links":{"self":[{"href":"http:\/\/edebiyyat-az.com\/index.php?rest_route=\/wp\/v2\/posts\/45808","targetHints":{"allow":["GET"]}}],"collection":[{"href":"http:\/\/edebiyyat-az.com\/index.php?rest_route=\/wp\/v2\/posts"}],"about":[{"href":"http:\/\/edebiyyat-az.com\/index.php?rest_route=\/wp\/v2\/types\/post"}],"author":[{"embeddable":true,"href":"http:\/\/edebiyyat-az.com\/index.php?rest_route=\/wp\/v2\/users\/2"}],"replies":[{"embeddable":true,"href":"http:\/\/edebiyyat-az.com\/index.php?rest_route=%2Fwp%2Fv2%2Fcomments&post=45808"}],"version-history":[{"count":1,"href":"http:\/\/edebiyyat-az.com\/index.php?rest_route=\/wp\/v2\/posts\/45808\/revisions"}],"predecessor-version":[{"id":45818,"href":"http:\/\/edebiyyat-az.com\/index.php?rest_route=\/wp\/v2\/posts\/45808\/revisions\/45818"}],"wp:attachment":[{"href":"http:\/\/edebiyyat-az.com\/index.php?rest_route=%2Fwp%2Fv2%2Fmedia&parent=45808"}],"wp:term":[{"taxonomy":"category","embeddable":true,"href":"http:\/\/edebiyyat-az.com\/index.php?rest_route=%2Fwp%2Fv2%2Fcategories&post=45808"},{"taxonomy":"post_tag","embeddable":true,"href":"http:\/\/edebiyyat-az.com\/index.php?rest_route=%2Fwp%2Fv2%2Ftags&post=45808"}],"curies":[{"name":"wp","href":"https:\/\/api.w.org\/{rel}","templated":true}]}}