{"id":45811,"date":"2023-04-25T17:00:00","date_gmt":"2023-04-25T13:00:00","guid":{"rendered":"http:\/\/edebiyyat-az.com\/?p=45811"},"modified":"2023-04-25T18:39:09","modified_gmt":"2023-04-25T14:39:09","slug":"%c9%99b%c9%99di-omrun-yuz-ili-kitabi-cap-olunub","status":"publish","type":"post","link":"http:\/\/edebiyyat-az.com\/?p=45811","title":{"rendered":"\u201c\u018fb\u0259di \u00f6mr\u00fcn y\u00fcz ili\u201d kitab\u0131 \u00e7ap olunub"},"content":{"rendered":"\n<figure class=\"wp-block-image size-large\"><img decoding=\"async\" src=\"https:\/\/azertag.az\/files\/2023\/1\/1200x630\/16824128081262714973_1200x630.jpg\" alt=\"\"\/><\/figure>\n\n\n\n<p>Ulu \u00d6nd\u0259r Heyd\u0259r \u018fliyevin y\u00fcz illiyin\u0259 h\u0259sr olunmu\u015f \u201c\u018fb\u0259di \u00f6mr\u00fcn y\u00fcz ili\u201d kitab\u0131 n\u0259\u015fr olunub.<\/p>\n\n\n\n<p>Az\u0259rbaycan Yaz\u0131\u00e7\u0131lar Birliyind\u0259n&nbsp;<a href=\"https:\/\/azertag.az\/\" target=\"_blank\" rel=\"noreferrer noopener\">AZ\u018fRTAC<\/a>-a bildirilib ki, kitaba Heyd\u0259r \u018fliyev haqq\u0131nda tan\u0131nm\u0131\u015f s\u00f6z adamlar\u0131n\u0131n b\u0259dii-publisistik m\u0259qal\u0259l\u0259ri, esse v\u0259 xatir\u0259l\u0259ri daxildir.<\/p>\n\n\n\n<p>Az\u0259rbaycan Yaz\u0131\u00e7\u0131lar Birliyinin (AYB) \u00fczv\u00fc olan m\u00fc\u0259llifl\u0259rin \u0259ks\u0259riyy\u0259ti bu b\u00f6y\u00fck v\u0259 m\u00fcdrik insan\u0131 \u015f\u0259xs\u0259n tan\u0131y\u0131b, onunla yax\u0131ndan t\u0259masda olublar. Ona g\u00f6r\u0259 d\u0259, bu kitab Heyd\u0259r \u018fliyevi yax\u0131ndan tan\u0131maq, \u00f6lk\u0259miz qar\u015f\u0131s\u0131ndak\u0131 misilsiz xidm\u0259tl\u0259rini daha d\u0259rind\u0259n anlamaq \u00fc\u00e7\u00fcn qiym\u0259tlidir v\u0259 d\u0259y\u0259rli m\u0259nb\u0259dir.<\/p>\n\n\n\n<p>N\u0259\u015frin layih\u0259 r\u0259hb\u0259ri, t\u0259rtib\u00e7i (AYB m\u0259tbuat katibi X\u0259yal Rza il\u0259 birlikd\u0259) v\u0259 \u201c\u00d6n s\u00f6z\u201d m\u00fc\u0259llifi AYB-nin katibi, \u018fm\u0259kdar inc\u0259s\u0259n\u0259t xadimi El\u00e7in H\u00fcseynb\u0259yli, redaktoru D\u00fcrdan\u0259 H\u00fcseynovad\u0131r.<\/p>\n\n\n\n<p>TEAS-PRESS N\u0259\u015friyyat\u0131nda n\u0259fis \u015f\u0259kild\u0259 n\u0259\u015fr edilmi\u015f 468 s\u0259hif\u0259lik kitab\u0131n yax\u0131n g\u00fcnl\u0259rd\u0259 geni\u015f ictimaiyy\u0259t \u00fc\u00e7\u00fcn t\u0259qdimat\u0131 n\u0259z\u0259rd\u0259 tutulur.<\/p>\n\n\n\n<p><strong>M\u0259nb\u0259:\u00a0<a href=\"https:\/\/azertag.az\/\">https:\/\/azertag.az\/<\/a><\/strong><\/p>\n","protected":false},"excerpt":{"rendered":"<p>Ulu \u00d6nd\u0259r Heyd\u0259r \u018fliyevin y\u00fcz illiyin\u0259 h\u0259sr olunmu\u015f \u201c\u018fb\u0259di \u00f6mr\u00fcn y\u00fcz ili\u201d kitab\u0131 n\u0259\u015fr olunub. Az\u0259rbaycan Yaz\u0131\u00e7\u0131lar Birliyind\u0259n&nbsp;AZ\u018fRTAC-a bildirilib ki, kitaba Heyd\u0259r \u018fliyev haqq\u0131nda tan\u0131nm\u0131\u015f s\u00f6z adamlar\u0131n\u0131n b\u0259dii-publisistik m\u0259qal\u0259l\u0259ri, esse v\u0259 xatir\u0259l\u0259ri daxildir. Az\u0259rbaycan Yaz\u0131\u00e7\u0131lar Birliyinin (AYB) \u00fczv\u00fc olan m\u00fc\u0259llifl\u0259rin \u0259ks\u0259riyy\u0259ti bu b\u00f6y\u00fck v\u0259 m\u00fcdrik insan\u0131 \u015f\u0259xs\u0259n tan\u0131y\u0131b, onunla yax\u0131ndan t\u0259masda olublar. Ona g\u00f6r\u0259 d\u0259, [&hellip;]<\/p>\n","protected":false},"author":2,"featured_media":0,"comment_status":"open","ping_status":"open","sticky":false,"template":"","format":"standard","meta":{"footnotes":""},"categories":[49],"tags":[],"class_list":["post-45811","post","type-post","status-publish","format-standard","hentry","category-medeniyyat"],"_links":{"self":[{"href":"http:\/\/edebiyyat-az.com\/index.php?rest_route=\/wp\/v2\/posts\/45811","targetHints":{"allow":["GET"]}}],"collection":[{"href":"http:\/\/edebiyyat-az.com\/index.php?rest_route=\/wp\/v2\/posts"}],"about":[{"href":"http:\/\/edebiyyat-az.com\/index.php?rest_route=\/wp\/v2\/types\/post"}],"author":[{"embeddable":true,"href":"http:\/\/edebiyyat-az.com\/index.php?rest_route=\/wp\/v2\/users\/2"}],"replies":[{"embeddable":true,"href":"http:\/\/edebiyyat-az.com\/index.php?rest_route=%2Fwp%2Fv2%2Fcomments&post=45811"}],"version-history":[{"count":1,"href":"http:\/\/edebiyyat-az.com\/index.php?rest_route=\/wp\/v2\/posts\/45811\/revisions"}],"predecessor-version":[{"id":45819,"href":"http:\/\/edebiyyat-az.com\/index.php?rest_route=\/wp\/v2\/posts\/45811\/revisions\/45819"}],"wp:attachment":[{"href":"http:\/\/edebiyyat-az.com\/index.php?rest_route=%2Fwp%2Fv2%2Fmedia&parent=45811"}],"wp:term":[{"taxonomy":"category","embeddable":true,"href":"http:\/\/edebiyyat-az.com\/index.php?rest_route=%2Fwp%2Fv2%2Fcategories&post=45811"},{"taxonomy":"post_tag","embeddable":true,"href":"http:\/\/edebiyyat-az.com\/index.php?rest_route=%2Fwp%2Fv2%2Ftags&post=45811"}],"curies":[{"name":"wp","href":"https:\/\/api.w.org\/{rel}","templated":true}]}}