{"id":45812,"date":"2023-04-25T18:00:00","date_gmt":"2023-04-25T14:00:00","guid":{"rendered":"http:\/\/edebiyyat-az.com\/?p=45812"},"modified":"2023-04-25T18:39:53","modified_gmt":"2023-04-25T14:39:53","slug":"ulu-ond%c9%99r-heyd%c9%99r-%c9%99liyevin-anadan-olmasinin-100-illiyin%c9%99-h%c9%99sr-olunmus-konsert","status":"publish","type":"post","link":"http:\/\/edebiyyat-az.com\/?p=45812","title":{"rendered":"Ulu \u00d6nd\u0259r Heyd\u0259r \u018fliyevin anadan olmas\u0131n\u0131n 100 illiyin\u0259 h\u0259sr olunmu\u015f konsert"},"content":{"rendered":"\n<figure class=\"wp-block-image size-large\"><img decoding=\"async\" src=\"https:\/\/azertag.az\/files\/2023\/1\/1200x630\/16824313565465462693_1200x630.jpg\" alt=\"\"\/><\/figure>\n\n\n\n<p>Bak\u0131 \u015e\u0259h\u0259r M\u0259d\u0259niyy\u0259t Ba\u015f \u0130dar\u0259sinin 5 n\u00f6mr\u0259li U\u015faq \u0130nc\u0259s\u0259n\u0259t M\u0259kt\u0259bind\u0259 Ulu \u00d6nd\u0259r Heyd\u0259r \u018fliyevin anadan olmas\u0131n\u0131n 100 illiyin\u0259 h\u0259sr olunmu\u015f \u201cMu\u011fam d\u00fcnyam\u0131za s\u0259yah\u0259t\u201d adl\u0131 konsert t\u0259\u015fkil olunub.<\/p>\n\n\n\n<p><a href=\"https:\/\/azertag.az\/\" target=\"_blank\" rel=\"noreferrer noopener\">AZ\u018fRTAC<\/a>&nbsp;x\u0259b\u0259r verir ki, \u0259vv\u0259lc\u0259 Az\u0259rbaycan mu\u011fam\u0131 haqq\u0131nda m\u0259lumat verilib. Bildirilib ki, mu\u011fam d\u00fcnya musiqi x\u0259zin\u0259sinin incisidir. D\u00fcnyada m\u00f6vcud olan musiqi janrlar\u0131ndan f\u0259rqli olaraq, mu\u011fam bir \u00e7ox xalqlar\u0131n milli-m\u0259d\u0259ni irsinin formala\u015fmas\u0131nda v\u0259 bug\u00fcnk\u00fc d\u00f6vr\u0259 q\u0259d\u0259r g\u0259lib \u00e7atmas\u0131nda m\u00fch\u00fcm rol oynay\u0131r.<\/p>\n\n\n\n<p>Konsertd\u0259 m\u0259kt\u0259bin xan\u0259nd\u0259 ixtisas\u0131 \u00fczr\u0259 m\u00fc\u0259lliml\u0259ri T\u0259ran\u0259 Musayeva v\u0259 F\u0259rhad Ramazanov \u201c\u015eur d\u0259stgah\u0131\u201d, \u201cDilk\u0259\u015f t\u0259snifi\u201d il\u0259 \u00e7\u0131x\u0131\u015f edibl\u0259r. Onlar\u0131 tarda V\u00fcqar T\u0259hm\u0259zov, kaman\u00e7ada is\u0259 Zaur Zamanzad\u0259 m\u00fc\u015fayi\u0259t edibl\u0259r.<\/p>\n\n\n\n<p><strong>M\u0259nb\u0259:\u00a0<a href=\"https:\/\/azertag.az\/\">https:\/\/azertag.az\/<\/a><\/strong><\/p>\n","protected":false},"excerpt":{"rendered":"<p>Bak\u0131 \u015e\u0259h\u0259r M\u0259d\u0259niyy\u0259t Ba\u015f \u0130dar\u0259sinin 5 n\u00f6mr\u0259li U\u015faq \u0130nc\u0259s\u0259n\u0259t M\u0259kt\u0259bind\u0259 Ulu \u00d6nd\u0259r Heyd\u0259r \u018fliyevin anadan olmas\u0131n\u0131n 100 illiyin\u0259 h\u0259sr olunmu\u015f \u201cMu\u011fam d\u00fcnyam\u0131za s\u0259yah\u0259t\u201d adl\u0131 konsert t\u0259\u015fkil olunub. AZ\u018fRTAC&nbsp;x\u0259b\u0259r verir ki, \u0259vv\u0259lc\u0259 Az\u0259rbaycan mu\u011fam\u0131 haqq\u0131nda m\u0259lumat verilib. Bildirilib ki, mu\u011fam d\u00fcnya musiqi x\u0259zin\u0259sinin incisidir. D\u00fcnyada m\u00f6vcud olan musiqi janrlar\u0131ndan f\u0259rqli olaraq, mu\u011fam bir \u00e7ox xalqlar\u0131n milli-m\u0259d\u0259ni [&hellip;]<\/p>\n","protected":false},"author":2,"featured_media":0,"comment_status":"open","ping_status":"open","sticky":false,"template":"","format":"standard","meta":{"footnotes":""},"categories":[49],"tags":[],"class_list":["post-45812","post","type-post","status-publish","format-standard","hentry","category-medeniyyat"],"_links":{"self":[{"href":"http:\/\/edebiyyat-az.com\/index.php?rest_route=\/wp\/v2\/posts\/45812","targetHints":{"allow":["GET"]}}],"collection":[{"href":"http:\/\/edebiyyat-az.com\/index.php?rest_route=\/wp\/v2\/posts"}],"about":[{"href":"http:\/\/edebiyyat-az.com\/index.php?rest_route=\/wp\/v2\/types\/post"}],"author":[{"embeddable":true,"href":"http:\/\/edebiyyat-az.com\/index.php?rest_route=\/wp\/v2\/users\/2"}],"replies":[{"embeddable":true,"href":"http:\/\/edebiyyat-az.com\/index.php?rest_route=%2Fwp%2Fv2%2Fcomments&post=45812"}],"version-history":[{"count":1,"href":"http:\/\/edebiyyat-az.com\/index.php?rest_route=\/wp\/v2\/posts\/45812\/revisions"}],"predecessor-version":[{"id":45820,"href":"http:\/\/edebiyyat-az.com\/index.php?rest_route=\/wp\/v2\/posts\/45812\/revisions\/45820"}],"wp:attachment":[{"href":"http:\/\/edebiyyat-az.com\/index.php?rest_route=%2Fwp%2Fv2%2Fmedia&parent=45812"}],"wp:term":[{"taxonomy":"category","embeddable":true,"href":"http:\/\/edebiyyat-az.com\/index.php?rest_route=%2Fwp%2Fv2%2Fcategories&post=45812"},{"taxonomy":"post_tag","embeddable":true,"href":"http:\/\/edebiyyat-az.com\/index.php?rest_route=%2Fwp%2Fv2%2Ftags&post=45812"}],"curies":[{"name":"wp","href":"https:\/\/api.w.org\/{rel}","templated":true}]}}