{"id":45821,"date":"2023-04-25T19:00:00","date_gmt":"2023-04-25T15:00:00","guid":{"rendered":"http:\/\/edebiyyat-az.com\/?p=45821"},"modified":"2023-04-27T17:48:02","modified_gmt":"2023-04-27T13:48:02","slug":"m%c9%99mm%c9%99d-ismayil-seir-yarismasinin-mukafatlari-aciqlandi","status":"publish","type":"post","link":"http:\/\/edebiyyat-az.com\/?p=45821","title":{"rendered":"M\u0259mm\u0259d \u0130smay\u0131l \u015eeir Yar\u0131\u015fmas\u0131n\u0131n\u00a0m\u00fckafatlar\u0131 a\u00e7\u0131qland\u0131"},"content":{"rendered":"\n<figure class=\"wp-block-image size-large\"><a href=\"http:\/\/edebiyyat-az.com\/wp-content\/uploads\/2023\/04\/Musabiq\u0259.jpg\"><img decoding=\"async\" src=\"http:\/\/edebiyyat-az.com\/wp-content\/uploads\/2023\/04\/Musabiq\u0259-1024x683.jpg\" alt=\"\" class=\"wp-image-45822\"\/><\/a><\/figure>\n\n\n\n<p><\/p>\n\n\n\n<p><strong>&#8220;G\u00fcfte Edebiyat&#8221; Beyn\u0259lxalq Prof. Dr. M\u0259mm\u0259d \u0130smay\u0131l \u015eeir Yar\u0131\u015fmas\u0131n\u0131n m\u00fckafatlar\u0131 elan edilib.<\/strong><\/p>\n\n\n\n<p>1. Beyn\u0259lxalq Prof. Dr. M\u0259mm\u0259d \u0130smay\u0131l \u015feir yar\u0131\u015fmas\u0131 ild\u0259 bir d\u0259f\u0259 elan edil\u0259n tarixl\u0259rd\u0259 &#8220;G\u00fcste edebiyat&#8221; m\u0259d\u0259niyy\u0259t, s\u0259n\u0259t v\u0259 \u0259d\u0259biyyat d\u0259rgisi t\u0259r\u0259find\u0259n t\u00fcrk d\u00fcnyas\u0131n\u0131n b\u00f6y\u00fck \u015fairi Prof. Dr. M\u0259mm\u0259d \u0130smay\u0131l ad\u0131na b\u00f6y\u00fck \u015fairin d\u0259 fikir d\u00fcnyas\u0131n\u0131n b\u00fcn\u00f6vr\u0259si olan ortaq m\u0259d\u0259niyy\u0259t v\u0259 inc\u0259s\u0259n\u0259t ba\u011flar\u0131n\u0131n g\u00fccl\u0259ndirilm\u0259si m\u0259qs\u0259di il\u0259 t\u0259\u015fkil olunur.<\/p>\n\n\n\n<p>2. Yar\u0131\u015fmaya t\u0259rdim edil\u0259c\u0259k \u0259s\u0259rl\u0259rin dili t\u00fcrkc\u0259dir.<\/p>\n\n\n\n<ul class=\"wp-block-list\">\n<li><a href=\"https:\/\/kulis.az\/xeber\/media\/sekspirin-heyat-yoldasi-haqqinda-film-cekilir-46606\">\u015eekspirin h\u0259yat yolda\u015f\u0131 haqq\u0131nda&nbsp;film \u00e7\u0259kilir<\/a><\/li>\n\n\n\n<li><a href=\"https:\/\/kulis.az\/xeber\/media\/kino-forumu-basladi-46854\">Kino forumu&nbsp;ba\u015flad\u0131<\/a><\/li>\n\n\n\n<li><a href=\"https:\/\/kulis.az\/xeber\/poeziya\/gorsen-usuyursen-yandir-ozunu-qulu-agsesin-seirleri-46861\">G\u00f6rs\u0259n \u00fc\u015f\u00fcy\u00fcrs\u0259n, yand\u0131r \u00f6z\u00fcn\u00fc! &#8211;&nbsp;Qulu A\u011fs\u0259sin \u015feirl\u0259ri<\/a><\/li>\n<\/ul>\n\n\n\n<p>3. \u015eeirl\u0259r v\u0259znli v\u0259 ya v\u0259znsiz ola bil\u0259r.<\/p>\n\n\n\n<p>4. H\u0259r bir i\u015ftirak\u00e7\u0131 ancaq bir \u015feirl\u0259 t\u0259msil oluna bil\u0259r.<\/p>\n\n\n\n<p>5. M\u00f6vzu s\u0259rb\u0259stdir.<\/p>\n\n\n\n<p>6. \u018fs\u0259rl\u0259r \u0259n \u00e7ox 2 A4 h\u0259cmind\u0259 olmal\u0131d\u0131r.<\/p>\n\n\n\n<p>7. T\u0259qdim olunan \u0259s\u0259r \u0259vv\u0259ll\u0259r he\u00e7 yerd\u0259 d\u0259rc olunmamal\u0131d\u0131r. \u018fks halda, yer tutsa da, n\u0259tic\u0259si l\u0259\u011fv edil\u0259c\u0259k.<\/p>\n\n\n\n<p>8. \u018fs\u0259rl\u0259r sa\u011f \u00fcst k\u00fcnc\u00fcnd\u0259 l\u0259q\u0259b yaz\u0131lm\u0131\u015f halda t\u0259qdim olunmal\u0131d\u0131r.<\/p>\n\n\n\n<p>9. \u0130stirak\u00e7\u0131lar ad\u0131n\u0131n, soyad\u0131n\u0131n, t\u0259rc\u00fcmeyi-hal\u0131n\u0131n, \u00fcnvan\u0131n\u0131n, l\u0259q\u0259binin, telefon n\u00f6mr\u0259sinin v\u0259 fotosunun oldu\u011fu s\u0259n\u0259di t\u0259qdim etm\u0259lidir.<\/p>\n\n\n\n<p>10. \u018fs\u0259rl\u0259r komp\u00fcterd\u0259, Times New Roman, 12 \u00f6l\u00e7\u00fcs\u00fcnd\u0259 v\u0259 1.0 s\u0259tir aral\u0131\u011f\u0131nda yaz\u0131lm\u0131\u015f olmal\u0131d\u0131r.<\/p>\n\n\n\n<p>11. Yar\u0131\u015fmaya t\u0259qdim olunan \u0259s\u0259rl\u0259r dala qaytar\u0131lmayacaq v\u0259 m\u00fc\u0259llif h\u00fcquqlar\u0131 &#8220;G\u00fcfte edebiyyat&#8221; da olacaq.<\/p>\n\n\n\n<p>12. \u015e\u0259rtnam\u0259d\u0259 qeyd olunmam\u0131\u015f m\u0259qamlarla \u0259laq\u0259dar yaranan fikir ayr\u0131l\u0131qlar\u0131nda t\u0259\u015fkilat komit\u0259sinin q\u0259rarlar\u0131 \u0259sasd\u0131r.<\/p>\n\n\n\n<p><strong>M\u00fcnsifl\u0259r hey\u0259ti<\/strong><\/p>\n\n\n\n<p><strong>Se\u00e7im:<\/strong><\/p>\n\n\n\n<p>1. Fikret Yaz\u0131c\u0131o\u011flu<br>2. \u0130dris G\u00fcrdal<br>3. Mehmet \u00d6zcan Yasd\u0131ba\u015f<br>4. Rabie Ru\u015fid<br>5. \u00dclviyye Ebulfezq\u0131z\u0131<\/p>\n\n\n\n<p><strong>Final:<\/strong><\/p>\n\n\n\n<p>1. Prof. Dr. Abdullah \u015eeng\u00fcl<br>2. Talat \u00dclker<br>3. Celalettin Kurt<br>4. Ali Sa\u00e7\u0131kara<br>5. S\u00fcnd\u00fcs Arslan Ak\u00e7a<br>6. Mahmut Hasg\u00fcl<br>7. Aysel Xanlarq\u0131z\u0131 Seferli<\/p>\n\n\n\n<p><strong>Yar\u0131\u015fma t\u0259qvimi:<\/strong><\/p>\n\n\n\n<p>Elan: 24 aprel 2023<\/p>\n\n\n\n<p>Son q\u0259bul: 15 oktyabr 2023<\/p>\n\n\n\n<p>Se\u00e7im: 15 oktyabr-5 noyabr 2023<\/p>\n\n\n\n<p>Final: 5 noyabr-5 dekabr 2023<\/p>\n\n\n\n<p>N\u0259tic\u0259l\u0259rin a\u00e7\u0131qlanmas\u0131: 10 dekabr 2023<\/p>\n\n\n\n<p>M\u00fckafatland\u0131rma m\u0259rasimi: 24 dekabr 2023<\/p>\n\n\n\n<p><strong>M\u00fckafat:<\/strong><\/p>\n\n\n\n<p>1-ci yer: 5000 TL<\/p>\n\n\n\n<p>2-ci yer: 3000 TL<\/p>\n\n\n\n<p>3-c\u00fc yer: 2000 TL<\/p>\n\n\n\n<p>H\u0259v\u0259sl\u0259ndirici m\u00fckafat: 1000 TL<\/p>\n\n\n\n<p><strong>M\u00fcraci\u0259t:<\/strong><\/p>\n\n\n\n<p>mehmetismailsiiryarismasi@borland9<\/p>\n\n\n\n<p><strong>M\u0259nb\u0259: <a href=\"https:\/\/kulis.az\/\">https:\/\/kulis.az\/<\/a><\/strong><\/p>\n","protected":false},"excerpt":{"rendered":"<p>&#8220;G\u00fcfte Edebiyat&#8221; Beyn\u0259lxalq Prof. Dr. M\u0259mm\u0259d \u0130smay\u0131l \u015eeir Yar\u0131\u015fmas\u0131n\u0131n m\u00fckafatlar\u0131 elan edilib. 1. Beyn\u0259lxalq Prof. Dr. M\u0259mm\u0259d \u0130smay\u0131l \u015feir yar\u0131\u015fmas\u0131 ild\u0259 bir d\u0259f\u0259 elan edil\u0259n tarixl\u0259rd\u0259 &#8220;G\u00fcste edebiyat&#8221; m\u0259d\u0259niyy\u0259t, s\u0259n\u0259t v\u0259 \u0259d\u0259biyyat d\u0259rgisi t\u0259r\u0259find\u0259n t\u00fcrk d\u00fcnyas\u0131n\u0131n b\u00f6y\u00fck \u015fairi Prof. Dr. M\u0259mm\u0259d \u0130smay\u0131l ad\u0131na b\u00f6y\u00fck \u015fairin d\u0259 fikir d\u00fcnyas\u0131n\u0131n b\u00fcn\u00f6vr\u0259si olan ortaq m\u0259d\u0259niyy\u0259t v\u0259 inc\u0259s\u0259n\u0259t ba\u011flar\u0131n\u0131n [&hellip;]<\/p>\n","protected":false},"author":2,"featured_media":0,"comment_status":"open","ping_status":"open","sticky":false,"template":"","format":"standard","meta":{"footnotes":""},"categories":[41],"tags":[],"class_list":["post-45821","post","type-post","status-publish","format-standard","hentry","category-musabiq"],"_links":{"self":[{"href":"http:\/\/edebiyyat-az.com\/index.php?rest_route=\/wp\/v2\/posts\/45821","targetHints":{"allow":["GET"]}}],"collection":[{"href":"http:\/\/edebiyyat-az.com\/index.php?rest_route=\/wp\/v2\/posts"}],"about":[{"href":"http:\/\/edebiyyat-az.com\/index.php?rest_route=\/wp\/v2\/types\/post"}],"author":[{"embeddable":true,"href":"http:\/\/edebiyyat-az.com\/index.php?rest_route=\/wp\/v2\/users\/2"}],"replies":[{"embeddable":true,"href":"http:\/\/edebiyyat-az.com\/index.php?rest_route=%2Fwp%2Fv2%2Fcomments&post=45821"}],"version-history":[{"count":1,"href":"http:\/\/edebiyyat-az.com\/index.php?rest_route=\/wp\/v2\/posts\/45821\/revisions"}],"predecessor-version":[{"id":45823,"href":"http:\/\/edebiyyat-az.com\/index.php?rest_route=\/wp\/v2\/posts\/45821\/revisions\/45823"}],"wp:attachment":[{"href":"http:\/\/edebiyyat-az.com\/index.php?rest_route=%2Fwp%2Fv2%2Fmedia&parent=45821"}],"wp:term":[{"taxonomy":"category","embeddable":true,"href":"http:\/\/edebiyyat-az.com\/index.php?rest_route=%2Fwp%2Fv2%2Fcategories&post=45821"},{"taxonomy":"post_tag","embeddable":true,"href":"http:\/\/edebiyyat-az.com\/index.php?rest_route=%2Fwp%2Fv2%2Ftags&post=45821"}],"curies":[{"name":"wp","href":"https:\/\/api.w.org\/{rel}","templated":true}]}}