{"id":45826,"date":"2023-04-26T09:00:00","date_gmt":"2023-04-26T05:00:00","guid":{"rendered":"https:\/\/edebiyyat-az.com\/?p=45826"},"modified":"2023-04-27T17:31:38","modified_gmt":"2023-04-27T13:31:38","slug":"musiqili-teatr-m%c9%99chul-pill%c9%99k%c9%99n-balet-tamasasini-gost%c9%99r%c9%99c%c9%99k","status":"publish","type":"post","link":"http:\/\/edebiyyat-az.com\/?p=45826","title":{"rendered":"Musiqili Teatr \u201cM\u0259chul pill\u0259k\u0259n\u201d balet tama\u015fas\u0131n\u0131 g\u00f6st\u0259r\u0259c\u0259k"},"content":{"rendered":"\n<figure class=\"wp-block-image size-large\"><img decoding=\"async\" src=\"https:\/\/azertag.az\/files\/2023\/1\/1200x630\/16824967273926218286_1200x630.jpg\" alt=\"\"\/><\/figure>\n\n\n\n<p>Aprelin 29-da Az\u0259rbaycan D\u00f6vl\u0259t Akademik Musiqili Teatr\u0131nda &#8220;M\u0259chul pill\u0259k\u0259n&#8221; balet tama\u015fas\u0131 oynan\u0131lacaq.<\/p>\n\n\n\n<p>Teatrdan&nbsp;<a href=\"https:\/\/azertag.az\/\" target=\"_blank\" rel=\"noreferrer noopener\">AZ\u018fRTAC<\/a>-a bildirilib ki, tama\u015fan\u0131n qurulu\u015f\u00e7u baletmeysteri, h\u0259m d\u0259 ba\u015f rolun ifa\u00e7\u0131s\u0131, g\u0259nc balet artisti M\u0259h\u0259mm\u0259d Abdullayev, qurulu\u015f\u00e7u rejissoru Samir Qulamov, qurulu\u015f\u00e7u r\u0259ssam\u0131 V\u00fcsal R\u0259himdir.<\/p>\n\n\n\n<p>S\u0259hn\u0259 \u0259s\u0259rind\u0259 \u0259sas qad\u0131n rolunu Aynur\u0259 \u018fsg\u0259rova, solo partiyalar\u0131 is\u0259 M\u0259h\u0259mm\u0259d Abdullayevl\u0259 Roman Krasnov ifa edirl\u0259r.<\/p>\n\n\n\n<p>K\u00fctl\u0259vi s\u0259hn\u0259l\u0259rd\u0259 teatr\u0131n balet truppas\u0131n\u0131n dig\u0259r \u00fczvl\u0259ri Elvira \u018fzizova, R\u0259biyy\u0259 \u018fliyeva, R\u00f6ya Mehr\u0259lizad\u0259, Anna Cabbarova, \u0130lona Sementsova, Ayg\u00fcl H\u0259s\u0259nova, \u0130ran\u0259 K\u0259rimova, C\u0259mil\u0259 Mansurova, Kamran H\u0259s\u0259nov v\u0259 Yaqub B\u0259hramov oynay\u0131rlar.<\/p>\n\n\n\n<p>S\u0259hn\u0259 \u0259s\u0259rind\u0259 xarici b\u0259st\u0259karlar\u0131n musiqil\u0259rind\u0259n, eyni zamanda, \u018fm\u0259kdar artist Sevda \u018fl\u0259kb\u0259rzad\u0259nin ifas\u0131ndan istifad\u0259 edilib. H\u0259m\u00e7inin Samir Qulamovun ifas\u0131nda Xalq \u015fairi Ramiz R\u00f6v\u015f\u0259nin \u015feirl\u0259rind\u0259n ibar\u0259t kompozisiya da s\u0259sl\u0259ndirilir.<\/p>\n\n\n\n<p>Biletl\u0259ri \u015f\u0259h\u0259rin b\u00fct\u00fcn m\u0259rk\u0259zl\u0259\u015fdirilmi\u015f kassalar\u0131ndan, \u201cASAN Xidm\u0259t\u201d m\u0259rk\u0259zl\u0259rind\u0259n, el\u0259c\u0259 d\u0259 &#8220;\u0130ticket.az\u201d sayt\u0131ndan \u0259ld\u0259 etm\u0259k olar.<\/p>\n\n\n\n<p>Kollektiv sifari\u015fl\u0259r d\u0259 q\u0259bul olunur.<\/p>\n\n\n\n<p><strong>M\u0259nb\u0259:\u00a0<a href=\"https:\/\/azertag.az\/\">https:\/\/azertag.az\/<\/a><\/strong><\/p>\n","protected":false},"excerpt":{"rendered":"<p>Aprelin 29-da Az\u0259rbaycan D\u00f6vl\u0259t Akademik Musiqili Teatr\u0131nda &#8220;M\u0259chul pill\u0259k\u0259n&#8221; balet tama\u015fas\u0131 oynan\u0131lacaq. Teatrdan&nbsp;AZ\u018fRTAC-a bildirilib ki, tama\u015fan\u0131n qurulu\u015f\u00e7u baletmeysteri, h\u0259m d\u0259 ba\u015f rolun ifa\u00e7\u0131s\u0131, g\u0259nc balet artisti M\u0259h\u0259mm\u0259d Abdullayev, qurulu\u015f\u00e7u rejissoru Samir Qulamov, qurulu\u015f\u00e7u r\u0259ssam\u0131 V\u00fcsal R\u0259himdir. S\u0259hn\u0259 \u0259s\u0259rind\u0259 \u0259sas qad\u0131n rolunu Aynur\u0259 \u018fsg\u0259rova, solo partiyalar\u0131 is\u0259 M\u0259h\u0259mm\u0259d Abdullayevl\u0259 Roman Krasnov ifa edirl\u0259r. K\u00fctl\u0259vi s\u0259hn\u0259l\u0259rd\u0259 teatr\u0131n [&hellip;]<\/p>\n","protected":false},"author":2,"featured_media":0,"comment_status":"open","ping_status":"open","sticky":false,"template":"","format":"standard","meta":{"footnotes":""},"categories":[49],"tags":[],"class_list":["post-45826","post","type-post","status-publish","format-standard","hentry","category-medeniyyat"],"_links":{"self":[{"href":"http:\/\/edebiyyat-az.com\/index.php?rest_route=\/wp\/v2\/posts\/45826","targetHints":{"allow":["GET"]}}],"collection":[{"href":"http:\/\/edebiyyat-az.com\/index.php?rest_route=\/wp\/v2\/posts"}],"about":[{"href":"http:\/\/edebiyyat-az.com\/index.php?rest_route=\/wp\/v2\/types\/post"}],"author":[{"embeddable":true,"href":"http:\/\/edebiyyat-az.com\/index.php?rest_route=\/wp\/v2\/users\/2"}],"replies":[{"embeddable":true,"href":"http:\/\/edebiyyat-az.com\/index.php?rest_route=%2Fwp%2Fv2%2Fcomments&post=45826"}],"version-history":[{"count":1,"href":"http:\/\/edebiyyat-az.com\/index.php?rest_route=\/wp\/v2\/posts\/45826\/revisions"}],"predecessor-version":[{"id":45844,"href":"http:\/\/edebiyyat-az.com\/index.php?rest_route=\/wp\/v2\/posts\/45826\/revisions\/45844"}],"wp:attachment":[{"href":"http:\/\/edebiyyat-az.com\/index.php?rest_route=%2Fwp%2Fv2%2Fmedia&parent=45826"}],"wp:term":[{"taxonomy":"category","embeddable":true,"href":"http:\/\/edebiyyat-az.com\/index.php?rest_route=%2Fwp%2Fv2%2Fcategories&post=45826"},{"taxonomy":"post_tag","embeddable":true,"href":"http:\/\/edebiyyat-az.com\/index.php?rest_route=%2Fwp%2Fv2%2Ftags&post=45826"}],"curies":[{"name":"wp","href":"https:\/\/api.w.org\/{rel}","templated":true}]}}