{"id":45830,"date":"2023-04-26T11:00:00","date_gmt":"2023-04-26T07:00:00","guid":{"rendered":"https:\/\/edebiyyat-az.com\/?p=45830"},"modified":"2023-04-27T17:32:54","modified_gmt":"2023-04-27T13:32:54","slug":"haaqada-general-polad-h%c9%99simova-h%c9%99sr-edilmis-kitabin-t%c9%99qdimati-kecirilib","status":"publish","type":"post","link":"http:\/\/edebiyyat-az.com\/?p=45830","title":{"rendered":"Haaqada general Polad H\u0259\u015fimova h\u0259sr edilmi\u015f kitab\u0131n t\u0259qdimat\u0131 ke\u00e7irilib"},"content":{"rendered":"\n<figure class=\"wp-block-image size-large\"><img decoding=\"async\" src=\"https:\/\/azertag.az\/files\/galleryphoto\/2023\/1\/1000x669\/16825007515010633938_1000x669.jpg\" alt=\"\"\/><\/figure>\n\n\n\n<p>Niderland Krall\u0131\u011f\u0131ndak\u0131 Az\u0259rbaycan s\u0259firliyinin v\u0259 Diasporla i\u015f \u00fczr\u0259 D\u00f6vl\u0259t Komit\u0259sinin d\u0259st\u0259yi v\u0259 bu \u00f6lk\u0259d\u0259ki \u201cAna V\u0259t\u0259n\u201d Avropa Az\u0259rbaycanl\u0131 Qad\u0131nlar Assosiasiyas\u0131n\u0131n t\u0259\u015fkilat\u00e7\u0131l\u0131\u011f\u0131 il\u0259 Rotterdam \u015f\u0259h\u0259rind\u0259 ya\u015fayan \u015fair Yas\u0259m\u0259n Qaran\u0131n \u015f\u0259hid general, Az\u0259rbaycan\u0131n Milli Q\u0259hr\u0259man\u0131 Polad H\u0259\u015fimova h\u0259sr etdiyi \u201c\u018ffsan\u0259vi General\u201d adl\u0131 kitab\u0131n\u0131n t\u0259qdimat m\u0259rasimi ke\u00e7irilib.<\/p>\n\n\n\n<p><a href=\"https:\/\/azertag.az\/\" target=\"_blank\" rel=\"noreferrer noopener\">AZ\u018fRTAC<\/a>&nbsp;x\u0259b\u0259r verir ki, m\u0259rasimd\u0259 \u018fvv\u0259lc\u0259 Az\u0259rbaycan\u0131n \u0259razi b\u00fct\u00f6vl\u00fcy\u00fc v\u0259 m\u00fcst\u0259qilliyi u\u011frunda canlar\u0131ndan ke\u00e7mi\u015f \u015f\u0259hidl\u0259rimizin \u0259ziz xatir\u0259si bir d\u0259qiq\u0259lik s\u00fckutla yad edilib.<\/p>\n\n\n\n<p>T\u0259dbiri giri\u015f s\u00f6z\u00fc il\u0259 a\u00e7an t\u0259\u015fkilat\u00e7\u0131 \u201cAna V\u0259t\u0259n\u201d Avropa az\u0259rbaycanl\u0131 Qad\u0131nlar Assosiasiyas\u0131n\u0131n s\u0259dri Mayis\u0259 A\u011famirz\u0259yeva Polad H\u0259\u015fimova h\u0259sr edilmi\u015f kitab\u0131n Niderlandda t\u0259qdimat\u0131n\u0131n ke\u00e7irilm\u0259sinin q\u00fcrurverici oldu\u011funu vur\u011fulay\u0131b.<\/p>\n\n\n\n<p>Kitab\u0131n m\u00fc\u0259llifi Yas\u0259m\u0259n Qara kitab\u0131 yazark\u0259n ke\u00e7irdiyi hissl\u0259rd\u0259n, general Polad H\u0259\u015fimovdan dan\u0131\u015f\u0131b, d\u00fc\u015f\u00fcnc\u0259l\u0259rini t\u0259dbir i\u015ftirak\u00e7\u0131lar\u0131 il\u0259 b\u00f6l\u00fc\u015f\u00fcb.<\/p>\n\n\n\n<p>Benel\u00fcks Az\u0259rbaycanl\u0131lar\u0131 Konqresinin (BAK) s\u0259dri Elsev\u0259r M\u0259mm\u0259dov, m\u00fcavini Sima C\u0259f\u0259rova, Beyn\u0259lxalq qad\u0131nlar Klubunun s\u0259dri K\u0259mal\u0259 C\u0259lilova, Az\u0259rbaycan\u2013Niderland \u201cOdlar Yurdu\u201d C\u0259miyy\u0259tinin \u00fczv\u00fc Nem\u0259ta\u011fa \u018fliyev \u00e7\u0131x\u0131\u015f ed\u0259r\u0259k, general Polad H\u0259\u015fimovla ba\u011fl\u0131 \u00fcr\u0259k s\u00f6zl\u0259rini s\u00f6yl\u0259yib, kitab\u0131n m\u00fc\u0259llifinin diaspor f\u0259aliyy\u0259tin\u0259 toxunublar.<\/p>\n\n\n\n<p>T\u00fcrk icmas\u0131n\u0131n \u00fczvl\u0259ri Tahsin \u00c7etinkaya, Remzi Kabaday\u0131, Haluk Ba\u015ft\u0131mar, \u00dcmit Akbulu da \u00e7\u0131x\u0131\u015flar\u0131 zaman\u0131 44 g\u00fcnl\u00fck Qaraba\u011f m\u00fcharib\u0259si d\u00f6vr\u00fcnd\u0259 ke\u00e7irdikl\u0259ri hissl\u0259rini b\u00f6l\u00fc\u015f\u00fcb, Milli Q\u0259hr\u0259man general Polad H\u0259\u015fimovun \u0259ziz xatir\u0259sini ehtiramla an\u0131blar.<\/p>\n\n\n\n<p>General Polad H\u0259\u015fimovun anas\u0131 S\u0259may\u0259 H\u0259\u015fimova t\u0259dbir\u0259 videoba\u011flant\u0131 vasit\u0259sil\u0259 qo\u015fularaq o\u011flu haqq\u0131nda dan\u0131\u015f\u0131b, t\u0259dbir i\u015ftirak\u00e7\u0131lar\u0131na t\u0259\u015f\u0259kk\u00fcr edib. \u015e\u0259hid Elman \u018fliyevin d\u0259 anas\u0131 t\u0259dbir\u0259 videokkonfrans vasit\u0259sil\u0259 qo\u015fulub v\u0259 \u00fcr\u0259k s\u00f6zl\u0259rini s\u00f6yl\u0259yib.<\/p>\n\n\n\n<p>T\u0259dbir Opera v\u0259 Balet Teatr\u0131n\u0131n solisti, I Mu\u011fam Televiziya M\u00fcsabiq\u0259sinin laureat\u0131 V\u00fcsal\u0259 Cabir, Cavid S\u0259limov (tar), Az\u0259rbaycan\u0131n \u018fm\u0259kdar artisti X\u0259yyam M\u0259mm\u0259dov (kaman\u00e7a), \u0130lkin \u018flizad\u0259 (piano) v\u0259 B\u0259xtiyar Eybaliyevin ifas\u0131nda musiqi proqram\u0131 il\u0259 davam edib.<\/p>\n\n\n\n<p><em><strong>\u015e\u0259hla A\u011falarova<\/strong><\/em><\/p>\n\n\n\n<p><em><strong><a href=\"https:\/\/azertag.az\/\" target=\"_blank\" rel=\"noreferrer noopener\">AZ\u018fRTAC<\/a>-\u0131n x\u00fcsusi m\u00fcxbiri<\/strong><\/em><\/p>\n\n\n\n<p><em><strong>Haaqa&nbsp;<\/strong><\/em><\/p>\n\n\n\n<p><strong>M\u0259nb\u0259:\u00a0<a href=\"https:\/\/azertag.az\/\">https:\/\/azertag.az\/<\/a><\/strong><\/p>\n","protected":false},"excerpt":{"rendered":"<p>Niderland Krall\u0131\u011f\u0131ndak\u0131 Az\u0259rbaycan s\u0259firliyinin v\u0259 Diasporla i\u015f \u00fczr\u0259 D\u00f6vl\u0259t Komit\u0259sinin d\u0259st\u0259yi v\u0259 bu \u00f6lk\u0259d\u0259ki \u201cAna V\u0259t\u0259n\u201d Avropa Az\u0259rbaycanl\u0131 Qad\u0131nlar Assosiasiyas\u0131n\u0131n t\u0259\u015fkilat\u00e7\u0131l\u0131\u011f\u0131 il\u0259 Rotterdam \u015f\u0259h\u0259rind\u0259 ya\u015fayan \u015fair Yas\u0259m\u0259n Qaran\u0131n \u015f\u0259hid general, Az\u0259rbaycan\u0131n Milli Q\u0259hr\u0259man\u0131 Polad H\u0259\u015fimova h\u0259sr etdiyi \u201c\u018ffsan\u0259vi General\u201d adl\u0131 kitab\u0131n\u0131n t\u0259qdimat m\u0259rasimi ke\u00e7irilib. AZ\u018fRTAC&nbsp;x\u0259b\u0259r verir ki, m\u0259rasimd\u0259 \u018fvv\u0259lc\u0259 Az\u0259rbaycan\u0131n \u0259razi b\u00fct\u00f6vl\u00fcy\u00fc v\u0259 m\u00fcst\u0259qilliyi u\u011frunda [&hellip;]<\/p>\n","protected":false},"author":2,"featured_media":0,"comment_status":"open","ping_status":"open","sticky":false,"template":"","format":"standard","meta":{"footnotes":""},"categories":[49],"tags":[],"class_list":["post-45830","post","type-post","status-publish","format-standard","hentry","category-medeniyyat"],"_links":{"self":[{"href":"http:\/\/edebiyyat-az.com\/index.php?rest_route=\/wp\/v2\/posts\/45830","targetHints":{"allow":["GET"]}}],"collection":[{"href":"http:\/\/edebiyyat-az.com\/index.php?rest_route=\/wp\/v2\/posts"}],"about":[{"href":"http:\/\/edebiyyat-az.com\/index.php?rest_route=\/wp\/v2\/types\/post"}],"author":[{"embeddable":true,"href":"http:\/\/edebiyyat-az.com\/index.php?rest_route=\/wp\/v2\/users\/2"}],"replies":[{"embeddable":true,"href":"http:\/\/edebiyyat-az.com\/index.php?rest_route=%2Fwp%2Fv2%2Fcomments&post=45830"}],"version-history":[{"count":1,"href":"http:\/\/edebiyyat-az.com\/index.php?rest_route=\/wp\/v2\/posts\/45830\/revisions"}],"predecessor-version":[{"id":45846,"href":"http:\/\/edebiyyat-az.com\/index.php?rest_route=\/wp\/v2\/posts\/45830\/revisions\/45846"}],"wp:attachment":[{"href":"http:\/\/edebiyyat-az.com\/index.php?rest_route=%2Fwp%2Fv2%2Fmedia&parent=45830"}],"wp:term":[{"taxonomy":"category","embeddable":true,"href":"http:\/\/edebiyyat-az.com\/index.php?rest_route=%2Fwp%2Fv2%2Fcategories&post=45830"},{"taxonomy":"post_tag","embeddable":true,"href":"http:\/\/edebiyyat-az.com\/index.php?rest_route=%2Fwp%2Fv2%2Ftags&post=45830"}],"curies":[{"name":"wp","href":"https:\/\/api.w.org\/{rel}","templated":true}]}}