{"id":45834,"date":"2023-04-27T08:00:00","date_gmt":"2023-04-27T04:00:00","guid":{"rendered":"https:\/\/edebiyyat-az.com\/?p=45834"},"modified":"2023-04-27T17:36:04","modified_gmt":"2023-04-27T13:36:04","slug":"milli-kitabxanada-akademik-z%c9%99rif%c9%99-%c9%99liyeva-100-adli-toplu-hazirlanib","status":"publish","type":"post","link":"http:\/\/edebiyyat-az.com\/?p=45834","title":{"rendered":"Milli Kitabxanada \u201cAkademik Z\u0259rif\u0259 \u018fliyeva \u2013 100\u201d adl\u0131 toplu haz\u0131rlan\u0131b"},"content":{"rendered":"\n<figure class=\"wp-block-image size-large\"><img decoding=\"async\" src=\"https:\/\/azertag.az\/files\/2023\/1\/1200x630\/16825845332251857637_1200x630.jpg\" alt=\"\"\/><\/figure>\n\n\n\n<p>Az\u0259rbaycan\u0131n g\u00f6rk\u0259mli alimi, \u018fm\u0259kdar elm xadimi, tibb elml\u0259ri doktoru, professor, Az\u0259rbaycan Elml\u0259r Akademiyas\u0131n\u0131n h\u0259qiqi \u00fczv\u00fc Z\u0259rif\u0259 xan\u0131m \u018fliyevan\u0131n anadan olmas\u0131n\u0131n 100 illiyi m\u00fcnasib\u0259tli Milli Kitabxanan\u0131n \u0259m\u0259kda\u015flar\u0131 t\u0259r\u0259find\u0259n \u201cAkademik Z\u0259rif\u0259 \u018fliyeva \u2013 100\u201d adl\u0131 toplu (daycest) haz\u0131rlan\u0131b.<\/p>\n\n\n\n<p>Kitabxanadan&nbsp;<a href=\"https:\/\/azertag.az\/\" target=\"_blank\" rel=\"noreferrer noopener\">AZ\u018fRTAC<\/a>-a bildirilib ki, t\u0259qdim olunan topluda g\u00f6rk\u0259mli alim il\u0259 ba\u011fl\u0131 2019-2023-c\u00fc ill\u0259rd\u0259 d\u00f6vri m\u0259tbuat s\u0259hif\u0259l\u0259rind\u0259 d\u0259rc edilmi\u015f m\u0259qal\u0259l\u0259r ara\u015fd\u0131r\u0131l\u0131b v\u0259 se\u00e7m\u0259 yolu il\u0259 istifad\u0259\u00e7il\u0259rin diqq\u0259tin\u0259 t\u0259qdim olunub. Topluda m\u0259qal\u0259l\u0259r ill\u0259r \u00fczr\u0259, daxild\u0259 is\u0259 \u0259lifba ard\u0131c\u0131ll\u0131\u011f\u0131 il\u0259 verilib.<\/p>\n\n\n\n<p>Toplu il\u0259 tan\u0131\u015f olmaq ist\u0259y\u0259nl\u0259r&nbsp;<a href=\"http:\/\/anl.az\/down\/Z.Eliyeva100.pdf\" target=\"_blank\" rel=\"noreferrer noopener\">http:\/\/anl.az\/down\/Z.Eliyeva100.pdf<\/a>&nbsp;linkind\u0259n istifad\u0259 ed\u0259 bil\u0259rl\u0259r.<\/p>\n\n\n\n<p><strong>M\u0259nb\u0259:\u00a0<a href=\"https:\/\/azertag.az\/\">https:\/\/azertag.az\/<\/a><\/strong><\/p>\n","protected":false},"excerpt":{"rendered":"<p>Az\u0259rbaycan\u0131n g\u00f6rk\u0259mli alimi, \u018fm\u0259kdar elm xadimi, tibb elml\u0259ri doktoru, professor, Az\u0259rbaycan Elml\u0259r Akademiyas\u0131n\u0131n h\u0259qiqi \u00fczv\u00fc Z\u0259rif\u0259 xan\u0131m \u018fliyevan\u0131n anadan olmas\u0131n\u0131n 100 illiyi m\u00fcnasib\u0259tli Milli Kitabxanan\u0131n \u0259m\u0259kda\u015flar\u0131 t\u0259r\u0259find\u0259n \u201cAkademik Z\u0259rif\u0259 \u018fliyeva \u2013 100\u201d adl\u0131 toplu (daycest) haz\u0131rlan\u0131b. Kitabxanadan&nbsp;AZ\u018fRTAC-a bildirilib ki, t\u0259qdim olunan topluda g\u00f6rk\u0259mli alim il\u0259 ba\u011fl\u0131 2019-2023-c\u00fc ill\u0259rd\u0259 d\u00f6vri m\u0259tbuat s\u0259hif\u0259l\u0259rind\u0259 d\u0259rc edilmi\u015f m\u0259qal\u0259l\u0259r ara\u015fd\u0131r\u0131l\u0131b [&hellip;]<\/p>\n","protected":false},"author":2,"featured_media":0,"comment_status":"open","ping_status":"open","sticky":false,"template":"","format":"standard","meta":{"footnotes":""},"categories":[49],"tags":[],"class_list":["post-45834","post","type-post","status-publish","format-standard","hentry","category-medeniyyat"],"_links":{"self":[{"href":"http:\/\/edebiyyat-az.com\/index.php?rest_route=\/wp\/v2\/posts\/45834","targetHints":{"allow":["GET"]}}],"collection":[{"href":"http:\/\/edebiyyat-az.com\/index.php?rest_route=\/wp\/v2\/posts"}],"about":[{"href":"http:\/\/edebiyyat-az.com\/index.php?rest_route=\/wp\/v2\/types\/post"}],"author":[{"embeddable":true,"href":"http:\/\/edebiyyat-az.com\/index.php?rest_route=\/wp\/v2\/users\/2"}],"replies":[{"embeddable":true,"href":"http:\/\/edebiyyat-az.com\/index.php?rest_route=%2Fwp%2Fv2%2Fcomments&post=45834"}],"version-history":[{"count":1,"href":"http:\/\/edebiyyat-az.com\/index.php?rest_route=\/wp\/v2\/posts\/45834\/revisions"}],"predecessor-version":[{"id":45848,"href":"http:\/\/edebiyyat-az.com\/index.php?rest_route=\/wp\/v2\/posts\/45834\/revisions\/45848"}],"wp:attachment":[{"href":"http:\/\/edebiyyat-az.com\/index.php?rest_route=%2Fwp%2Fv2%2Fmedia&parent=45834"}],"wp:term":[{"taxonomy":"category","embeddable":true,"href":"http:\/\/edebiyyat-az.com\/index.php?rest_route=%2Fwp%2Fv2%2Fcategories&post=45834"},{"taxonomy":"post_tag","embeddable":true,"href":"http:\/\/edebiyyat-az.com\/index.php?rest_route=%2Fwp%2Fv2%2Ftags&post=45834"}],"curies":[{"name":"wp","href":"https:\/\/api.w.org\/{rel}","templated":true}]}}