{"id":45836,"date":"2023-04-27T09:00:00","date_gmt":"2023-04-27T05:00:00","guid":{"rendered":"https:\/\/edebiyyat-az.com\/?p=45836"},"modified":"2023-04-27T17:37:15","modified_gmt":"2023-04-27T13:37:15","slug":"danisan-g%c9%99lincik-susa-teatrinda-yenid%c9%99n-numayis-olunacaq","status":"publish","type":"post","link":"http:\/\/edebiyyat-az.com\/?p=45836","title":{"rendered":"\u201cDan\u0131\u015fan g\u0259lincik\u201d \u015eu\u015fa Teatr\u0131nda yenid\u0259n n\u00fcmayi\u015f olunacaq"},"content":{"rendered":"\n<figure class=\"wp-block-image size-large\"><img decoding=\"async\" src=\"https:\/\/azertag.az\/files\/2023\/1\/1200x630\/16825806305332734304_1200x630.jpg\" alt=\"\"\/><\/figure>\n\n\n\n<p>Aprelin 29-da \u015eu\u015fa D\u00f6vl\u0259t Musiqili Dram Teatr\u0131nda u\u015faqlar \u00fc\u00e7\u00fcn Abdulla \u015eaiqin eyniadl\u0131 \u0259s\u0259ri \u0259sas\u0131nda haz\u0131rlanan \u201cDan\u0131\u015fan g\u0259lincik\u201d tama\u015fas\u0131 n\u00f6vb\u0259ti d\u0259f\u0259 n\u00fcmayi\u015f olunacaq.<\/p>\n\n\n\n<p><a href=\"https:\/\/azertag.az\/\" target=\"_blank\" rel=\"noreferrer noopener\">AZ\u018fRTAC<\/a>&nbsp;x\u0259b\u0259r verir ki, na\u011f\u0131l i\u00e7ind\u0259 na\u011f\u0131l \u00fcslubu il\u0259 davam ed\u0259n tama\u015fan\u0131n qurulu\u015f\u00e7u rejissoru, \u018fm\u0259kdar artist Lo\u011fman K\u0259rimov, rejissoru Lal\u0259 \u015eirinova, r\u0259ssam\u0131 Valeh M\u0259mm\u0259dov, musiqi t\u0259rtibat\u00e7\u0131s\u0131, \u018fm\u0259kdar artist Azad M\u0259mm\u0259dovdur.<\/p>\n\n\n\n<p>Qeyd ed\u0259k ki, tama\u015fan\u0131n \u0259sas s\u00fcjet x\u0259ttini pad\u015fah q\u0131z\u0131 olan \u015fahzad\u0259 xan\u0131m\u0131n \u0259rk\u0259s\u00f6y\u00fcnl\u00fcy\u00fc t\u0259\u015fkil edir. Bu da balaca \u015fahzad\u0259nin dig\u0259r h\u0259mya\u015f\u0131dlar\u0131 il\u0259 \u00fcnsiyy\u0259t qurmas\u0131nda ona mane olur.<\/p>\n\n\n\n<p>Biletl\u0259ri iTicket.az sayt\u0131 v\u0259 \u015f\u0259h\u0259rin kassalar\u0131ndan \u0259ld\u0259 etm\u0259k olar.<\/p>\n\n\n\n<p><strong style=\"color: rgb(17, 17, 17); white-space: normal;\">M\u0259nb\u0259:\u00a0<a style=\"text-decoration-line: underline;\" href=\"https:\/\/azertag.az\/\">https:\/\/azertag.az\/<\/a><\/strong><\/p>\n","protected":false},"excerpt":{"rendered":"<p>Aprelin 29-da \u015eu\u015fa D\u00f6vl\u0259t Musiqili Dram Teatr\u0131nda u\u015faqlar \u00fc\u00e7\u00fcn Abdulla \u015eaiqin eyniadl\u0131 \u0259s\u0259ri \u0259sas\u0131nda haz\u0131rlanan \u201cDan\u0131\u015fan g\u0259lincik\u201d tama\u015fas\u0131 n\u00f6vb\u0259ti d\u0259f\u0259 n\u00fcmayi\u015f olunacaq. AZ\u018fRTAC&nbsp;x\u0259b\u0259r verir ki, na\u011f\u0131l i\u00e7ind\u0259 na\u011f\u0131l \u00fcslubu il\u0259 davam ed\u0259n tama\u015fan\u0131n qurulu\u015f\u00e7u rejissoru, \u018fm\u0259kdar artist Lo\u011fman K\u0259rimov, rejissoru Lal\u0259 \u015eirinova, r\u0259ssam\u0131 Valeh M\u0259mm\u0259dov, musiqi t\u0259rtibat\u00e7\u0131s\u0131, \u018fm\u0259kdar artist Azad M\u0259mm\u0259dovdur. Qeyd ed\u0259k ki, tama\u015fan\u0131n [&hellip;]<\/p>\n","protected":false},"author":2,"featured_media":0,"comment_status":"open","ping_status":"open","sticky":false,"template":"","format":"standard","meta":{"footnotes":""},"categories":[49],"tags":[],"class_list":["post-45836","post","type-post","status-publish","format-standard","hentry","category-medeniyyat"],"_links":{"self":[{"href":"http:\/\/edebiyyat-az.com\/index.php?rest_route=\/wp\/v2\/posts\/45836","targetHints":{"allow":["GET"]}}],"collection":[{"href":"http:\/\/edebiyyat-az.com\/index.php?rest_route=\/wp\/v2\/posts"}],"about":[{"href":"http:\/\/edebiyyat-az.com\/index.php?rest_route=\/wp\/v2\/types\/post"}],"author":[{"embeddable":true,"href":"http:\/\/edebiyyat-az.com\/index.php?rest_route=\/wp\/v2\/users\/2"}],"replies":[{"embeddable":true,"href":"http:\/\/edebiyyat-az.com\/index.php?rest_route=%2Fwp%2Fv2%2Fcomments&post=45836"}],"version-history":[{"count":1,"href":"http:\/\/edebiyyat-az.com\/index.php?rest_route=\/wp\/v2\/posts\/45836\/revisions"}],"predecessor-version":[{"id":45849,"href":"http:\/\/edebiyyat-az.com\/index.php?rest_route=\/wp\/v2\/posts\/45836\/revisions\/45849"}],"wp:attachment":[{"href":"http:\/\/edebiyyat-az.com\/index.php?rest_route=%2Fwp%2Fv2%2Fmedia&parent=45836"}],"wp:term":[{"taxonomy":"category","embeddable":true,"href":"http:\/\/edebiyyat-az.com\/index.php?rest_route=%2Fwp%2Fv2%2Fcategories&post=45836"},{"taxonomy":"post_tag","embeddable":true,"href":"http:\/\/edebiyyat-az.com\/index.php?rest_route=%2Fwp%2Fv2%2Ftags&post=45836"}],"curies":[{"name":"wp","href":"https:\/\/api.w.org\/{rel}","templated":true}]}}