{"id":45838,"date":"2023-04-27T10:00:00","date_gmt":"2023-04-27T06:00:00","guid":{"rendered":"https:\/\/edebiyyat-az.com\/?p=45838"},"modified":"2023-04-27T17:38:02","modified_gmt":"2023-04-27T13:38:02","slug":"bas-idar%c9%99nin-heyd%c9%99r-%c9%99liyev-m%c9%99rk%c9%99zl%c9%99rin%c9%99-ekskursiyalar-davam-edir","status":"publish","type":"post","link":"http:\/\/edebiyyat-az.com\/?p=45838","title":{"rendered":"Ba\u015f \u0130dar\u0259nin Heyd\u0259r \u018fliyev m\u0259rk\u0259zl\u0259rin\u0259 ekskursiyalar davam edir"},"content":{"rendered":"\n<figure class=\"wp-block-image size-large is-resized\"><img loading=\"lazy\" decoding=\"async\" src=\"https:\/\/azertag.az\/files\/galleryphoto\/2023\/1\/1000x669\/16825823815803139474_1000x669.jpg\" alt=\"\" width=\"710\" height=\"473\"\/><\/figure>\n\n\n\n<p>\u00dcmummilli Lider Heyd\u0259r \u018fliyevin anadan olmas\u0131n\u0131n 100 illiyi \u00e7\u0259r\u00e7iv\u0259sind\u0259 Bak\u0131 \u015e\u0259h\u0259r M\u0259d\u0259niyy\u0259t Ba\u015f \u0130dar\u0259sinin Heyd\u0259r \u018fliyev m\u0259rk\u0259zl\u0259rin\u0259 m\u0259kt\u0259b \u015fagirdl\u0259rinin ekskursiyas\u0131 t\u0259\u015fkil olunub.<\/p>\n\n\n\n<p><a href=\"https:\/\/azertag.az\/\" target=\"_blank\" rel=\"noreferrer noopener\">AZ\u018fRTAC<\/a>&nbsp;x\u0259b\u0259r verir ki, Yasamal rayon Heyd\u0259r \u018fliyev M\u0259rk\u0259zind\u0259 153 v\u0259 38, Qarada\u011f rayon Heyd\u0259r \u018fliyev M\u0259rk\u0259zind\u0259 is\u0259 288 v\u0259 180 n\u00f6mr\u0259li tam orta m\u0259kt\u0259bl\u0259rin \u015fagirdl\u0259ri ekskursiyada olublar.<\/p>\n\n\n\n<p>Ekskursiya zaman\u0131 m\u0259kt\u0259blil\u0259r\u0259 Ulu \u00d6nd\u0259rin z\u0259ngin d\u00f6vl\u0259t\u00e7ilik irsini, h\u0259yat v\u0259 f\u0259aliyy\u0259tini \u00f6z\u00fcnd\u0259 \u0259ks etdir\u0259n eksponat v\u0259 fotostendl\u0259r haqq\u0131nda geni\u015f m\u0259lumat verilib.<\/p>\n\n\n\n<p><strong>M\u0259nb\u0259:\u00a0<a href=\"https:\/\/azertag.az\/\">https:\/\/azertag.az\/<\/a><\/strong><\/p>\n","protected":false},"excerpt":{"rendered":"<p>\u00dcmummilli Lider Heyd\u0259r \u018fliyevin anadan olmas\u0131n\u0131n 100 illiyi \u00e7\u0259r\u00e7iv\u0259sind\u0259 Bak\u0131 \u015e\u0259h\u0259r M\u0259d\u0259niyy\u0259t Ba\u015f \u0130dar\u0259sinin Heyd\u0259r \u018fliyev m\u0259rk\u0259zl\u0259rin\u0259 m\u0259kt\u0259b \u015fagirdl\u0259rinin ekskursiyas\u0131 t\u0259\u015fkil olunub. AZ\u018fRTAC&nbsp;x\u0259b\u0259r verir ki, Yasamal rayon Heyd\u0259r \u018fliyev M\u0259rk\u0259zind\u0259 153 v\u0259 38, Qarada\u011f rayon Heyd\u0259r \u018fliyev M\u0259rk\u0259zind\u0259 is\u0259 288 v\u0259 180 n\u00f6mr\u0259li tam orta m\u0259kt\u0259bl\u0259rin \u015fagirdl\u0259ri ekskursiyada olublar. Ekskursiya zaman\u0131 m\u0259kt\u0259blil\u0259r\u0259 Ulu \u00d6nd\u0259rin z\u0259ngin [&hellip;]<\/p>\n","protected":false},"author":2,"featured_media":0,"comment_status":"open","ping_status":"open","sticky":false,"template":"","format":"standard","meta":{"footnotes":""},"categories":[49],"tags":[],"class_list":["post-45838","post","type-post","status-publish","format-standard","hentry","category-medeniyyat"],"_links":{"self":[{"href":"http:\/\/edebiyyat-az.com\/index.php?rest_route=\/wp\/v2\/posts\/45838","targetHints":{"allow":["GET"]}}],"collection":[{"href":"http:\/\/edebiyyat-az.com\/index.php?rest_route=\/wp\/v2\/posts"}],"about":[{"href":"http:\/\/edebiyyat-az.com\/index.php?rest_route=\/wp\/v2\/types\/post"}],"author":[{"embeddable":true,"href":"http:\/\/edebiyyat-az.com\/index.php?rest_route=\/wp\/v2\/users\/2"}],"replies":[{"embeddable":true,"href":"http:\/\/edebiyyat-az.com\/index.php?rest_route=%2Fwp%2Fv2%2Fcomments&post=45838"}],"version-history":[{"count":1,"href":"http:\/\/edebiyyat-az.com\/index.php?rest_route=\/wp\/v2\/posts\/45838\/revisions"}],"predecessor-version":[{"id":45850,"href":"http:\/\/edebiyyat-az.com\/index.php?rest_route=\/wp\/v2\/posts\/45838\/revisions\/45850"}],"wp:attachment":[{"href":"http:\/\/edebiyyat-az.com\/index.php?rest_route=%2Fwp%2Fv2%2Fmedia&parent=45838"}],"wp:term":[{"taxonomy":"category","embeddable":true,"href":"http:\/\/edebiyyat-az.com\/index.php?rest_route=%2Fwp%2Fv2%2Fcategories&post=45838"},{"taxonomy":"post_tag","embeddable":true,"href":"http:\/\/edebiyyat-az.com\/index.php?rest_route=%2Fwp%2Fv2%2Ftags&post=45838"}],"curies":[{"name":"wp","href":"https:\/\/api.w.org\/{rel}","templated":true}]}}