{"id":45840,"date":"2023-04-27T11:00:00","date_gmt":"2023-04-27T07:00:00","guid":{"rendered":"https:\/\/edebiyyat-az.com\/?p=45840"},"modified":"2023-04-27T17:38:37","modified_gmt":"2023-04-27T13:38:37","slug":"m%c9%99d%c9%99niyy%c9%99t-nazirinin-qobustanda-v%c9%99t%c9%99ndaslari-q%c9%99bul-ed%c9%99c%c9%99yi-tarix-d%c9%99yisdirilib","status":"publish","type":"post","link":"http:\/\/edebiyyat-az.com\/?p=45840","title":{"rendered":"M\u0259d\u0259niyy\u0259t nazirinin Qobustanda v\u0259t\u0259nda\u015flar\u0131\u00a0q\u0259bul ed\u0259c\u0259yi tarix d\u0259yi\u015fdirilib"},"content":{"rendered":"\n<figure class=\"wp-block-image size-large\"><img decoding=\"async\" src=\"https:\/\/azertag.az\/files\/2023\/1\/1200x630\/16825824645330759157_1200x630.jpg\" alt=\"\"\/><\/figure>\n\n\n\n<p>M\u0259rk\u0259zi icra hakimiyy\u0259ti orqanlar\u0131 v\u0259 dig\u0259r idar\u0259etm\u0259 qurumlar\u0131n\u0131n r\u0259hb\u0259rl\u0259rinin \u015f\u0259h\u0259r v\u0259 rayonlarda v\u0259t\u0259nda\u015flar\u0131n q\u0259bulu c\u0259dv\u0259lin\u0259 \u0259sas\u0259n Az\u0259rbaycan Respublikas\u0131n\u0131n m\u0259d\u0259niyy\u0259t naziri Adil K\u0259rimlinin Qobustan rayonu Heyd\u0259r \u018fliyev M\u0259rk\u0259zind\u0259 (Qobustan \u015f\u0259h\u0259ri, Elyar V\u0259liyev k\u00fc\u00e7\u0259si, 162) \u0259sas\u0259n Qobustan, \u015eamax\u0131 \u015f\u0259h\u0259rl\u0259ri, A\u011fsu rayonundan olan v\u0259t\u0259nda\u015flar\u0131 q\u0259bulunun vaxt\u0131 d\u0259yi\u015fdirilib.<\/p>\n\n\n\n<p>Bu bar\u0259d\u0259&nbsp;<a href=\"https:\/\/azertag.az\/\" target=\"_blank\" rel=\"noreferrer noopener\">AZ\u018fRTAC<\/a>-a nazirlikd\u0259n bildirilib.<\/p>\n\n\n\n<p>Nazirlikd\u0259n veril\u0259n m\u0259lumata g\u00f6r\u0259, q\u0259bulun cari ilin may ay\u0131nda ke\u00e7irilm\u0259si planla\u015fd\u0131r\u0131l\u0131r. Tarix bar\u0259d\u0259 \u0259lav\u0259 m\u0259lumat veril\u0259c\u0259k.<\/p>\n\n\n\n<p><strong>M\u0259nb\u0259:\u00a0<a href=\"https:\/\/azertag.az\/\">https:\/\/azertag.az\/<\/a><\/strong><\/p>\n","protected":false},"excerpt":{"rendered":"<p>M\u0259rk\u0259zi icra hakimiyy\u0259ti orqanlar\u0131 v\u0259 dig\u0259r idar\u0259etm\u0259 qurumlar\u0131n\u0131n r\u0259hb\u0259rl\u0259rinin \u015f\u0259h\u0259r v\u0259 rayonlarda v\u0259t\u0259nda\u015flar\u0131n q\u0259bulu c\u0259dv\u0259lin\u0259 \u0259sas\u0259n Az\u0259rbaycan Respublikas\u0131n\u0131n m\u0259d\u0259niyy\u0259t naziri Adil K\u0259rimlinin Qobustan rayonu Heyd\u0259r \u018fliyev M\u0259rk\u0259zind\u0259 (Qobustan \u015f\u0259h\u0259ri, Elyar V\u0259liyev k\u00fc\u00e7\u0259si, 162) \u0259sas\u0259n Qobustan, \u015eamax\u0131 \u015f\u0259h\u0259rl\u0259ri, A\u011fsu rayonundan olan v\u0259t\u0259nda\u015flar\u0131 q\u0259bulunun vaxt\u0131 d\u0259yi\u015fdirilib. Bu bar\u0259d\u0259&nbsp;AZ\u018fRTAC-a nazirlikd\u0259n bildirilib. Nazirlikd\u0259n veril\u0259n m\u0259lumata g\u00f6r\u0259, q\u0259bulun cari ilin [&hellip;]<\/p>\n","protected":false},"author":2,"featured_media":0,"comment_status":"open","ping_status":"open","sticky":false,"template":"","format":"standard","meta":{"footnotes":""},"categories":[49],"tags":[],"class_list":["post-45840","post","type-post","status-publish","format-standard","hentry","category-medeniyyat"],"_links":{"self":[{"href":"http:\/\/edebiyyat-az.com\/index.php?rest_route=\/wp\/v2\/posts\/45840","targetHints":{"allow":["GET"]}}],"collection":[{"href":"http:\/\/edebiyyat-az.com\/index.php?rest_route=\/wp\/v2\/posts"}],"about":[{"href":"http:\/\/edebiyyat-az.com\/index.php?rest_route=\/wp\/v2\/types\/post"}],"author":[{"embeddable":true,"href":"http:\/\/edebiyyat-az.com\/index.php?rest_route=\/wp\/v2\/users\/2"}],"replies":[{"embeddable":true,"href":"http:\/\/edebiyyat-az.com\/index.php?rest_route=%2Fwp%2Fv2%2Fcomments&post=45840"}],"version-history":[{"count":1,"href":"http:\/\/edebiyyat-az.com\/index.php?rest_route=\/wp\/v2\/posts\/45840\/revisions"}],"predecessor-version":[{"id":45851,"href":"http:\/\/edebiyyat-az.com\/index.php?rest_route=\/wp\/v2\/posts\/45840\/revisions\/45851"}],"wp:attachment":[{"href":"http:\/\/edebiyyat-az.com\/index.php?rest_route=%2Fwp%2Fv2%2Fmedia&parent=45840"}],"wp:term":[{"taxonomy":"category","embeddable":true,"href":"http:\/\/edebiyyat-az.com\/index.php?rest_route=%2Fwp%2Fv2%2Fcategories&post=45840"},{"taxonomy":"post_tag","embeddable":true,"href":"http:\/\/edebiyyat-az.com\/index.php?rest_route=%2Fwp%2Fv2%2Ftags&post=45840"}],"curies":[{"name":"wp","href":"https:\/\/api.w.org\/{rel}","templated":true}]}}