{"id":46426,"date":"2023-05-25T03:00:00","date_gmt":"2023-05-24T23:00:00","guid":{"rendered":"https:\/\/edebiyyat-az.com\/?p=46426"},"modified":"2023-05-25T07:54:11","modified_gmt":"2023-05-25T03:54:11","slug":"kitabxanaya-ulu-ond%c9%99r%c9%99-h%c9%99sr-olunmus-yeni-seir-t%c9%99qdim-olundu","status":"publish","type":"post","link":"http:\/\/edebiyyat-az.com\/?p=46426","title":{"rendered":"Kitabxanaya Ulu \u00d6nd\u0259r\u0259 h\u0259sr olunmu\u015f yeni \u015feir t\u0259qdim olundu"},"content":{"rendered":"\n<figure class=\"wp-block-image size-full\"><a href=\"https:\/\/edebiyyat-az.com\/wp-content\/uploads\/2023\/05\/6263fe4e4fd5a.jpg\"><img loading=\"lazy\" decoding=\"async\" width=\"740\" height=\"793\" src=\"https:\/\/edebiyyat-az.com\/wp-content\/uploads\/2023\/05\/6263fe4e4fd5a.jpg\" alt=\"\" class=\"wp-image-46440\" srcset=\"http:\/\/edebiyyat-az.com\/wp-content\/uploads\/2023\/05\/6263fe4e4fd5a.jpg 740w, http:\/\/edebiyyat-az.com\/wp-content\/uploads\/2023\/05\/6263fe4e4fd5a-280x300.jpg 280w\" sizes=\"auto, (max-width: 740px) 100vw, 740px\" \/><\/a><\/figure>\n\n\n\n<p>Bak\u0131 \u015e\u0259h\u0259r M\u0259d\u0259niyy\u0259t Ba\u015f \u0130dar\u0259si Yasamal rayon M\u0259rk\u0259zl\u0259\u015fdirilmi\u015f Kitabxana Sisteminin M.\u015e.Vazeh ad\u0131na M\u0259rk\u0259zi Kitabxanas\u0131n\u0131n F\u0259xri oxucusu, AYB-nin v\u0259 AJB-nin \u00fczv\u00fc, \u201cT\u0259r\u0259qqi\u201d medal\u0131 laureat\u0131, BMT yan\u0131nda \u00dcmumd\u00fcnya S\u00fclh Federasiyas\u0131n\u0131n \u201cS\u00fclh s\u0259firi\u201d m\u00fckafat\u00e7\u0131s\u0131, \u201cVedibasar\u201d q\u0259zetinin redaktoru, \u015fair, yaz\u0131\u00e7\u0131-publisist N\u0259sib\u0259 \u0130srafilq\u0131z\u0131 Ulu \u00d6nd\u0259r Heyd\u0259r \u018fliyevin 100 illik yubileyin\u0259 h\u0259sr etdiyi yeni \u015feirini kitabxanaya t\u0259qdim etdi.<\/p>\n\n\n\n<p>M\u0259rk\u0259zi Kitabxanada h\u0259yata ke\u00e7iril\u0259n \u201cYarad\u0131c\u0131 oxucular\u0131m\u0131z\u201d layih\u0259sind\u0259 f\u0259al i\u015ftirak ed\u0259n N\u0259sib\u0259 \u0130srafilq\u0131z\u0131n\u0131n \u201cXilaskar\u0131m\u201d \u015feiri oxuculara t\u0259qdim olunur.<\/p>\n\n\n\n<p><strong>Xilaskar\u0131m<\/strong><\/p>\n\n\n\n<p>(Ulu \u00d6nd\u0259r Heyd\u0259r \u018fliyevin 100 illiyin\u0259 h\u0259sr edilib)<\/p>\n\n\n\n<p>S\u0259n zirv\u0259s\u0259n, uca da\u011fsan,<\/p>\n\n\n\n<p>Bol-b\u0259hr\u0259li ya\u015f\u0131l bagsan.<\/p>\n\n\n\n<p>S\u0259n alis\u0259n, s\u0259n aqils\u0259n,<\/p>\n\n\n\n<p>&nbsp;&nbsp;&nbsp;&nbsp;&nbsp; &nbsp;&nbsp;&nbsp;Tarix yazan bir alims\u0259n.<\/p>\n\n\n\n<p>\u00dcr\u0259kl\u0259r\u0259 dolub qald\u0131n,<\/p>\n\n\n\n<p>Bir \u0259b\u0259di mehman oldun.<\/p>\n\n\n\n<p>\u015e\u0259fa tapd\u0131n minbir d\u0259rd\u0259,<\/p>\n\n\n\n<p>B\u0259rab\u0259rin yox h\u00fcn\u0259rd\u0259.<\/p>\n\n\n\n<p>S\u0259n mill\u0259ti tan\u0131td\u0131n, bu d\u00fcnyaya, cahana.<\/p>\n\n\n\n<p>H\u0259r k\u0259lm\u0259nd\u0259 min hikm\u0259t, h\u0259r s\u00f6z\u00fcnd\u0259 min m\u0259na.<\/p>\n\n\n\n<p>Ad\u0131na \u201cXilaskar\u0131m\u201d, \u201cHeyd\u0259r baba\u201d dedil\u0259r.<\/p>\n\n\n\n<p>Mill\u0259t\u0259 ata oldun, \u201cHeyd\u0259r ata\u201d dedil\u0259r.<\/p>\n\n\n\n<p>S\u0259ns\u0259n al G\u00fcn\u0259\u015fimiz, nuruna boyan\u0131r\u0131q,<\/p>\n\n\n\n<p>\u015e\u0259f\u0259ql\u0259r s\u0131\u011fal\u0131nda h\u0259r sabah oyan\u0131r\u0131q.<\/p>\n\n\n\n<p>S\u0259n xalq\u0131n ke\u015fiyind\u0259 bir \u0259b\u0259di mayaksan,<\/p>\n\n\n\n<p>\u0130\u015finl\u0259, \u0259m\u0259linl\u0259 mill\u0259tin\u0259 dayaqsan.<\/p>\n\n\n\n<p>Oldu bayraqdar\u0131m\u0131z d\u0259mir yumruqlu \u0130lham,<\/p>\n\n\n\n<p>Bu \u015f\u0259r\u0259f\u0259, h\u00fcn\u0259r\u0259, d\u00fcnyalar qald\u0131 heyran.<\/p>\n\n\n\n<p>Bir yumruqda birl\u0259\u015fib sin\u0259 g\u0259rdik s\u0259ng\u0259r\u0259,<\/p>\n\n\n\n<p>Alq\u0131\u015f igid \u0259sg\u0259r\u0259, alq\u0131\u015f igid r\u0259hb\u0259r\u0259.<\/p>\n\n\n\n<p>M\u00f6ht\u0259\u015f\u0259m z\u0259f\u0259r \u00e7ald\u0131 d\u00f6y\u00fc\u015fl\u0259rd\u0259 ordumuz,<\/p>\n\n\n\n<p>Azadl\u0131\u011fa qovu\u015fdu bu m\u00fcq\u0259dd\u0259s yurdumuz.<\/p>\n\n\n\n<p>Qaraba\u011fda, \u015eu\u015fada dal\u011faland\u0131 bayra\u011f\u0131m,<\/p>\n\n\n\n<p>\u015e\u0259nlik etdi el-oba, g\u00fcld\u00fc yurdum, torpa\u011f\u0131m.<\/p>\n\n\n\n<p>\u018fqid\u0259n, amal\u0131nla s\u0259nin yolun haqq\u0131 yolu,<\/p>\n\n\n\n<p>S\u0259n mill\u0259tin o\u011fulsan s\u0259nin yolun xalq yolu.<\/p>\n\n\n\n<p>Ad\u0131n zirv\u0259l\u0259rd\u0259di, tarixl\u0259rd\u0259 qalacaq,<\/p>\n\n\n\n<p>S\u0259n tarixi yazm\u0131san, tarix s\u0259nd\u0259n yazacaq.<\/p>\n\n\n\n<p>Ey T\u00fcrk\u00fcn \u015fanl\u0131 o\u011flu, V\u0259t\u0259nin v\u0259t\u0259nda\u015f\u0131,<\/p>\n\n\n\n<p>T\u00fcrk\u00fcn ba\u015fqa kimi var, T\u00fcrkd\u00fc el\u0259 qarda\u015f\u0131.<\/p>\n\n\n\n<p>Bizi qoruyacaqd\u0131r Allah, m\u00fcq\u0259dd\u0259s \u201cQuran\u201d,<\/p>\n\n\n\n<p>Ya\u015fas\u0131n Az\u0259rbaycan, ya\u015fas\u0131n Ulu Turan.<\/p>\n","protected":false},"excerpt":{"rendered":"<p>Bak\u0131 \u015e\u0259h\u0259r M\u0259d\u0259niyy\u0259t Ba\u015f \u0130dar\u0259si Yasamal rayon M\u0259rk\u0259zl\u0259\u015fdirilmi\u015f Kitabxana Sisteminin M.\u015e.Vazeh ad\u0131na M\u0259rk\u0259zi Kitabxanas\u0131n\u0131n F\u0259xri oxucusu, AYB-nin v\u0259 AJB-nin \u00fczv\u00fc, \u201cT\u0259r\u0259qqi\u201d medal\u0131 laureat\u0131, BMT yan\u0131nda \u00dcmumd\u00fcnya S\u00fclh Federasiyas\u0131n\u0131n \u201cS\u00fclh s\u0259firi\u201d m\u00fckafat\u00e7\u0131s\u0131, \u201cVedibasar\u201d q\u0259zetinin redaktoru, \u015fair, yaz\u0131\u00e7\u0131-publisist N\u0259sib\u0259 \u0130srafilq\u0131z\u0131 Ulu \u00d6nd\u0259r Heyd\u0259r \u018fliyevin 100 illik yubileyin\u0259 h\u0259sr etdiyi yeni \u015feirini kitabxanaya t\u0259qdim etdi. M\u0259rk\u0259zi Kitabxanada h\u0259yata [&hellip;]<\/p>\n","protected":false},"author":2,"featured_media":0,"comment_status":"open","ping_status":"open","sticky":false,"template":"","format":"standard","meta":{"footnotes":""},"categories":[49],"tags":[],"class_list":["post-46426","post","type-post","status-publish","format-standard","hentry","category-medeniyyat"],"_links":{"self":[{"href":"http:\/\/edebiyyat-az.com\/index.php?rest_route=\/wp\/v2\/posts\/46426","targetHints":{"allow":["GET"]}}],"collection":[{"href":"http:\/\/edebiyyat-az.com\/index.php?rest_route=\/wp\/v2\/posts"}],"about":[{"href":"http:\/\/edebiyyat-az.com\/index.php?rest_route=\/wp\/v2\/types\/post"}],"author":[{"embeddable":true,"href":"http:\/\/edebiyyat-az.com\/index.php?rest_route=\/wp\/v2\/users\/2"}],"replies":[{"embeddable":true,"href":"http:\/\/edebiyyat-az.com\/index.php?rest_route=%2Fwp%2Fv2%2Fcomments&post=46426"}],"version-history":[{"count":2,"href":"http:\/\/edebiyyat-az.com\/index.php?rest_route=\/wp\/v2\/posts\/46426\/revisions"}],"predecessor-version":[{"id":46448,"href":"http:\/\/edebiyyat-az.com\/index.php?rest_route=\/wp\/v2\/posts\/46426\/revisions\/46448"}],"wp:attachment":[{"href":"http:\/\/edebiyyat-az.com\/index.php?rest_route=%2Fwp%2Fv2%2Fmedia&parent=46426"}],"wp:term":[{"taxonomy":"category","embeddable":true,"href":"http:\/\/edebiyyat-az.com\/index.php?rest_route=%2Fwp%2Fv2%2Fcategories&post=46426"},{"taxonomy":"post_tag","embeddable":true,"href":"http:\/\/edebiyyat-az.com\/index.php?rest_route=%2Fwp%2Fv2%2Ftags&post=46426"}],"curies":[{"name":"wp","href":"https:\/\/api.w.org\/{rel}","templated":true}]}}