{"id":46540,"date":"2023-06-01T04:00:00","date_gmt":"2023-06-01T00:00:00","guid":{"rendered":"https:\/\/edebiyyat-az.com\/?p=46540"},"modified":"2023-06-01T08:00:11","modified_gmt":"2023-06-01T04:00:11","slug":"az%c9%99rbaycanli-sair%c9%99-publisist-n%c9%99cib%c9%99-ilkinin-seiri-turkay-ayliq-%c9%99d%c9%99biyyat-d%c9%99rgisinin-iyun-sayinda-isiq-uzu-gorub","status":"publish","type":"post","link":"http:\/\/edebiyyat-az.com\/?p=46540","title":{"rendered":"Az\u0259rbaycanl\u0131 \u015fair\u0259-publisist N\u0259cib\u0259 \u0130lkinin \u015feiri \u201cT\u00fcrkay\u201d ayl\u0131q \u0259d\u0259biyyat d\u0259rgisinin \u0130yun say\u0131nda i\u015f\u0131q \u00fcz\u00fc g\u00f6r\u00fcb"},"content":{"rendered":"\n<figure class=\"wp-block-image size-large\"><a href=\"http:\/\/edebiyyat-az.com\/wp-content\/uploads\/2023\/06\/Turkay-dergisi-6.jpg\"><img decoding=\"async\" src=\"http:\/\/edebiyyat-az.com\/wp-content\/uploads\/2023\/06\/Turkay-dergisi-6-734x1024.jpg\" alt=\"\" class=\"wp-image-46543\"\/><\/a><\/figure>\n\n\n\n<p><em><strong>Az\u0259rbaycan Yaz\u0131\u00e7\u0131lar v\u0259 Jurnalistl\u0259r Birlikl\u0259rinin \u00fczv\u00fc, Az\u0259rbaycan Respublikas\u0131 Prezidenti T\u0259qa\u00fcd Fondunun t\u0259qa\u00fcd\u00e7\u00fcs\u00fc, \u201cAzad q\u0259l\u0259m\u201d \u0259d\u0259bi-b\u0259dii, ictimai-publisistik q\u0259zetinin v\u0259 \u201cAli Ziya\u201d \u0259d\u0259bi-b\u0259dii, elmi-publisistik jurnal\u0131n\u0131n t\u0259sis\u00e7isi v\u0259 ba\u015f redaktoru<\/strong><\/em>, Az\u0259rbaycanl\u0131 \u015fair\u0259-publisist N\u0259cib\u0259 \u0130lkinin &#8220;\u015e\u0259hid qoxuyur pay\u0131z&#8221; adl\u0131 \u015feiri \u201cT\u00fcrkay\u201d ayl\u0131q \u0259d\u0259biyyat d\u0259rgisinin \u0130yun say\u0131nda i\u015f\u0131q \u00fcz\u00fc g\u00f6r\u00fcb<\/p>\n\n\n\n<p><a href=\"http:\/\/hecetaslari.com\/turkaydergisi\/turkay1sayi6iyun2023.pdf\">http:\/\/hecetaslari.com\/turkaydergisi\/turkay1sayi6iyun2023.pdf<\/a><\/p>\n\n\n\n<p><strong>Az\u0259rbaycan\u0131n M\u0259d\u0259niyy\u0259t v\u0259 \u018fd\u0259biyyat Portal\u0131n\u0131n M\u0259tbuat xidm\u0259ti v\u0259 \u0130ctimaiyy\u0259tl\u0259 \u0259laq\u0259l\u0259r \u015f\u00f6b\u0259si.<\/strong><\/p>\n","protected":false},"excerpt":{"rendered":"<p>Az\u0259rbaycan Yaz\u0131\u00e7\u0131lar v\u0259 Jurnalistl\u0259r Birlikl\u0259rinin \u00fczv\u00fc, Az\u0259rbaycan Respublikas\u0131 Prezidenti T\u0259qa\u00fcd Fondunun t\u0259qa\u00fcd\u00e7\u00fcs\u00fc, \u201cAzad q\u0259l\u0259m\u201d \u0259d\u0259bi-b\u0259dii, ictimai-publisistik q\u0259zetinin v\u0259 \u201cAli Ziya\u201d \u0259d\u0259bi-b\u0259dii, elmi-publisistik jurnal\u0131n\u0131n t\u0259sis\u00e7isi v\u0259 ba\u015f redaktoru, Az\u0259rbaycanl\u0131 \u015fair\u0259-publisist N\u0259cib\u0259 \u0130lkinin &#8220;\u015e\u0259hid qoxuyur pay\u0131z&#8221; adl\u0131 \u015feiri \u201cT\u00fcrkay\u201d ayl\u0131q \u0259d\u0259biyyat d\u0259rgisinin \u0130yun say\u0131nda i\u015f\u0131q \u00fcz\u00fc g\u00f6r\u00fcb http:\/\/hecetaslari.com\/turkaydergisi\/turkay1sayi6iyun2023.pdf Az\u0259rbaycan\u0131n M\u0259d\u0259niyy\u0259t v\u0259 \u018fd\u0259biyyat Portal\u0131n\u0131n M\u0259tbuat xidm\u0259ti v\u0259 \u0130ctimaiyy\u0259tl\u0259 [&hellip;]<\/p>\n","protected":false},"author":2,"featured_media":0,"comment_status":"open","ping_status":"open","sticky":false,"template":"","format":"standard","meta":{"footnotes":""},"categories":[49],"tags":[],"class_list":["post-46540","post","type-post","status-publish","format-standard","hentry","category-medeniyyat"],"_links":{"self":[{"href":"http:\/\/edebiyyat-az.com\/index.php?rest_route=\/wp\/v2\/posts\/46540","targetHints":{"allow":["GET"]}}],"collection":[{"href":"http:\/\/edebiyyat-az.com\/index.php?rest_route=\/wp\/v2\/posts"}],"about":[{"href":"http:\/\/edebiyyat-az.com\/index.php?rest_route=\/wp\/v2\/types\/post"}],"author":[{"embeddable":true,"href":"http:\/\/edebiyyat-az.com\/index.php?rest_route=\/wp\/v2\/users\/2"}],"replies":[{"embeddable":true,"href":"http:\/\/edebiyyat-az.com\/index.php?rest_route=%2Fwp%2Fv2%2Fcomments&post=46540"}],"version-history":[{"count":1,"href":"http:\/\/edebiyyat-az.com\/index.php?rest_route=\/wp\/v2\/posts\/46540\/revisions"}],"predecessor-version":[{"id":46547,"href":"http:\/\/edebiyyat-az.com\/index.php?rest_route=\/wp\/v2\/posts\/46540\/revisions\/46547"}],"wp:attachment":[{"href":"http:\/\/edebiyyat-az.com\/index.php?rest_route=%2Fwp%2Fv2%2Fmedia&parent=46540"}],"wp:term":[{"taxonomy":"category","embeddable":true,"href":"http:\/\/edebiyyat-az.com\/index.php?rest_route=%2Fwp%2Fv2%2Fcategories&post=46540"},{"taxonomy":"post_tag","embeddable":true,"href":"http:\/\/edebiyyat-az.com\/index.php?rest_route=%2Fwp%2Fv2%2Ftags&post=46540"}],"curies":[{"name":"wp","href":"https:\/\/api.w.org\/{rel}","templated":true}]}}