{"id":46713,"date":"2023-06-20T08:00:00","date_gmt":"2023-06-20T04:00:00","guid":{"rendered":"https:\/\/edebiyyat-az.com\/?p=46713"},"modified":"2023-06-20T08:07:04","modified_gmt":"2023-06-20T04:07:04","slug":"umummilli-lider-heyd%c9%99r-%c9%99liyev%c9%99-h%c9%99sr-edilmis-%c9%99b%c9%99diyy%c9%99t-dastani-kitabi-turkm%c9%99n-dilind%c9%99-n%c9%99sr-edilib","status":"publish","type":"post","link":"http:\/\/edebiyyat-az.com\/?p=46713","title":{"rendered":"\u00dcmummilli Lider Heyd\u0259r \u018fliyev\u0259 h\u0259sr edilmi\u015f \u201c\u018fb\u0259diyy\u0259t dastan\u0131\u201d kitab\u0131 t\u00fcrkm\u0259n dilind\u0259 n\u0259\u015fr edilib"},"content":{"rendered":"\n<figure class=\"wp-block-image size-large is-resized\"><img loading=\"lazy\" decoding=\"async\" src=\"https:\/\/edebiyyatveincesenet.az\/media\/k2\/items\/cache\/45f383b4285f96a4fd537ebe79cbc83b_XL.jpg\" alt=\"\" width=\"702\" height=\"504\"\/><\/figure>\n\n\n\n<p><strong>\u201cHeyd\u0259r \u018fliyev \u0130li\u201d \u00e7\u0259r\u00e7iv\u0259sind\u0259 Az\u0259rbaycan\u0131n T\u00fcrkm\u0259nistandak\u0131 s\u0259firliyi silsil\u0259 t\u0259dbirl\u0259r ke\u00e7irir. Bu t\u0259dbirl\u0259r s\u0131ras\u0131na Az\u0259rbaycan\u0131n Xalq \u015fairi Z\u0259limxan Yaqubun \u00dcmummilli Lider Heyd\u0259r \u018fliyev\u0259 h\u0259sr etdiyi \u201c\u018fb\u0259diyy\u0259t dastan\u0131\u201d poemalar kitab\u0131n\u0131n t\u00fcrkm\u0259n dilin\u0259 (Ebedilik dessany) t\u0259rc\u00fcm\u0259 etdiril\u0259r\u0259k, n\u0259fis \u015f\u0259kild\u0259 \u00e7ap edilm\u0259si d\u0259 daxildir.&nbsp;<\/strong><\/p>\n\n\n\n<p>\u0130yunun 15-d\u0259 s\u0259firlikd\u0259 Az\u0259rbaycan xalq\u0131n\u0131n Milli Qurtulu\u015f G\u00fcn\u00fcnd\u0259 kitab\u0131n t\u00fcrkm\u0259n dilind\u0259 yeni n\u0259\u015frinin t\u0259qdimat\u0131 ke\u00e7irilib.<\/p>\n\n\n\n<p>T\u0259dbird\u0259 \u00e7\u0131x\u0131\u015f ed\u0259n s\u0259fir H\u0259s\u0259n Zeynalov a\u00e7araq b\u00f6y\u00fck \u015f\u0259xsiyy\u0259tl\u0259r, onlar\u0131n xalq qar\u015f\u0131s\u0131nda xidm\u0259tl\u0259ri haqq\u0131nda geni\u015f ictimaiyy\u0259tin m\u0259lumatland\u0131r\u0131lmas\u0131n\u0131n \u0259n yax\u015f\u0131 \u00fcsullar\u0131n\u0131n \u0259d\u0259bi, b\u0259dii v\u0259 yarad\u0131c\u0131 vasit\u0259l\u0259r oldu\u011funu bildirib.&nbsp;<\/p>\n\n\n\n<p>Diplomat kitabda \u201cB\u00f6y\u00fck \u00f6mr\u00fcn dastan\u0131\u201d v\u0259 \u201cB\u00f6y\u00fck \u00f6mr\u00fcn davam\u0131\u201d poemalar\u0131n\u0131n topland\u0131\u011f\u0131n\u0131, bu \u0259d\u0259bi n\u00fcmun\u0259l\u0259rd\u0259 Az\u0259rbaycan \u0259d\u0259biyyat\u0131na m\u0259xsus m\u00fcxt\u0259lif \u015fer janrlar\u0131n\u0131n yer ald\u0131\u011f\u0131n\u0131 qeyd edib. Kitab Heyd\u0259r \u018fliyev haqq\u0131nda unudulmaz xatir\u0259, elegiyad\u0131r. Kitab t\u0259rc\u00fcm\u0259 olunark\u0259n xalqlar\u0131m\u0131z\u0131n eyni soyk\u00f6k\u0259, dil\u0259 v\u0259 m\u0259d\u0259niyy\u0259t\u0259 sahib olduqlar\u0131 t\u00fcrkm\u0259n oxuculara bir daha \u0259yani \u015f\u0259kild\u0259 \u00e7atd\u0131r\u0131l\u0131b.&nbsp;<\/p>\n\n\n\n<p>S\u0259fir, bu kitab vasit\u0259sil\u0259 qarda\u015f t\u00fcrkm\u0259n oxucular\u0131n\u0131n Heyd\u0259r \u018fliyevin h\u0259yat\u0131, f\u0259aliyy\u0259ti v\u0259 \u015f\u0259xsiyy\u0259ti il\u0259 daha yax\u0131ndan tan\u0131\u015f olacaqlar\u0131na \u0259minliyini ifad\u0259 edib.<\/p>\n\n\n\n<p>Qeyd olunub ki, h\u0259yat\u0131n\u0131 \u00fclvi v\u0259 b\u00f6y\u00fck m\u0259qs\u0259dl\u0259r\u0259 h\u0259sr etmi\u015f Heyd\u0259r \u018fliyev\u0259 h\u0259sr olunmu\u015f bu kitab Az\u0259rbaycan-T\u00fcrkm\u0259n qarda\u015fl\u0131q \u0259laq\u0259l\u0259rinin inki\u015faf\u0131na \u00f6z\u00fcn\u0259m\u0259xsus t\u00f6hf\u0259 ver\u0259c\u0259k.<\/p>\n\n\n\n<p>T\u00fcrkm\u0259nistanl\u0131 \u015fair Akmurad R\u0259c\u0259bov v\u0259 s\u0259firliyin m\u00fc\u015faviri Mikay\u0131l Yusifov t\u0259r\u0259find\u0259n t\u0259rc\u00fcm\u0259 edilmi\u015f kitabda Az\u0259rbaycan\u0131n Xalq r\u0259ssam\u0131 Arif H\u00fcseynovun ill\u00fcstrativ \u0259s\u0259rl\u0259rind\u0259n istifad\u0259 edilib.<\/p>\n\n\n\n<p>N\u0259z\u0259r\u0259 \u00e7atd\u0131r\u0131l\u0131b ki, kitab\u0131n n\u00fcsx\u0259l\u0259rinin geni\u015f oxucu k\u00fctl\u0259sin\u0259 \u00e7atd\u0131r\u0131lmas\u0131 \u00fc\u00e7\u00fcn T\u00fcrkm\u0259nistan\u0131n M\u0259rk\u0259zi Kitabxanas\u0131 vasit\u0259sil\u0259 \u00f6lk\u0259nin b\u00fct\u00fcn kitabxanalar\u0131na paylanacaq. \u0130lk n\u00fcsx\u0259si is\u0259 T\u00fcrkm\u0259nistan\u0131n xarici i\u015fl\u0259r nazirin\u0259 t\u0259qdim edilib.<\/p>\n\n\n\n<p>\u00c7\u0131x\u0131\u015flardan sonra kitab\u0131n bir ne\u00e7\u0259 n\u00fcsx\u0259si t\u0259dbir i\u015ftirak\u00e7\u0131lar\u0131na t\u0259qdim edilib, b\u0259zi \u015fer n\u00fcmun\u0259l\u0259ri qira\u0259t\u00e7il\u0259r t\u0259r\u0259find\u0259n s\u0259sl\u0259ndirilib.<\/p>\n\n\n\n<p>\u201c\u018fd\u0259biyyat v\u0259 inc\u0259s\u0259n\u0259t\u201d<\/p>\n\n\n\n<p>(16.06.2023)<\/p>\n\n\n\n<p><strong>M\u0259nb\u0259: <a href=\"https:\/\/edebiyyatveincesenet.az\/\">https:\/\/edebiyyatveincesenet.az\/<\/a><\/strong><\/p>\n","protected":false},"excerpt":{"rendered":"<p>\u201cHeyd\u0259r \u018fliyev \u0130li\u201d \u00e7\u0259r\u00e7iv\u0259sind\u0259 Az\u0259rbaycan\u0131n T\u00fcrkm\u0259nistandak\u0131 s\u0259firliyi silsil\u0259 t\u0259dbirl\u0259r ke\u00e7irir. Bu t\u0259dbirl\u0259r s\u0131ras\u0131na Az\u0259rbaycan\u0131n Xalq \u015fairi Z\u0259limxan Yaqubun \u00dcmummilli Lider Heyd\u0259r \u018fliyev\u0259 h\u0259sr etdiyi \u201c\u018fb\u0259diyy\u0259t dastan\u0131\u201d poemalar kitab\u0131n\u0131n t\u00fcrkm\u0259n dilin\u0259 (Ebedilik dessany) t\u0259rc\u00fcm\u0259 etdiril\u0259r\u0259k, n\u0259fis \u015f\u0259kild\u0259 \u00e7ap edilm\u0259si d\u0259 daxildir.&nbsp; \u0130yunun 15-d\u0259 s\u0259firlikd\u0259 Az\u0259rbaycan xalq\u0131n\u0131n Milli Qurtulu\u015f G\u00fcn\u00fcnd\u0259 kitab\u0131n t\u00fcrkm\u0259n dilind\u0259 yeni n\u0259\u015frinin t\u0259qdimat\u0131 ke\u00e7irilib. [&hellip;]<\/p>\n","protected":false},"author":2,"featured_media":0,"comment_status":"open","ping_status":"open","sticky":false,"template":"","format":"standard","meta":{"footnotes":""},"categories":[49],"tags":[],"class_list":["post-46713","post","type-post","status-publish","format-standard","hentry","category-medeniyyat"],"_links":{"self":[{"href":"http:\/\/edebiyyat-az.com\/index.php?rest_route=\/wp\/v2\/posts\/46713","targetHints":{"allow":["GET"]}}],"collection":[{"href":"http:\/\/edebiyyat-az.com\/index.php?rest_route=\/wp\/v2\/posts"}],"about":[{"href":"http:\/\/edebiyyat-az.com\/index.php?rest_route=\/wp\/v2\/types\/post"}],"author":[{"embeddable":true,"href":"http:\/\/edebiyyat-az.com\/index.php?rest_route=\/wp\/v2\/users\/2"}],"replies":[{"embeddable":true,"href":"http:\/\/edebiyyat-az.com\/index.php?rest_route=%2Fwp%2Fv2%2Fcomments&post=46713"}],"version-history":[{"count":1,"href":"http:\/\/edebiyyat-az.com\/index.php?rest_route=\/wp\/v2\/posts\/46713\/revisions"}],"predecessor-version":[{"id":46720,"href":"http:\/\/edebiyyat-az.com\/index.php?rest_route=\/wp\/v2\/posts\/46713\/revisions\/46720"}],"wp:attachment":[{"href":"http:\/\/edebiyyat-az.com\/index.php?rest_route=%2Fwp%2Fv2%2Fmedia&parent=46713"}],"wp:term":[{"taxonomy":"category","embeddable":true,"href":"http:\/\/edebiyyat-az.com\/index.php?rest_route=%2Fwp%2Fv2%2Fcategories&post=46713"},{"taxonomy":"post_tag","embeddable":true,"href":"http:\/\/edebiyyat-az.com\/index.php?rest_route=%2Fwp%2Fv2%2Ftags&post=46713"}],"curies":[{"name":"wp","href":"https:\/\/api.w.org\/{rel}","templated":true}]}}